{"id":1967,"date":"2020-07-24T21:53:59","date_gmt":"2020-07-24T19:53:59","guid":{"rendered":"https:\/\/www.autismeurope.org\/easy-to-read\/fr\/?p=1967"},"modified":"2020-07-24T21:54:00","modified_gmt":"2020-07-24T19:54:00","slug":"decision-importante-du-parlement-europeen-sur-les-droits-des-personnes-handicapees-version-facile-a-lire-realisee-par-inclusion-europe","status":"publish","type":"post","link":"https:\/\/www.autismeurope.org\/easy-to-read\/fr\/2020\/07\/24\/decision-importante-du-parlement-europeen-sur-les-droits-des-personnes-handicapees-version-facile-a-lire-realisee-par-inclusion-europe\/","title":{"rendered":"D\u00e9cision importante du Parlement europ\u00e9en sur les droits des personnes handicap\u00e9es (version facile \u00e0 lire r\u00e9alis\u00e9e par Inclusion Europe)"},"content":{"rendered":"","protected":false},"excerpt":{"rendered":"","protected":false},"author":32,"featured_media":0,"comment_status":"closed","ping_status":"closed","sticky":false,"template":"","format":"standard","meta":{"_acf_changed":false,"_bbp_topic_count":0,"_bbp_reply_count":0,"_bbp_total_topic_count":0,"_bbp_total_reply_count":0,"_bbp_voice_count":0,"_bbp_anonymous_reply_count":0,"_bbp_topic_count_hidden":0,"_bbp_reply_count_hidden":0,"_bbp_forum_subforum_count":0,"footnotes":""},"categories":[2],"tags":[],"class_list":["post-1967","post","type-post","status-publish","format-standard","hentry","category-non-classifiee"],"acf":[],"_links":{"self":[{"href":"https:\/\/www.autismeurope.org\/easy-to-read\/fr\/wp-json\/wp\/v2\/posts\/1967","targetHints":{"allow":["GET"]}}],"collection":[{"href":"https:\/\/www.autismeurope.org\/easy-to-read\/fr\/wp-json\/wp\/v2\/posts"}],"about":[{"href":"https:\/\/www.autismeurope.org\/easy-to-read\/fr\/wp-json\/wp\/v2\/types\/post"}],"author":[{"embeddable":true,"href":"https:\/\/www.autismeurope.org\/easy-to-read\/fr\/wp-json\/wp\/v2\/users\/32"}],"replies":[{"embeddable":true,"href":"https:\/\/www.autismeurope.org\/easy-to-read\/fr\/wp-json\/wp\/v2\/comments?post=1967"}],"version-history":[{"count":3,"href":"https:\/\/www.autismeurope.org\/easy-to-read\/fr\/wp-json\/wp\/v2\/posts\/1967\/revisions"}],"predecessor-version":[{"id":1970,"href":"https:\/\/www.autismeurope.org\/easy-to-read\/fr\/wp-json\/wp\/v2\/posts\/1967\/revisions\/1970"}],"wp:attachment":[{"href":"https:\/\/www.autismeurope.org\/easy-to-read\/fr\/wp-json\/wp\/v2\/media?parent=1967"}],"wp:term":[{"taxonomy":"category","embeddable":true,"href":"https:\/\/www.autismeurope.org\/easy-to-read\/fr\/wp-json\/wp\/v2\/categories?post=1967"},{"taxonomy":"post_tag","embeddable":true,"href":"https:\/\/www.autismeurope.org\/easy-to-read\/fr\/wp-json\/wp\/v2\/tags?post=1967"}],"curies":[{"name":"wp","href":"https:\/\/api.w.org\/{rel}","templated":true}]}}