{"id":2266,"date":"2020-12-19T01:42:37","date_gmt":"2020-12-19T00:42:37","guid":{"rendered":"https:\/\/www.autismeurope.org\/easy-to-read\/fr\/?p=2266"},"modified":"2020-12-19T01:42:38","modified_gmt":"2020-12-19T00:42:38","slug":"un-evenement-organise-a-loccasion-de-la-journee-des-personnes-handicapees","status":"publish","type":"post","link":"https:\/\/www.autismeurope.org\/easy-to-read\/fr\/2020\/12\/19\/un-evenement-organise-a-loccasion-de-la-journee-des-personnes-handicapees\/","title":{"rendered":"Un \u00e9v\u00e9nement organis\u00e9 \u00e0 l\u2019occasion de la Journ\u00e9e des personnes handicap\u00e9es"},"content":{"rendered":"","protected":false},"excerpt":{"rendered":"","protected":false},"author":32,"featured_media":0,"comment_status":"closed","ping_status":"closed","sticky":false,"template":"","format":"standard","meta":{"_acf_changed":false,"_bbp_topic_count":0,"_bbp_reply_count":0,"_bbp_total_topic_count":0,"_bbp_total_reply_count":0,"_bbp_voice_count":0,"_bbp_anonymous_reply_count":0,"_bbp_topic_count_hidden":0,"_bbp_reply_count_hidden":0,"_bbp_forum_subforum_count":0,"footnotes":""},"categories":[2],"tags":[],"class_list":["post-2266","post","type-post","status-publish","format-standard","hentry","category-non-classifiee"],"acf":[],"_links":{"self":[{"href":"https:\/\/www.autismeurope.org\/easy-to-read\/fr\/wp-json\/wp\/v2\/posts\/2266","targetHints":{"allow":["GET"]}}],"collection":[{"href":"https:\/\/www.autismeurope.org\/easy-to-read\/fr\/wp-json\/wp\/v2\/posts"}],"about":[{"href":"https:\/\/www.autismeurope.org\/easy-to-read\/fr\/wp-json\/wp\/v2\/types\/post"}],"author":[{"embeddable":true,"href":"https:\/\/www.autismeurope.org\/easy-to-read\/fr\/wp-json\/wp\/v2\/users\/32"}],"replies":[{"embeddable":true,"href":"https:\/\/www.autismeurope.org\/easy-to-read\/fr\/wp-json\/wp\/v2\/comments?post=2266"}],"version-history":[{"count":2,"href":"https:\/\/www.autismeurope.org\/easy-to-read\/fr\/wp-json\/wp\/v2\/posts\/2266\/revisions"}],"predecessor-version":[{"id":2268,"href":"https:\/\/www.autismeurope.org\/easy-to-read\/fr\/wp-json\/wp\/v2\/posts\/2266\/revisions\/2268"}],"wp:attachment":[{"href":"https:\/\/www.autismeurope.org\/easy-to-read\/fr\/wp-json\/wp\/v2\/media?parent=2266"}],"wp:term":[{"taxonomy":"category","embeddable":true,"href":"https:\/\/www.autismeurope.org\/easy-to-read\/fr\/wp-json\/wp\/v2\/categories?post=2266"},{"taxonomy":"post_tag","embeddable":true,"href":"https:\/\/www.autismeurope.org\/easy-to-read\/fr\/wp-json\/wp\/v2\/tags?post=2266"}],"curies":[{"name":"wp","href":"https:\/\/api.w.org\/{rel}","templated":true}]}}