{"id":46849,"global_id":"www.autismeurope.org\/fr?id=46849","global_id_lineage":["www.autismeurope.org\/fr?id=46849"],"author":"32","status":"publish","date":"2022-06-08 16:27:21","date_utc":"2022-06-08 14:27:21","modified":"2022-07-11 11:28:18","modified_utc":"2022-07-11 09:28:18","url":"https:\/\/www.autismeurope.org\/fr\/event\/conference-autism-friendly-spaces-the-employability-twist\/","rest_url":"https:\/\/www.autismeurope.org\/fr\/wp-json\/tribe\/events\/v1\/events\/46849","title":"Conference Autism Friendly Spaces: The employability twist","description":"<p><span style=\"font-size: 12pt\">The organisation \u00ab\u00a0PLOES\u00a0\u00bb E.Psy.Me. invites you to the <strong>awareness and information conference<\/strong> on the employability of autistic adults as a part of the European Project <strong>\u00ab\u00a0Autism Friendly Spaces: The employability twist, creating and supporting a working environment.\u201d<\/strong><\/span><\/p>\n<p><span style=\"font-size: 12pt\">The conference will be on a hybrid format (in person and online) on <strong>Wednesday 22nd of June 2022 from 9:30 to 15:00 EET<\/strong> at SEV \u2013 Hellenic Federation of Enterprises.<\/span><\/p>\n<p><span style=\"font-size: 12pt\">Please note that, <strong>if attending online, the event takes place from 9.30 to 14:00 EET (8.30 to 13:00 CET)\u00a0<\/strong><\/span><\/p>\n<p><span style=\"font-size: 12pt\"><strong><a href=\"https:\/\/www.autismeurope.org\/wp-content\/uploads\/2022\/06\/Agenda-AFS-ME1-Agenda-1.pdf\" target=\"_blank\" rel=\"noopener\">See the agenda here<\/a><\/strong><\/span><\/p>\n<p><span style=\"font-size: 12pt\"><strong>More information:<\/strong><\/span><\/p>\n<p><span style=\"font-size: 12pt\">For organisational purposes, please confirm your participation by <a href=\"https:\/\/docs.google.com\/forms\/d\/1kErRn-PVyciEFX5Qna7CFl345TulJy6qsX0PnNIZRJs\/viewform?ts=629f1150&amp;edit_requested=true\" target=\"_blank\" rel=\"noopener\">clicking on this link<\/a> and register before June 17th so you can receive the link for the conference.<\/span><\/p>\n<p><strong><span style=\"font-size: 12pt\">French translation:<\/span><\/strong><\/p>\n<p><span style=\"font-size: 12pt\">L\u2019organisation \u201cPLOES\u201d E.Psy.Me. vous invite \u00e0 la con you to the\u00a0<b>Conf\u00e9rence de sensibilisation et d&rsquo;information\u00a0<\/b>sur l&#8217;employabilit\u00e9 des adultes autistes dans le cadre du projet europ\u00e9en<b>\u00a0\u00ab\u00a0Autism Friendly Spaces : The employability twist, creating and supporting a working environment\u00a0\u00bb (Autism Friendly Spaces\u00a0: cr\u00e9er et soutenir un environnement de travail ad\u00e9quat pour favoriser l\u2019employabilit\u00e9).\u00a0<\/b><\/span><\/p>\n<p><span style=\"font-size: 12pt\">La conf\u00e9rence se tiendra sous un format hybride (en pr\u00e9sentiel et en ligne) le mercredi\u00a0<b>22 juin 2022 de 9h30 \u00e0 15h00 EET au SEV<\/b>\u00a0&#8211; F\u00e9d\u00e9ration hell\u00e9nique des entreprises.\u00a0<\/span><\/p>\n<p><span style=\"font-size: 12pt\">Veuillez noter que, si vous participez en ligne,\u00a0<b>l&rsquo;\u00e9v\u00e9nement aura lieu de 9h30 \u00e0 14h00 EET\u00a0<\/b>(8h30 \u00e0 13h00 CET). \u00a0<\/span><\/p>\n<p><span style=\"font-size: 12pt\"><b><a href=\"https:\/\/www.autismeurope.org\/wp-content\/uploads\/2022\/06\/Agenda-AFS-ME1-Agenda-1.pdf\" target=\"_blank\" rel=\"noopener noreferrer\" data-auth=\"NotApplicable\" data-linkindex=\"0\">Consulter le programme<\/a><\/b>\u00a0<\/span><\/p>\n<p><span style=\"font-size: 12pt\"><b>En savoir plus :<\/b>\u00a0<\/span><\/p>\n<p><span style=\"font-size: 12pt\">Pour des raisons d&rsquo;organisation, veuillez confirmer votre participation en cliquant sur\u00a0<span lang=\"EN-US\"><a href=\"https:\/\/docs.google.com\/forms\/d\/1kErRn-PVyciEFX5Qna7CFl345TulJy6qsX0PnNIZRJs\/viewform?ts=629f1150&amp;edit_requested=true\" target=\"_blank\" rel=\"noopener noreferrer\" data-auth=\"NotApplicable\" data-linkindex=\"1\"><span lang=\"FR-BE\">ce lien<\/span><\/a><\/span><span lang=\"EN-US\">\u00a0<\/span>avant le 17 juin.\u00a0<\/span><\/p>","excerpt":"","slug":"conference-autism-friendly-spaces-the-employability-twist","image":{"url":"https:\/\/www.autismeurope.org\/wp-content\/uploads\/2022\/06\/INVITATION-ENGL-scaled.jpg","id":46850,"extension":"jpg","width":2560,"height":1440,"sizes":{"medium":{"width":300,"height":169,"mime-type":"image\/jpeg","url":"https:\/\/www.autismeurope.org\/wp-content\/uploads\/2022\/06\/INVITATION-ENGL-300x169.jpg"},"large":{"width":1024,"height":576,"mime-type":"image\/jpeg","url":"https:\/\/www.autismeurope.org\/wp-content\/uploads\/2022\/06\/INVITATION-ENGL-1024x576.jpg"},"thumbnail":{"width":150,"height":150,"mime-type":"image\/jpeg","url":"https:\/\/www.autismeurope.org\/wp-content\/uploads\/2022\/06\/INVITATION-ENGL-150x150.jpg"},"medium_large":{"width":768,"height":432,"mime-type":"image\/jpeg","url":"https:\/\/www.autismeurope.org\/wp-content\/uploads\/2022\/06\/INVITATION-ENGL-768x432.jpg"},"1536x1536":{"width":1536,"height":864,"mime-type":"image\/jpeg","url":"https:\/\/www.autismeurope.org\/wp-content\/uploads\/2022\/06\/INVITATION-ENGL-1536x864.jpg"},"2048x2048":{"width":2048,"height":1152,"mime-type":"image\/jpeg","url":"https:\/\/www.autismeurope.org\/wp-content\/uploads\/2022\/06\/INVITATION-ENGL-2048x1152.jpg"},"autismeurope-featured-image":{"width":2000,"height":1200,"mime-type":"image\/jpeg","url":"https:\/\/www.autismeurope.org\/wp-content\/uploads\/2022\/06\/INVITATION-ENGL-2000x1200.jpg"},"autismeurope-thumbnail-avatar":{"width":100,"height":100,"mime-type":"image\/jpeg","url":"https:\/\/www.autismeurope.org\/wp-content\/uploads\/2022\/06\/INVITATION-ENGL-100x100.jpg"}},"original_image":"INVITATION-ENGL.jpg"},"all_day":false,"start_date":"2022-06-22 08:30:00","start_date_details":{"year":"2022","month":"06","day":"22","hour":"08","minutes":"30","seconds":"00"},"end_date":"2022-06-22 13:00:00","end_date_details":{"year":"2022","month":"06","day":"22","hour":"13","minutes":"00","seconds":"00"},"utc_start_date":"2022-06-22 06:30:00","utc_start_date_details":{"year":"2022","month":"06","day":"22","hour":"06","minutes":"30","seconds":"00"},"utc_end_date":"2022-06-22 11:00:00","utc_end_date_details":{"year":"2022","month":"06","day":"22","hour":"11","minutes":"00","seconds":"00"},"timezone":"Europe\/Brussels","timezone_abbr":"CEST","cost":"","cost_details":{"currency_symbol":"","currency_code":"","currency_position":"prefix","values":[]},"website":"https:\/\/docs.google.com\/forms\/d\/1kErRn-PVyciEFX5Qna7CFl345TulJy6qsX0PnNIZRJs\/viewform?ts=629f1150&amp;edit_requested=true","show_map":true,"show_map_link":true,"hide_from_listings":false,"sticky":false,"featured":false,"categories":[],"tags":[],"venue":{"id":31930,"author":"32","status":"publish","date":"2019-06-11 15:47:47","date_utc":"2019-06-11 13:47:47","modified":"2019-06-11 15:47:47","modified_utc":"2019-06-11 13:47:47","url":"https:\/\/www.autismeurope.org\/fr\/lieu\/online\/","venue":"Online","slug":"online","json_ld":{"@type":"Place","name":"Online","description":"","url":"","address":{"@type":"PostalAddress"},"telephone":"","sameAs":""},"show_map":true,"show_map_link":true,"global_id":"www.autismeurope.org\/fr?id=31930","global_id_lineage":["www.autismeurope.org\/fr?id=31930"]},"organizer":[{"id":46852,"author":"32","status":"publish","date":"2022-06-08 16:27:22","date_utc":"2022-06-08 14:27:22","modified":"2022-06-08 16:27:22","modified_utc":"2022-06-08 14:27:22","url":"https:\/\/www.autismeurope.org\/fr\/organisateur\/ploes-e-psy-me\/","organizer":"PLOES\u00a0\u00bb E.Psy.Me.","slug":"ploes-e-psy-me","email":"info@ploes.org.gr (Cc Ms Anthi Papanikolaou)","json_ld":{"@type":"Person","name":"PLOES\u00a0\u00bb E.Psy.Me.","description":"","url":"","telephone":"","email":"&#105;nf&#111;&#64;plo&#101;&#115;&#46;&#111;&#114;g.gr &#40;&#67;c&#32;&#77;&#115;&#32;&#65;nt&#104;i &#80;&#97;panik&#111;l&#97;&#111;u)","sameAs":""},"global_id":"www.autismeurope.org\/fr?id=46852","global_id_lineage":["www.autismeurope.org\/fr?id=46852"]}],"custom_fields":[],"json_ld":{"@context":"http:\/\/schema.org","@type":"Event","name":"Conference Autism Friendly Spaces: The employability twist","description":"&lt;p&gt;The organisation &quot;PLOES&quot; E.Psy.Me. invites you to the awareness and information conference on the employability of autistic adults as a part of the European Project &quot;Autism Friendly Spaces: The employability &hellip; &lt;\/p&gt;\\n&lt;p class=&quot;link-more&quot;&gt;&lt;a href=&quot;https:\/\/www.autismeurope.org\/fr\/event\/conference-autism-friendly-spaces-the-employability-twist\/&quot; class=&quot;more-link&quot;&gt;Continue reading&lt;span class=&quot;screen-reader-text&quot;&gt; &quot;Conference Autism Friendly Spaces: The employability twist&quot;&lt;\/span&gt;&lt;\/a&gt;&lt;\/p&gt;\\n","image":"https:\/\/www.autismeurope.org\/wp-content\/uploads\/2022\/06\/INVITATION-ENGL-scaled.jpg","url":"https:\/\/www.autismeurope.org\/fr\/event\/conference-autism-friendly-spaces-the-employability-twist\/","eventAttendanceMode":"https:\/\/schema.org\/OfflineEventAttendanceMode","eventStatus":"https:\/\/schema.org\/EventScheduled","startDate":"2022-06-22T08:30:00+02:00","endDate":"2022-06-22T13:00:00+02:00","location":{"@type":"Place","name":"Online","description":"","url":"","address":{"@type":"PostalAddress"},"telephone":"","sameAs":""},"organizer":{"@type":"Person","name":"PLOES\u00a0\u00bb E.Psy.Me.","description":"","url":"","telephone":"","email":"inf&#111;&#64;&#112;&#108;o&#101;s&#46;&#111;&#114;g.gr&#32;&#40;&#67;c &#77;&#115;&#32;&#65;nt&#104;i&#32;&#80;ap&#97;&#110;i&#107;&#111;&#108;aou)","sameAs":""},"performer":"Organization"}}