{"id":1162,"date":"2017-05-30T10:35:38","date_gmt":"2017-05-30T08:35:38","guid":{"rendered":"http:\/\/autismeurope.akimedia.eu\/fr\/?p=1162"},"modified":"2018-08-13T12:51:04","modified_gmt":"2018-08-13T10:51:04","slug":"inside-im-racing-un-court-metrage-mettant-en-scene-un-garcon-autiste-qui-va-mettre-sa-passion-a-lepreuve","status":"publish","type":"post","link":"https:\/\/www.autismeurope.org\/fr\/blog\/2017\/05\/30\/inside-im-racing-un-court-metrage-mettant-en-scene-un-garcon-autiste-qui-va-mettre-sa-passion-a-lepreuve\/","title":{"rendered":"\u00ab Inside I\u2019m Racing \u00bb, un court-m\u00e9trage mettant en sc\u00e8ne un gar\u00e7on autiste qui va mettre sa passion \u00e0 l\u2019\u00e9preuve"},"content":{"rendered":"<p><img loading=\"lazy\" decoding=\"async\" class=\"aligncenter size-full wp-image-638\" src=\"http:\/\/autismeurope.akimedia.eu\/wp-content\/uploads\/2017\/07\/Inside-_Im-racing_poster_film_1.png\" alt=\"\" width=\"453\" height=\"640\" srcset=\"https:\/\/www.autismeurope.org\/wp-content\/uploads\/2017\/07\/Inside-_Im-racing_poster_film_1.png 453w, https:\/\/www.autismeurope.org\/wp-content\/uploads\/2017\/07\/Inside-_Im-racing_poster_film_1-212x300.png 212w\" sizes=\"auto, (max-width: 453px) 100vw, 453px\" \/><\/p>\n<p>&nbsp;<\/p>\n<p>\u00ab Inside I\u2019m Racing \u00bb (\u00e0 l\u2019int\u00e9rieur, je suis pilote de course, trad. non officielle), met en sc\u00e8ne l\u2019histoire d\u2019un gar\u00e7on de 15 ans avec autisme, fascin\u00e9 par les voitures de course, \u00e0 qui l\u2019occasion est donn\u00e9e de mettre sa passion \u00e0 l\u2019\u00e9preuve. Implant\u00e9e sur le circuit automobile international de Mondelo, cette production de grande envergure d\u00e9montre l\u2019ambition pr\u00e9coce de Wildflower Pictures. R\u00e9alis\u00e9 par Aleksander Szeser et produit par Aidan Whelan, ce court-m\u00e9trage mettant en sc\u00e8ne le jeune talent irlandais Ethan Dodd s\u2019articule autour du message \u00ab quand la passion est un moteur \u00bb.<\/p>\n<p>Wildflower Pictures, une entreprise bas\u00e9e \u00e0 Dublin, d\u00e9veloppe des projets uniques \u00e0 travers la production, la distribution et l\u2019exposition dans les festivals de films. Elle produit des films extraordinaires, ambitieux, innovants, mettant en sc\u00e8ne des talents et herbe et confirm\u00e9s, et dans lesquels on peut facilement s\u2019identifier.<\/p>\n<p>&nbsp;<\/p>\n<blockquote><p><span style=\"font-size: 12pt\"><strong><a href=\"https:\/\/www.wildflowerpictures.ie\/project\/inside-im-racing\">En savoir plus\u00a0<\/a><\/strong><\/span><\/p><\/blockquote>\n<p>&nbsp;<\/p>\n","protected":false},"excerpt":{"rendered":"<p>&nbsp; \u00ab Inside I\u2019m Racing \u00bb (\u00e0 l\u2019int\u00e9rieur, je suis pilote de course, trad. non officielle), met en sc\u00e8ne l\u2019histoire d\u2019un gar\u00e7on de 15 ans avec autisme, fascin\u00e9 par les &hellip; <\/p>\n<p class=\"link-more\"><a href=\"https:\/\/www.autismeurope.org\/fr\/blog\/2017\/05\/30\/inside-im-racing-un-court-metrage-mettant-en-scene-un-garcon-autiste-qui-va-mettre-sa-passion-a-lepreuve\/\" class=\"more-link\">Continue reading<span class=\"screen-reader-text\"> \u00ab\u00a0\u00ab Inside I\u2019m Racing \u00bb, un court-m\u00e9trage mettant en sc\u00e8ne un gar\u00e7on autiste qui va mettre sa passion \u00e0 l\u2019\u00e9preuve\u00a0\u00bb<\/span><\/a><\/p>\n","protected":false},"author":32,"featured_media":637,"comment_status":"closed","ping_status":"closed","sticky":false,"template":"","format":"standard","meta":{"_acf_changed":false,"_bbp_topic_count":0,"_bbp_reply_count":0,"_bbp_total_topic_count":0,"_bbp_total_reply_count":0,"_bbp_voice_count":0,"_bbp_anonymous_reply_count":0,"_bbp_topic_count_hidden":0,"_bbp_reply_count_hidden":0,"_bbp_forum_subforum_count":0,"footnotes":""},"categories":[95],"tags":[2766,2772],"class_list":["post-1162","post","type-post","status-publish","format-standard","has-post-thumbnail","hentry","category-news-fr","tag-lifestyle-fr","tag-sensibilisation"],"acf":[],"_links":{"self":[{"href":"https:\/\/www.autismeurope.org\/fr\/wp-json\/wp\/v2\/posts\/1162","targetHints":{"allow":["GET"]}}],"collection":[{"href":"https:\/\/www.autismeurope.org\/fr\/wp-json\/wp\/v2\/posts"}],"about":[{"href":"https:\/\/www.autismeurope.org\/fr\/wp-json\/wp\/v2\/types\/post"}],"author":[{"embeddable":true,"href":"https:\/\/www.autismeurope.org\/fr\/wp-json\/wp\/v2\/users\/32"}],"replies":[{"embeddable":true,"href":"https:\/\/www.autismeurope.org\/fr\/wp-json\/wp\/v2\/comments?post=1162"}],"version-history":[{"count":2,"href":"https:\/\/www.autismeurope.org\/fr\/wp-json\/wp\/v2\/posts\/1162\/revisions"}],"predecessor-version":[{"id":5572,"href":"https:\/\/www.autismeurope.org\/fr\/wp-json\/wp\/v2\/posts\/1162\/revisions\/5572"}],"wp:featuredmedia":[{"embeddable":true,"href":"https:\/\/www.autismeurope.org\/fr\/wp-json\/wp\/v2\/media\/637"}],"wp:attachment":[{"href":"https:\/\/www.autismeurope.org\/fr\/wp-json\/wp\/v2\/media?parent=1162"}],"wp:term":[{"taxonomy":"category","embeddable":true,"href":"https:\/\/www.autismeurope.org\/fr\/wp-json\/wp\/v2\/categories?post=1162"},{"taxonomy":"post_tag","embeddable":true,"href":"https:\/\/www.autismeurope.org\/fr\/wp-json\/wp\/v2\/tags?post=1162"}],"curies":[{"name":"wp","href":"https:\/\/api.w.org\/{rel}","templated":true}]}}