{"id":1165,"date":"2017-05-28T16:23:09","date_gmt":"2017-05-28T14:23:09","guid":{"rendered":"http:\/\/autismeurope.akimedia.eu\/fr\/?p=1165"},"modified":"2018-08-13T12:52:25","modified_gmt":"2018-08-13T10:52:25","slug":"le-feph-et-les-radiotelediffuseurs-redigent-une-proposition-commune-visant-a-ameliorer-lacces-aux-services-de-medias-audiovisuels","status":"publish","type":"post","link":"https:\/\/www.autismeurope.org\/fr\/blog\/2017\/05\/28\/le-feph-et-les-radiotelediffuseurs-redigent-une-proposition-commune-visant-a-ameliorer-lacces-aux-services-de-medias-audiovisuels\/","title":{"rendered":"Nouvelle proposition commune visant \u00e0 am\u00e9liorer l\u2019acc\u00e8s aux services de m\u00e9dias audiovisuels r\u00e9dig\u00e9e"},"content":{"rendered":"<p><img loading=\"lazy\" decoding=\"async\" class=\"aligncenter wp-image-607\" src=\"http:\/\/autismeurope.akimedia.eu\/wp-content\/uploads\/2017\/07\/EDF_EBU-UER_logos1.jpg\" alt=\"\" width=\"560\" height=\"240\" srcset=\"https:\/\/www.autismeurope.org\/wp-content\/uploads\/2017\/07\/EDF_EBU-UER_logos1.jpg 820w, https:\/\/www.autismeurope.org\/wp-content\/uploads\/2017\/07\/EDF_EBU-UER_logos1-300x129.jpg 300w, https:\/\/www.autismeurope.org\/wp-content\/uploads\/2017\/07\/EDF_EBU-UER_logos1-768x330.jpg 768w\" sizes=\"auto, (max-width: 560px) 100vw, 560px\" \/><\/p>\n<p>&nbsp;<\/p>\n<blockquote><p><strong><span style=\"font-size: 12pt\">Le Forum Europ\u00e9en des Personnes Handicap\u00e9es (FEPH), l\u2019Union europ\u00e9enne de radiot\u00e9l\u00e9diffusion (UER) et l\u2019Association des t\u00e9l\u00e9visions commerciales europ\u00e9ennes (ACT) ont r\u00e9dig\u00e9 une proposition commune visant \u00e0 am\u00e9liorer l\u2019accessibilit\u00e9 des services de m\u00e9dias audiovisuels pour les personnes handicap\u00e9es. <\/span><\/strong><\/p><\/blockquote>\n<p><span style=\"font-size: 12pt\">Les radiot\u00e9l\u00e9diffuseurs et l\u2019organisation fa\u00eeti\u00e8re du mouvement europ\u00e9en des personnes handicap\u00e9es ont conclu un accord initi\u00e9 par l\u2019eurod\u00e9put\u00e9e Petra Kammerevert, charg\u00e9e de pr\u00e9parer le rapport du Parlement europ\u00e9en sur la r\u00e9vision de la\u00a0<a href=\"https:\/\/ec.europa.eu\/digital-single-market\/en\/policies\/audiovisual-media-services\" target=\"_blank\" rel=\"noopener\">directive \u00ab services de m\u00e9dias audiovisuels\u00a0<\/a>\u00bb (SMA).<\/span><\/p>\n<p><span style=\"font-size: 12pt\">La proposition commune vise \u00e0 am\u00e9liorer les termes existants en mati\u00e8re d\u2019accessibilit\u00e9 dans l\u2019article 7 de la directive \u00ab services de m\u00e9dias audiovisuels \u00bb, actuellement r\u00e9vis\u00e9e par les l\u00e9gislateurs europ\u00e9ens. Un grand nombre de parties prenantes et de d\u00e9cideurs politiques europ\u00e9ens ont soulign\u00e9 la n\u00e9cessit\u00e9 de maintenir et d\u00e9velopper les dispositions de la directive SMA concernant l\u2019acc\u00e8s aux services.<\/span><\/p>\n<blockquote><p><span style=\"font-size: 12pt\"><strong><a href=\"http:\/\/edf-feph.us9.list-manage.com\/track\/click?u=865a5bbea1086c57a41cc876d&amp;id=3860494f04&amp;e=45937215bd\" target=\"_blank\" rel=\"noopener\">En savoir plus (en anglais)<\/a><\/strong><\/span><\/p><\/blockquote>\n","protected":false},"excerpt":{"rendered":"<p>&nbsp; Le Forum Europ\u00e9en des Personnes Handicap\u00e9es (FEPH), l\u2019Union europ\u00e9enne de radiot\u00e9l\u00e9diffusion (UER) et l\u2019Association des t\u00e9l\u00e9visions commerciales europ\u00e9ennes (ACT) ont r\u00e9dig\u00e9 une proposition commune visant \u00e0 am\u00e9liorer l\u2019accessibilit\u00e9 des &hellip; <\/p>\n<p class=\"link-more\"><a href=\"https:\/\/www.autismeurope.org\/fr\/blog\/2017\/05\/28\/le-feph-et-les-radiotelediffuseurs-redigent-une-proposition-commune-visant-a-ameliorer-lacces-aux-services-de-medias-audiovisuels\/\" class=\"more-link\">Continue reading<span class=\"screen-reader-text\"> \u00ab\u00a0Nouvelle proposition commune visant \u00e0 am\u00e9liorer l\u2019acc\u00e8s aux services de m\u00e9dias audiovisuels r\u00e9dig\u00e9e\u00a0\u00bb<\/span><\/a><\/p>\n","protected":false},"author":32,"featured_media":608,"comment_status":"closed","ping_status":"closed","sticky":false,"template":"","format":"standard","meta":{"_acf_changed":false,"_bbp_topic_count":0,"_bbp_reply_count":0,"_bbp_total_topic_count":0,"_bbp_total_reply_count":0,"_bbp_voice_count":0,"_bbp_anonymous_reply_count":0,"_bbp_topic_count_hidden":0,"_bbp_reply_count_hidden":0,"_bbp_forum_subforum_count":0,"footnotes":""},"categories":[95],"tags":[2770,2773,2771,2777],"class_list":["post-1165","post","type-post","status-publish","format-standard","has-post-thumbnail","hentry","category-news-fr","tag-actions-por-le-bien-etre","tag-partenariats-et-reseaux-europeens","tag-plaidoyer","tag-promotion-des-droits"],"acf":[],"_links":{"self":[{"href":"https:\/\/www.autismeurope.org\/fr\/wp-json\/wp\/v2\/posts\/1165","targetHints":{"allow":["GET"]}}],"collection":[{"href":"https:\/\/www.autismeurope.org\/fr\/wp-json\/wp\/v2\/posts"}],"about":[{"href":"https:\/\/www.autismeurope.org\/fr\/wp-json\/wp\/v2\/types\/post"}],"author":[{"embeddable":true,"href":"https:\/\/www.autismeurope.org\/fr\/wp-json\/wp\/v2\/users\/32"}],"replies":[{"embeddable":true,"href":"https:\/\/www.autismeurope.org\/fr\/wp-json\/wp\/v2\/comments?post=1165"}],"version-history":[{"count":4,"href":"https:\/\/www.autismeurope.org\/fr\/wp-json\/wp\/v2\/posts\/1165\/revisions"}],"predecessor-version":[{"id":27310,"href":"https:\/\/www.autismeurope.org\/fr\/wp-json\/wp\/v2\/posts\/1165\/revisions\/27310"}],"wp:featuredmedia":[{"embeddable":true,"href":"https:\/\/www.autismeurope.org\/fr\/wp-json\/wp\/v2\/media\/608"}],"wp:attachment":[{"href":"https:\/\/www.autismeurope.org\/fr\/wp-json\/wp\/v2\/media?parent=1165"}],"wp:term":[{"taxonomy":"category","embeddable":true,"href":"https:\/\/www.autismeurope.org\/fr\/wp-json\/wp\/v2\/categories?post=1165"},{"taxonomy":"post_tag","embeddable":true,"href":"https:\/\/www.autismeurope.org\/fr\/wp-json\/wp\/v2\/tags?post=1165"}],"curies":[{"name":"wp","href":"https:\/\/api.w.org\/{rel}","templated":true}]}}