{"id":1236,"date":"2017-04-02T08:30:12","date_gmt":"2017-04-02T06:30:12","guid":{"rendered":"http:\/\/autismeurope.akimedia.eu\/fr\/?p=1236"},"modified":"2018-08-13T14:37:44","modified_gmt":"2018-08-13T12:37:44","slug":"autisme-europe-appelle-a-briser-les-barrieres-de-lautisme-pour-construire-une-societe-accessible","status":"publish","type":"post","link":"https:\/\/www.autismeurope.org\/fr\/blog\/2017\/04\/02\/autisme-europe-appelle-a-briser-les-barrieres-de-lautisme-pour-construire-une-societe-accessible\/","title":{"rendered":"Autisme-Europe appelle \u00e0 briser les barri\u00e8res de l\u2019autisme pour construire une soci\u00e9t\u00e9 accessible"},"content":{"rendered":"<figure id=\"attachment_336\" aria-describedby=\"caption-attachment-336\" style=\"width: 525px\" class=\"wp-caption aligncenter\"><a href=\"https:\/\/spark.adobe.com\/page\/5q1Kw1JjcnuKu\/\"><img loading=\"lazy\" decoding=\"async\" class=\"wp-image-336 size-large\" src=\"http:\/\/autismeurope.akimedia.eu\/wp-content\/uploads\/2017\/07\/Thundercalp_infographic-1024x535.jpg\" alt=\"\" width=\"525\" height=\"274\" srcset=\"https:\/\/www.autismeurope.org\/wp-content\/uploads\/2017\/07\/Thundercalp_infographic-1024x535.jpg 1024w, https:\/\/www.autismeurope.org\/wp-content\/uploads\/2017\/07\/Thundercalp_infographic-300x157.jpg 300w, https:\/\/www.autismeurope.org\/wp-content\/uploads\/2017\/07\/Thundercalp_infographic-768x401.jpg 768w, https:\/\/www.autismeurope.org\/wp-content\/uploads\/2017\/07\/Thundercalp_infographic.jpg 1200w\" sizes=\"auto, (max-width: 525px) 100vw, 525px\" \/><\/a><figcaption id=\"caption-attachment-336\" class=\"wp-caption-text\">Cliquez sur l&rsquo;image ci-dessus pour voir en complet l&rsquo;\u00e9volution de notre campagne de 2017.<\/figcaption><\/figure>\n<blockquote><p><strong>A l\u2019occasion de la\u00a0Journ\u00e9e Mondiale de Sensibilisation \u00e0 l\u2019Autisme 2017\u00a0c\u00e9l\u00e9br\u00e9e le 2 avril Autisme-Europe a lanc\u00e9 sa nouvelle campagne et enjoint les d\u00e9cideurs politiques \u00e0 renforcer leur engagement \u00e0 supprimer les nombreuses barri\u00e8res emp\u00eachant les personnes autistes de jouir pleinement de leurs droits.<\/strong><\/p><\/blockquote>\n<p>La campagne d\u2019Autisme-Europe traite en particulier de l\u2019accessibilit\u00e9 et s\u2019intitule \u00ab\u00a0Brisons les barri\u00e8res de l\u2019autisme : Construisons une soci\u00e9t\u00e9 accessible\u00a0\u00bb. Cette ann\u00e9e, la campagne vise \u00e0 montrer ce que sont les barri\u00e8res \u00e0 l\u2019inclusion pour les personnes autistes, comment la soci\u00e9t\u00e9 peut les supprimer et faire en sorte de devenir plus respectueuse des personnes autistes. Cette r\u00e9flexion est tout aussi centrale pour les appels \u00e0 l\u2019action<a href=\"http:\/\/www.autismeurope.org\/files\/files\/waad-2017-manifesto-final-fr.pdf\" target=\"_blank\" rel=\"noopener\">\u00a0contenus dans le manifeste d\u2019Autisme-Europe<\/a>.<\/p>\n<p><a href=\"http:\/\/www.facebook.com\/pg\/autismeurope.AE\/photos\/?ref=page_internal\" target=\"_blank\" rel=\"noopener\">De nombreuses parties prenantes et personnalit\u00e9s publiques,<\/a>\u00a0ainsi que des personnalit\u00e9s du monde sportif ont d\u00e9j\u00e0 particip\u00e9 \u00e0 la campagne. Des personnalit\u00e9s telles que les joueurs du FC Bayern M\u00fcnchen et Manchester City F. C ou encore la reine d\u2019Espagne Letizia ont publiquement soutenu notre campagne.<\/p>\n<p>Le public, et en particulier les personnes autistes, sont \u00e9galement invit\u00e9s \u00e0 promouvoir la sensibilisation \u00e0 l\u2019autisme sur les m\u00e9dias sociaux tout au long de la campagne en \u00e9crivant bri\u00e8vement sur une banni\u00e8re ou une feuille de papier ce qui leur rend la soci\u00e9t\u00e9 inaccessible. Elles peuvent se photographier ou se filmer tenant leur banni\u00e8re avant de rompre cette derni\u00e8re pour symboliser le fait de briser leur barri\u00e8re \u00e0 l\u2019accessibilit\u00e9. Toutes personnes d\u00e9sireuses de soutenir la campagne peuvent publier des photos d\u2019elles-m\u00eames tenant la banni\u00e8re.<\/p>\n<p>Cet appel \u00e0 l\u2019action s\u2019adresse \u00e9galement aux d\u00e9cideurs politiques, soulignant la n\u00e9cessit\u00e9 de promouvoir des politiques inclusives et de respecter les droits des personnes autistes. La Commissaire europ\u00e9enne charg\u00e9e de l\u2019emploi, des affaires sociales, des comp\u00e9tences et de la mobilit\u00e9 des travailleurs\u00a0<a href=\"http:\/\/www.facebook.com\/autismeurope.AE\/photos\/a.342720942469723.78772.125342050874281\/1387410424667431\/?type=3\" target=\"_blank\" rel=\"noopener\">Marianne Thyssen<\/a>, ainsi que des\u00a0<a href=\"http:\/\/www.facebook.com\/autismeurope.AE\/posts\/1387327554675718\" target=\"_blank\" rel=\"noopener\">membres du Parlement europ\u00e9en<\/a>\u00a0issus de 10 pays diff\u00e9rents et divers partis politiques et des membres du Comit\u00e9 \u00e9conomique et social europ\u00e9en ont symboliquement bris\u00e9 les barri\u00e8res de l\u2019autisme.<\/p>\n<blockquote><p><span style=\"font-size: 12pt\"><strong><a href=\"http:\/\/www.autismeurope.org\/fr\/activites\/journee-mondiale-de-sensibilisation-a-l-autisme\/journee-mondiale-de-sensibilisation-a-l-autisme-2017.html\" target=\"_blank\" rel=\"noopener\">En savoir plus et mat\u00e9riel de campagne<\/a><\/strong><\/span><\/p><\/blockquote>\n<p>&nbsp;<\/p>\n<p><iframe loading=\"lazy\" title=\"Break barriers together for autism- Let&#039;s build an accessible society- April 2\" width=\"525\" height=\"295\" src=\"https:\/\/www.youtube.com\/embed\/bRM8rVKp4zQ?feature=oembed\" frameborder=\"0\" allow=\"accelerometer; autoplay; clipboard-write; encrypted-media; gyroscope; picture-in-picture; web-share\" referrerpolicy=\"strict-origin-when-cross-origin\" allowfullscreen><\/iframe><\/p>\n","protected":false},"excerpt":{"rendered":"<p>A l\u2019occasion de la\u00a0Journ\u00e9e Mondiale de Sensibilisation \u00e0 l\u2019Autisme 2017\u00a0c\u00e9l\u00e9br\u00e9e le 2 avril Autisme-Europe a lanc\u00e9 sa nouvelle campagne et enjoint les d\u00e9cideurs politiques \u00e0 renforcer leur engagement \u00e0 supprimer &hellip; <\/p>\n<p class=\"link-more\"><a href=\"https:\/\/www.autismeurope.org\/fr\/blog\/2017\/04\/02\/autisme-europe-appelle-a-briser-les-barrieres-de-lautisme-pour-construire-une-societe-accessible\/\" class=\"more-link\">Continue reading<span class=\"screen-reader-text\"> \u00ab\u00a0Autisme-Europe appelle \u00e0 briser les barri\u00e8res de l\u2019autisme pour construire une soci\u00e9t\u00e9 accessible\u00a0\u00bb<\/span><\/a><\/p>\n","protected":false},"author":32,"featured_media":340,"comment_status":"closed","ping_status":"closed","sticky":false,"template":"","format":"standard","meta":{"_acf_changed":false,"_bbp_topic_count":0,"_bbp_reply_count":0,"_bbp_total_topic_count":0,"_bbp_total_reply_count":0,"_bbp_voice_count":0,"_bbp_anonymous_reply_count":0,"_bbp_topic_count_hidden":0,"_bbp_reply_count_hidden":0,"_bbp_forum_subforum_count":0,"footnotes":""},"categories":[95],"tags":[2686,2771,2777,2772],"class_list":["post-1236","post","type-post","status-publish","format-standard","has-post-thumbnail","hentry","category-news-fr","tag-activites-ae","tag-plaidoyer","tag-promotion-des-droits","tag-sensibilisation"],"acf":[],"_links":{"self":[{"href":"https:\/\/www.autismeurope.org\/fr\/wp-json\/wp\/v2\/posts\/1236","targetHints":{"allow":["GET"]}}],"collection":[{"href":"https:\/\/www.autismeurope.org\/fr\/wp-json\/wp\/v2\/posts"}],"about":[{"href":"https:\/\/www.autismeurope.org\/fr\/wp-json\/wp\/v2\/types\/post"}],"author":[{"embeddable":true,"href":"https:\/\/www.autismeurope.org\/fr\/wp-json\/wp\/v2\/users\/32"}],"replies":[{"embeddable":true,"href":"https:\/\/www.autismeurope.org\/fr\/wp-json\/wp\/v2\/comments?post=1236"}],"version-history":[{"count":3,"href":"https:\/\/www.autismeurope.org\/fr\/wp-json\/wp\/v2\/posts\/1236\/revisions"}],"predecessor-version":[{"id":27327,"href":"https:\/\/www.autismeurope.org\/fr\/wp-json\/wp\/v2\/posts\/1236\/revisions\/27327"}],"wp:featuredmedia":[{"embeddable":true,"href":"https:\/\/www.autismeurope.org\/fr\/wp-json\/wp\/v2\/media\/340"}],"wp:attachment":[{"href":"https:\/\/www.autismeurope.org\/fr\/wp-json\/wp\/v2\/media?parent=1236"}],"wp:term":[{"taxonomy":"category","embeddable":true,"href":"https:\/\/www.autismeurope.org\/fr\/wp-json\/wp\/v2\/categories?post=1236"},{"taxonomy":"post_tag","embeddable":true,"href":"https:\/\/www.autismeurope.org\/fr\/wp-json\/wp\/v2\/tags?post=1236"}],"curies":[{"name":"wp","href":"https:\/\/api.w.org\/{rel}","templated":true}]}}