{"id":1380,"date":"2017-04-02T17:23:31","date_gmt":"2017-04-02T15:23:31","guid":{"rendered":"http:\/\/autismeurope.akimedia.eu\/fr\/?p=1380"},"modified":"2018-08-13T13:11:21","modified_gmt":"2018-08-13T11:11:21","slug":"la-nas-lance-sa-campagne-too-much-information-pour-la-deuxieme-annee-consecutive","status":"publish","type":"post","link":"https:\/\/www.autismeurope.org\/fr\/blog\/2017\/04\/02\/la-nas-lance-sa-campagne-too-much-information-pour-la-deuxieme-annee-consecutive\/","title":{"rendered":"La NAS lance sa campagne \u00ab Too much information \u00bb pour la deuxi\u00e8me ann\u00e9e cons\u00e9cutive"},"content":{"rendered":"<p><img loading=\"lazy\" decoding=\"async\" class=\"aligncenter size-full wp-image-620\" src=\"http:\/\/autismeurope.akimedia.eu\/wp-content\/uploads\/2017\/07\/TMI_campaign_.2_year_National_Autistic_Society_1.jpg\" alt=\"\" width=\"677\" height=\"379\" srcset=\"https:\/\/www.autismeurope.org\/wp-content\/uploads\/2017\/07\/TMI_campaign_.2_year_National_Autistic_Society_1.jpg 677w, https:\/\/www.autismeurope.org\/wp-content\/uploads\/2017\/07\/TMI_campaign_.2_year_National_Autistic_Society_1-300x168.jpg 300w\" sizes=\"auto, (max-width: 677px) 100vw, 677px\" \/><\/p>\n<blockquote><p><strong><span style=\"font-size: 12pt\">A l\u2019occasion de la Journ\u00e9e Mondiale de Sensibilisation \u00e0 l\u2019Autisme 2017, la\u00a0<em><a href=\"http:\/\/www.autism.org.uk\/\" target=\"_blank\" rel=\"noopener\">National Autistic Society<\/a><\/em>\u00a0(Royaume-Uni), membre d\u2019Autisme-Europe, lance sa plus vaste campagne \u00ab Too Much Information \u00bb (trop d\u2019informations) pour la deuxi\u00e8me ann\u00e9e cons\u00e9cutive.<\/span><\/strong><\/p><\/blockquote>\n<p><span style=\"font-size: 12pt\"> Un court-m\u00e9trage mettant en sc\u00e8ne\u00a0<a href=\"http:\/\/www.autism.org.uk\/get-involved\/tmi\/film.aspx\" target=\"_blank\" rel=\"noopener\">Holly, une actrice en herbe avec autisme, \u00e2g\u00e9e du 12 ans<\/a>\u00a0et un quiz interactif ont \u00e9t\u00e9 pr\u00e9sent\u00e9s afin de mieux sensibiliser \u00e0 l\u2019autisme et aider les gens \u00e0 r\u00e9fl\u00e9chir \u00e0 la mani\u00e8re dont ils peuvent faire \u00e9voluer leurs attitudes.<\/span><\/p>\n<p><span style=\"font-size: 12pt\">La directrice nationale de campagne Jess Leigh a expliqu\u00e9 que la NAS voulait r\u00e9aliser un film fort pour amener le public \u00e0 comprendre le fait que les personnes autistes peuvent avoir besoin de davantage de temps pour traiter l\u2019information re\u00e7ue et, comme le souligne Mme Leith, \u00ab qu\u2019on peut avoir l\u2019impression que tout est en train de s\u2019empiler, comme si vous posait un million de questions \u00e0 la fois ou que ton cerveau est surcharg\u00e9 et est \u00e0 deux doigts d\u2019exploser \u00bb .<\/span><\/p>\n<p><span style=\"font-size: 12pt\">En outre, les supporters de la campagne sont invit\u00e9s \u00e0 participer \u00e0 un\u00a0<a href=\"http:\/\/www.autism.org.uk\/get-involved\/tmi\/actions.aspx\" target=\"_blank\" rel=\"noopener\">quiz interactif<\/a>, d\u00e9velopp\u00e9 pour comprendre comment chacun peut contribuer \u00e0 r\u00e9duire cette surcharge. On demande aux participants de choisir quel changement ils souhaiteraient apporter et de montrer aux autres la fa\u00e7on d\u2019y arriver.<\/span><\/p>\n<blockquote><p><span style=\"font-size: 12pt\"><strong><a href=\"http:\/\/www.autism.org.uk\/\" target=\"_blank\" rel=\"noopener\">En savoir plus<\/a><\/strong><\/span><\/p><\/blockquote>\n","protected":false},"excerpt":{"rendered":"<p>A l\u2019occasion de la Journ\u00e9e Mondiale de Sensibilisation \u00e0 l\u2019Autisme 2017, la\u00a0National Autistic Society\u00a0(Royaume-Uni), membre d\u2019Autisme-Europe, lance sa plus vaste campagne \u00ab Too Much Information \u00bb (trop d\u2019informations) pour la &hellip; <\/p>\n<p class=\"link-more\"><a href=\"https:\/\/www.autismeurope.org\/fr\/blog\/2017\/04\/02\/la-nas-lance-sa-campagne-too-much-information-pour-la-deuxieme-annee-consecutive\/\" class=\"more-link\">Continue reading<span class=\"screen-reader-text\"> \u00ab\u00a0La NAS lance sa campagne \u00ab Too much information \u00bb pour la deuxi\u00e8me ann\u00e9e cons\u00e9cutive\u00a0\u00bb<\/span><\/a><\/p>\n","protected":false},"author":32,"featured_media":621,"comment_status":"closed","ping_status":"closed","sticky":false,"template":"","format":"standard","meta":{"_acf_changed":false,"_bbp_topic_count":0,"_bbp_reply_count":0,"_bbp_total_topic_count":0,"_bbp_total_reply_count":0,"_bbp_voice_count":0,"_bbp_anonymous_reply_count":0,"_bbp_topic_count_hidden":0,"_bbp_reply_count_hidden":0,"_bbp_forum_subforum_count":0,"footnotes":""},"categories":[95],"tags":[2773,2772],"class_list":["post-1380","post","type-post","status-publish","format-standard","has-post-thumbnail","hentry","category-news-fr","tag-partenariats-et-reseaux-europeens","tag-sensibilisation"],"acf":[],"_links":{"self":[{"href":"https:\/\/www.autismeurope.org\/fr\/wp-json\/wp\/v2\/posts\/1380","targetHints":{"allow":["GET"]}}],"collection":[{"href":"https:\/\/www.autismeurope.org\/fr\/wp-json\/wp\/v2\/posts"}],"about":[{"href":"https:\/\/www.autismeurope.org\/fr\/wp-json\/wp\/v2\/types\/post"}],"author":[{"embeddable":true,"href":"https:\/\/www.autismeurope.org\/fr\/wp-json\/wp\/v2\/users\/32"}],"replies":[{"embeddable":true,"href":"https:\/\/www.autismeurope.org\/fr\/wp-json\/wp\/v2\/comments?post=1380"}],"version-history":[{"count":3,"href":"https:\/\/www.autismeurope.org\/fr\/wp-json\/wp\/v2\/posts\/1380\/revisions"}],"predecessor-version":[{"id":27325,"href":"https:\/\/www.autismeurope.org\/fr\/wp-json\/wp\/v2\/posts\/1380\/revisions\/27325"}],"wp:featuredmedia":[{"embeddable":true,"href":"https:\/\/www.autismeurope.org\/fr\/wp-json\/wp\/v2\/media\/621"}],"wp:attachment":[{"href":"https:\/\/www.autismeurope.org\/fr\/wp-json\/wp\/v2\/media?parent=1380"}],"wp:term":[{"taxonomy":"category","embeddable":true,"href":"https:\/\/www.autismeurope.org\/fr\/wp-json\/wp\/v2\/categories?post=1380"},{"taxonomy":"post_tag","embeddable":true,"href":"https:\/\/www.autismeurope.org\/fr\/wp-json\/wp\/v2\/tags?post=1380"}],"curies":[{"name":"wp","href":"https:\/\/api.w.org\/{rel}","templated":true}]}}