{"id":24166,"date":"2015-09-09T09:00:58","date_gmt":"2015-09-09T07:00:58","guid":{"rendered":"http:\/\/www.autismeurope.org\/fr\/?p=24166"},"modified":"2018-08-13T16:51:48","modified_gmt":"2018-08-13T14:51:48","slug":"le-parlement-europeen-adopte-la-declaration-ecrite-sur-lautisme","status":"publish","type":"post","link":"https:\/\/www.autismeurope.org\/fr\/blog\/2015\/09\/09\/le-parlement-europeen-adopte-la-declaration-ecrite-sur-lautisme\/","title":{"rendered":"Le Parlement europ\u00e9en adopte la D\u00e9claration \u00e9crite sur l&rsquo;autisme"},"content":{"rendered":"","protected":false},"excerpt":{"rendered":"","protected":false},"author":32,"featured_media":2134,"comment_status":"closed","ping_status":"closed","sticky":false,"template":"single-post.php","format":"standard","meta":{"_acf_changed":false,"_bbp_topic_count":0,"_bbp_reply_count":0,"_bbp_total_topic_count":0,"_bbp_total_reply_count":0,"_bbp_voice_count":0,"_bbp_anonymous_reply_count":0,"_bbp_topic_count_hidden":0,"_bbp_reply_count_hidden":0,"_bbp_forum_subforum_count":0,"footnotes":""},"categories":[96],"tags":[2686,2698,2777],"class_list":["post-24166","post","type-post","status-publish","format-standard","has-post-thumbnail","hentry","category-press-release-fr","tag-activites-ae","tag-institutions-europeennes","tag-promotion-des-droits"],"acf":[],"_links":{"self":[{"href":"https:\/\/www.autismeurope.org\/fr\/wp-json\/wp\/v2\/posts\/24166","targetHints":{"allow":["GET"]}}],"collection":[{"href":"https:\/\/www.autismeurope.org\/fr\/wp-json\/wp\/v2\/posts"}],"about":[{"href":"https:\/\/www.autismeurope.org\/fr\/wp-json\/wp\/v2\/types\/post"}],"author":[{"embeddable":true,"href":"https:\/\/www.autismeurope.org\/fr\/wp-json\/wp\/v2\/users\/32"}],"replies":[{"embeddable":true,"href":"https:\/\/www.autismeurope.org\/fr\/wp-json\/wp\/v2\/comments?post=24166"}],"version-history":[{"count":1,"href":"https:\/\/www.autismeurope.org\/fr\/wp-json\/wp\/v2\/posts\/24166\/revisions"}],"predecessor-version":[{"id":24167,"href":"https:\/\/www.autismeurope.org\/fr\/wp-json\/wp\/v2\/posts\/24166\/revisions\/24167"}],"wp:featuredmedia":[{"embeddable":true,"href":"https:\/\/www.autismeurope.org\/fr\/wp-json\/wp\/v2\/media\/2134"}],"wp:attachment":[{"href":"https:\/\/www.autismeurope.org\/fr\/wp-json\/wp\/v2\/media?parent=24166"}],"wp:term":[{"taxonomy":"category","embeddable":true,"href":"https:\/\/www.autismeurope.org\/fr\/wp-json\/wp\/v2\/categories?post=24166"},{"taxonomy":"post_tag","embeddable":true,"href":"https:\/\/www.autismeurope.org\/fr\/wp-json\/wp\/v2\/tags?post=24166"}],"curies":[{"name":"wp","href":"https:\/\/api.w.org\/{rel}","templated":true}]}}