{"id":24207,"date":"2014-04-15T15:21:48","date_gmt":"2014-04-15T13:21:48","guid":{"rendered":"http:\/\/www.autismeurope.org\/fr\/?p=24207"},"modified":"2018-08-13T16:23:25","modified_gmt":"2018-08-13T14:23:25","slug":"la-suisse-la-georgie-et-la-principaute-dandorre-ratifient-la-cnudph","status":"publish","type":"post","link":"https:\/\/www.autismeurope.org\/fr\/blog\/2014\/04\/15\/la-suisse-la-georgie-et-la-principaute-dandorre-ratifient-la-cnudph\/","title":{"rendered":"La Suisse, la G\u00e9orgie et la Principaut\u00e9 d\u2019Andorre ratifient la CNUDPH"},"content":{"rendered":"<p><span style=\"font-size: 12pt\">La Suisse, la G\u00e9orgie et Andorre sont devenus les derniers pays europ\u00e9ens \u00e0\u00a0 signer la Convention de l\u2019ONU relative aux Droits des Personnes Handicap\u00e9es (<a href=\"http:\/\/www.un.org\/french\/disabilities\/default.asp?id=1413\" target=\"_blank\" rel=\"noopener\">CNUDPH<\/a>).<\/span><\/p>\n<p><span style=\"font-size: 12pt\">Andorre a ratifi\u00e9 la Convention et son Protocole facultatif le 11 mars 2014.<\/span><\/p>\n<p><span style=\"font-size: 12pt\">La G\u00e9orgie a ratifi\u00e9 la Convention le 13 mars 2014.<\/span><\/p>\n<p><span style=\"font-size: 12pt\">La Suisse a ratifi\u00e9 la Convention le 15 avril 2014.<\/span><\/p>\n<blockquote><p><span style=\"font-size: 12pt\"><strong><a href=\"http:\/\/www.un.org\/disabilities\/\" target=\"_blank\" rel=\"noopener\">En savoir plus sur les pays qui ont sign\u00e9 et ratifi\u00e9 la CNUDPH et le Protocole facultatif.<\/a><\/strong><\/span><\/p><\/blockquote>\n","protected":false},"excerpt":{"rendered":"<p>La Suisse, la G\u00e9orgie et Andorre sont devenus les derniers pays europ\u00e9ens \u00e0\u00a0 signer la Convention de l\u2019ONU relative aux Droits des Personnes Handicap\u00e9es (CNUDPH). Andorre a ratifi\u00e9 la Convention &hellip; <\/p>\n<p class=\"link-more\"><a href=\"https:\/\/www.autismeurope.org\/fr\/blog\/2014\/04\/15\/la-suisse-la-georgie-et-la-principaute-dandorre-ratifient-la-cnudph\/\" class=\"more-link\">Continue reading<span class=\"screen-reader-text\"> \u00ab\u00a0La Suisse, la G\u00e9orgie et la Principaut\u00e9 d\u2019Andorre ratifient la CNUDPH\u00a0\u00bb<\/span><\/a><\/p>\n","protected":false},"author":32,"featured_media":562,"comment_status":"closed","ping_status":"closed","sticky":false,"template":"","format":"standard","meta":{"_acf_changed":false,"_bbp_topic_count":0,"_bbp_reply_count":0,"_bbp_total_topic_count":0,"_bbp_total_reply_count":0,"_bbp_voice_count":0,"_bbp_anonymous_reply_count":0,"_bbp_topic_count_hidden":0,"_bbp_reply_count_hidden":0,"_bbp_forum_subforum_count":0,"footnotes":""},"categories":[95],"tags":[2720],"class_list":["post-24207","post","type-post","status-publish","format-standard","has-post-thumbnail","hentry","category-news-fr","tag-cnudph"],"acf":[],"_links":{"self":[{"href":"https:\/\/www.autismeurope.org\/fr\/wp-json\/wp\/v2\/posts\/24207","targetHints":{"allow":["GET"]}}],"collection":[{"href":"https:\/\/www.autismeurope.org\/fr\/wp-json\/wp\/v2\/posts"}],"about":[{"href":"https:\/\/www.autismeurope.org\/fr\/wp-json\/wp\/v2\/types\/post"}],"author":[{"embeddable":true,"href":"https:\/\/www.autismeurope.org\/fr\/wp-json\/wp\/v2\/users\/32"}],"replies":[{"embeddable":true,"href":"https:\/\/www.autismeurope.org\/fr\/wp-json\/wp\/v2\/comments?post=24207"}],"version-history":[{"count":2,"href":"https:\/\/www.autismeurope.org\/fr\/wp-json\/wp\/v2\/posts\/24207\/revisions"}],"predecessor-version":[{"id":24210,"href":"https:\/\/www.autismeurope.org\/fr\/wp-json\/wp\/v2\/posts\/24207\/revisions\/24210"}],"wp:featuredmedia":[{"embeddable":true,"href":"https:\/\/www.autismeurope.org\/fr\/wp-json\/wp\/v2\/media\/562"}],"wp:attachment":[{"href":"https:\/\/www.autismeurope.org\/fr\/wp-json\/wp\/v2\/media?parent=24207"}],"wp:term":[{"taxonomy":"category","embeddable":true,"href":"https:\/\/www.autismeurope.org\/fr\/wp-json\/wp\/v2\/categories?post=24207"},{"taxonomy":"post_tag","embeddable":true,"href":"https:\/\/www.autismeurope.org\/fr\/wp-json\/wp\/v2\/tags?post=24207"}],"curies":[{"name":"wp","href":"https:\/\/api.w.org\/{rel}","templated":true}]}}