{"id":24216,"date":"2014-05-14T15:41:04","date_gmt":"2014-05-14T13:41:04","guid":{"rendered":"http:\/\/www.autismeurope.org\/fr\/?p=24216"},"modified":"2018-08-13T16:20:00","modified_gmt":"2018-08-13T14:20:00","slug":"gouvernement-britannique-lance-programme-de-financement","status":"publish","type":"post","link":"https:\/\/www.autismeurope.org\/fr\/blog\/2014\/05\/14\/gouvernement-britannique-lance-programme-de-financement\/","title":{"rendered":"Le gouvernement britannique lance le programme de financement \u00ab Think Autism \u00bb"},"content":{"rendered":"<p><span style=\"font-size: 12pt\">Le gouvernement britannique a\u00a0 lanc\u00e9 l\u2019initiative \u00ab\u00a0Think Autism\u00a0\u00bb afin d\u2019am\u00e9liorer la qualit\u00e9 de vie des personnes avec autisme en Angleterre.<\/span><\/p>\n<p><span style=\"font-size: 12pt\">Le gouvernement compte injecter \u00a34,5 millions dans un fonds d\u2019innovation et dans un programme de sensibilisation men\u00e9 par la communaut\u00e9. Le fonds d\u2019innovation permettra de soutenir le d\u00e9veloppement de nouveaux services tandis que le programme de sensibilisation contribuera \u00e0 mieux faire comprendre l\u2019autisme aupr\u00e8s des professionnels et du grand public.<\/span><\/p>\n<p><span style=\"font-size: 12pt\">\u00a0\u00ab\u00a0Think Autism\u00a0\u00bb est le fruit de la campagne \u00ab\u00a0<em>Push for Action<\/em>\u00a0\u00bb lanc\u00e9e par la National Autistic Society afin de traduire <a href=\"http:\/\/www.legislation.gov.uk\/ukpga\/2009\/15\">l\u2019Autism Act 2009<\/a> (Loi sur l\u2019Autisme de 2009) en actions concr\u00e8tes depuis sa publication en 2010. La campagne \u00ab\u00a0<em>Push for Action<\/em>\u00a0\u00bb appelle le gouvernement national et les autorit\u00e9s locales \u00e0 faire en sorte que les adultes avec autisme \u00e0 travers l\u2019Angleterre re\u00e7oivent le soutien sp\u00e9cifique dont ils ont besoin au quotidien.<\/span><\/p>\n<blockquote><p><span style=\"font-size: 12pt\"><strong><a href=\"http:\/\/www.autism.org.uk\/about\/strategy\/2014-strategy.aspx\" target=\"_blank\" rel=\"noopener\">En savoir plus<\/a> (en anglais seulement)<\/strong><\/span><\/p><\/blockquote>\n","protected":false},"excerpt":{"rendered":"<p>Le gouvernement britannique a\u00a0 lanc\u00e9 l\u2019initiative \u00ab\u00a0Think Autism\u00a0\u00bb afin d\u2019am\u00e9liorer la qualit\u00e9 de vie des personnes avec autisme en Angleterre. Le gouvernement compte injecter \u00a34,5 millions dans un fonds d\u2019innovation &hellip; <\/p>\n<p class=\"link-more\"><a href=\"https:\/\/www.autismeurope.org\/fr\/blog\/2014\/05\/14\/gouvernement-britannique-lance-programme-de-financement\/\" class=\"more-link\">Continue reading<span class=\"screen-reader-text\"> \u00ab\u00a0Le gouvernement britannique lance le programme de financement \u00ab Think Autism \u00bb\u00a0\u00bb<\/span><\/a><\/p>\n","protected":false},"author":32,"featured_media":24217,"comment_status":"closed","ping_status":"closed","sticky":false,"template":"","format":"standard","meta":{"_acf_changed":false,"_bbp_topic_count":0,"_bbp_reply_count":0,"_bbp_total_topic_count":0,"_bbp_total_reply_count":0,"_bbp_voice_count":0,"_bbp_anonymous_reply_count":0,"_bbp_topic_count_hidden":0,"_bbp_reply_count_hidden":0,"_bbp_forum_subforum_count":0,"footnotes":""},"categories":[95],"tags":[2711],"class_list":["post-24216","post","type-post","status-publish","format-standard","has-post-thumbnail","hentry","category-news-fr","tag-politiques-nationales"],"acf":[],"_links":{"self":[{"href":"https:\/\/www.autismeurope.org\/fr\/wp-json\/wp\/v2\/posts\/24216","targetHints":{"allow":["GET"]}}],"collection":[{"href":"https:\/\/www.autismeurope.org\/fr\/wp-json\/wp\/v2\/posts"}],"about":[{"href":"https:\/\/www.autismeurope.org\/fr\/wp-json\/wp\/v2\/types\/post"}],"author":[{"embeddable":true,"href":"https:\/\/www.autismeurope.org\/fr\/wp-json\/wp\/v2\/users\/32"}],"replies":[{"embeddable":true,"href":"https:\/\/www.autismeurope.org\/fr\/wp-json\/wp\/v2\/comments?post=24216"}],"version-history":[{"count":3,"href":"https:\/\/www.autismeurope.org\/fr\/wp-json\/wp\/v2\/posts\/24216\/revisions"}],"predecessor-version":[{"id":24223,"href":"https:\/\/www.autismeurope.org\/fr\/wp-json\/wp\/v2\/posts\/24216\/revisions\/24223"}],"wp:featuredmedia":[{"embeddable":true,"href":"https:\/\/www.autismeurope.org\/fr\/wp-json\/wp\/v2\/media\/24217"}],"wp:attachment":[{"href":"https:\/\/www.autismeurope.org\/fr\/wp-json\/wp\/v2\/media?parent=24216"}],"wp:term":[{"taxonomy":"category","embeddable":true,"href":"https:\/\/www.autismeurope.org\/fr\/wp-json\/wp\/v2\/categories?post=24216"},{"taxonomy":"post_tag","embeddable":true,"href":"https:\/\/www.autismeurope.org\/fr\/wp-json\/wp\/v2\/tags?post=24216"}],"curies":[{"name":"wp","href":"https:\/\/api.w.org\/{rel}","templated":true}]}}