{"id":24319,"date":"2013-12-04T12:53:41","date_gmt":"2013-12-04T11:53:41","guid":{"rendered":"http:\/\/www.autismeurope.org\/fr\/?p=24319"},"modified":"2018-08-13T16:56:51","modified_gmt":"2018-08-13T14:56:51","slug":"supprimer-les-obstacles-au-vote-auxquels-se-heurtent-les-personnes-handicapees-pour-les-elections-europeennes-de-2014","status":"publish","type":"post","link":"https:\/\/www.autismeurope.org\/fr\/blog\/2013\/12\/04\/supprimer-les-obstacles-au-vote-auxquels-se-heurtent-les-personnes-handicapees-pour-les-elections-europeennes-de-2014\/","title":{"rendered":"Supprimer les obstacles au vote auxquels se heurtent les personnes handicap\u00e9es pour les \u00e9lections europ\u00e9ennes de 2014"},"content":{"rendered":"<p><span style=\"font-size: 12pt\">L\u2019Agence des Droits Fondamentaux de l\u2019Union europ\u00e9enne appelle \u00e0 la suppression des obstacles emp\u00eachant les personnes handicap\u00e9es de participer aux \u00e9lections.<\/span><\/p>\n<p><span style=\"font-size: 12pt\">L\u2019Agence d\u00e9veloppe actuellement des indicateurs pour mesurer la participation politique pour des <a href=\"http:\/\/www.fra.europa.eu\/en\/project\/2013\/political-participation-persons-disabilities\" target=\"_blank\" rel=\"noopener\">personnes handicap\u00e9es<\/a>. Ce travail a pour but de mesurer, dans les 28 Etats membres, la participation des personnes handicap\u00e9es \u00e0 la vie politique, surtout en tant qu\u2019\u00e9lecteurs et\/ou candidats aux \u00e9lections. Les r\u00e9sultats provisoires indiquent que les Etats membres doivent prendre les mesures n\u00e9cessaires d\u00e8s maintenant pour garantir le droit de vote des personnes handicap\u00e9es et leur participation aux \u00e9lections parlementaires europ\u00e9ennes au mois de mai 2014 en vertu de la Convention de l\u2019ONU relative aux Droits des Personnes Handicap\u00e9es.<\/span><\/p>\n<p><span style=\"font-size: 12pt\">Un <a href=\"http:\/\/fra.europa.eu\/en\/publication\/2012\/right-political-participation-persons-mental-health-problems-and-persons\" target=\"_blank\" rel=\"noopener\">rapport<\/a> r\u00e9dig\u00e9 par l\u2019Agence en 2010 a identifi\u00e9 les principaux obstacles emp\u00eachant un grand\u00a0 nombre de personnes handicap\u00e9es d\u2019exercer leur droit de vote en Europe et pour lesquels il faut trouver une solution, par exemple\u00a0:<\/span><\/p>\n<ul>\n<li><span style=\"font-size: 12pt\">Supprimer les obstacles juridiques au vote des personnes handicap\u00e9es, notamment celles vivant \u00e0 long-terme dans des institutions ou pr\u00e9sentant des troubles psychosociaux ou un handicap intellectuel\u00a0;<\/span><\/li>\n<li><span style=\"font-size: 12pt\">Les autorit\u00e9s \u00e9lectorales et les partis politiques devraient faire le n\u00e9cessaire pour rendre le processus de vote et le mat\u00e9riel de campagne compr\u00e9hensibles pour les personnes pr\u00e9sentant diff\u00e9rents types de handicap (utilisation de grands caract\u00e8res, de l\u2019alphabet braille, de versions facile-\u00e0-lire ou audio) et veiller \u00e0 l\u2019accessibilit\u00e9 des bureaux de vote\u00a0;<\/span><\/li>\n<li><span style=\"font-size: 12pt\">Les autorit\u00e9s \u00e9lectorales devraient veiller \u00e0 ce qu\u2019une formation soit dispens\u00e9e au personnel de scrutin pour r\u00e9pondre aux besoins des personnes pr\u00e9sentant diff\u00e9rents types de handicap.<\/span><\/li>\n<\/ul>\n<blockquote><p><span style=\"font-size: 12pt\"><strong><a href=\"http:\/\/fra.europa.eu\/en\/news\/2013\/time-break-down-voting-barriers-people-disabilities\" target=\"_blank\" rel=\"noopener\">En savoir plus<\/a><\/strong><\/span><\/p>\n<p><span style=\"font-size: 12pt\"><strong><a href=\"http:\/\/www.elections2014.eu\/\" target=\"_blank\" rel=\"noopener\">En savoir plus sur les \u00e9lections europ\u00e9ennes<\/a><\/strong><\/span><\/p><\/blockquote>\n","protected":false},"excerpt":{"rendered":"<p>L\u2019Agence des Droits Fondamentaux de l\u2019Union europ\u00e9enne appelle \u00e0 la suppression des obstacles emp\u00eachant les personnes handicap\u00e9es de participer aux \u00e9lections. L\u2019Agence d\u00e9veloppe actuellement des indicateurs pour mesurer la participation &hellip; <\/p>\n<p class=\"link-more\"><a href=\"https:\/\/www.autismeurope.org\/fr\/blog\/2013\/12\/04\/supprimer-les-obstacles-au-vote-auxquels-se-heurtent-les-personnes-handicapees-pour-les-elections-europeennes-de-2014\/\" class=\"more-link\">Continue reading<span class=\"screen-reader-text\"> \u00ab\u00a0Supprimer les obstacles au vote auxquels se heurtent les personnes handicap\u00e9es pour les \u00e9lections europ\u00e9ennes de 2014\u00a0\u00bb<\/span><\/a><\/p>\n","protected":false},"author":32,"featured_media":4228,"comment_status":"closed","ping_status":"closed","sticky":false,"template":"","format":"standard","meta":{"_acf_changed":false,"_bbp_topic_count":0,"_bbp_reply_count":0,"_bbp_total_topic_count":0,"_bbp_total_reply_count":0,"_bbp_voice_count":0,"_bbp_anonymous_reply_count":0,"_bbp_topic_count_hidden":0,"_bbp_reply_count_hidden":0,"_bbp_forum_subforum_count":0,"footnotes":""},"categories":[95],"tags":[2698,2777],"class_list":["post-24319","post","type-post","status-publish","format-standard","has-post-thumbnail","hentry","category-news-fr","tag-institutions-europeennes","tag-promotion-des-droits"],"acf":[],"_links":{"self":[{"href":"https:\/\/www.autismeurope.org\/fr\/wp-json\/wp\/v2\/posts\/24319","targetHints":{"allow":["GET"]}}],"collection":[{"href":"https:\/\/www.autismeurope.org\/fr\/wp-json\/wp\/v2\/posts"}],"about":[{"href":"https:\/\/www.autismeurope.org\/fr\/wp-json\/wp\/v2\/types\/post"}],"author":[{"embeddable":true,"href":"https:\/\/www.autismeurope.org\/fr\/wp-json\/wp\/v2\/users\/32"}],"replies":[{"embeddable":true,"href":"https:\/\/www.autismeurope.org\/fr\/wp-json\/wp\/v2\/comments?post=24319"}],"version-history":[{"count":2,"href":"https:\/\/www.autismeurope.org\/fr\/wp-json\/wp\/v2\/posts\/24319\/revisions"}],"predecessor-version":[{"id":24321,"href":"https:\/\/www.autismeurope.org\/fr\/wp-json\/wp\/v2\/posts\/24319\/revisions\/24321"}],"wp:featuredmedia":[{"embeddable":true,"href":"https:\/\/www.autismeurope.org\/fr\/wp-json\/wp\/v2\/media\/4228"}],"wp:attachment":[{"href":"https:\/\/www.autismeurope.org\/fr\/wp-json\/wp\/v2\/media?parent=24319"}],"wp:term":[{"taxonomy":"category","embeddable":true,"href":"https:\/\/www.autismeurope.org\/fr\/wp-json\/wp\/v2\/categories?post=24319"},{"taxonomy":"post_tag","embeddable":true,"href":"https:\/\/www.autismeurope.org\/fr\/wp-json\/wp\/v2\/tags?post=24319"}],"curies":[{"name":"wp","href":"https:\/\/api.w.org\/{rel}","templated":true}]}}