{"id":24428,"date":"2017-11-10T16:10:11","date_gmt":"2017-11-10T15:10:11","guid":{"rendered":"http:\/\/www.autismeurope.org\/fr\/?p=24428"},"modified":"2018-08-13T12:29:55","modified_gmt":"2018-08-13T10:29:55","slug":"des-representants-du-handicap-agissent-pour-garantir-un-solide-socle-europeen-des-droits-sociaux","status":"publish","type":"post","link":"https:\/\/www.autismeurope.org\/fr\/blog\/2017\/11\/10\/des-representants-du-handicap-agissent-pour-garantir-un-solide-socle-europeen-des-droits-sociaux\/","title":{"rendered":"Des repr\u00e9sentants du handicap agissent pour garantir un solide socle europ\u00e9en des droits sociaux"},"content":{"rendered":"<blockquote><p><strong style=\"font-size: 12pt\">En amont du <a href=\"http:\/\/www.autismeurope.org\/event\/social-summit-for-fair-jobs-and-growth-gothenburg-sweden\/\" target=\"_blank\" rel=\"noopener\">Sommet social de l\u2019UE pour des emplois et une croissance \u00e9quitables <\/a>qui aura lieu le 17 novembre \u00e0 Gothenburg, le <a href=\"http:\/\/www.autismeurope.org\/fr\/qui-sommes-nous\/affiliations\/\" target=\"_blank\" rel=\"noopener\">Forum Europ\u00e9en des Personnes Handicap\u00e9es<\/a> (FEPH) a adopt\u00e9 une r\u00e9solution pour promouvoir l\u2019emploi et l\u2019inclusion sociale des personnes handicap\u00e9es en lien avec les recommandations pour un <a href=\"http:\/\/www.autismeurope.org\/fr\/que-faisons-nous\/promotion-des-droits\/socle-europeen-des-droits-sociaux\/\" target=\"_blank\" rel=\"noopener\">Socle europ\u00e9en des droits sociaux <\/a>publi\u00e9es par la Commission europ\u00e9enne en avril 2017.<\/strong><\/p><\/blockquote>\n<p><span style=\"font-size: 12pt\">En pr\u00e9paration au Sommet social pour des emplois et une croissance \u00e9quitables qui aura lieu \u00e0 Gothenburg le 17 novembre 2017, le FEPH a adopt\u00e9 une r\u00e9solution sur la proposition d\u2019un socle europ\u00e9en des droits sociaux. Le FEPH appelle les chefs d\u2019Etat et de gouvernement \u00e0 s\u2019engager fermement en faveur du droit \u00e0 l\u2019emploi, \u00e0 l\u2019inclusion sociale et \u00e0 la protection sociale des personnes handicap\u00e9es et de tous les citoyens de l\u2019Union europ\u00e9enne.<\/span><\/p>\n<p><span style=\"font-size: 12pt\">Dans sa r\u00e9solution, le FEPH :<\/span><\/p>\n<ul>\n<li><span style=\"font-size: 12pt\">rappelle aux Etats membres de l\u2019UE leurs obligations en vertu de la <a href=\"http:\/\/www.un.org\/disabilities\/documents\/convention\/convoptprot-f.pdf\">Convention des Nations Unies relative aux Droits des Personnes Handicap\u00e9es<\/a> (CNUDPH) ainsi que de <a href=\"http:\/\/www.edf-feph.org\/2030-agenda-sustainable-development-goals\">l\u2019Agenda 2030 du d\u00e9veloppement durable<\/a> et des <a href=\"http:\/\/www.edf-feph.org\/2030-agenda-sustainable-development-goals\">Objectifs de d\u00e9veloppement durable<\/a> (ODD)\u00a0;<\/span><\/li>\n<li><span style=\"font-size: 12pt\">appelle \u00e0 des ressources financi\u00e8res ad\u00e9quates \u00e0 allouer \u00e0 l\u2019am\u00e9lioration des conditions d\u2019emploi et de la protection sociale des personnes handicap\u00e9es ;<\/span><\/li>\n<li><span style=\"font-size: 12pt\">appelle \u00e0 l\u2019adoption d\u2019une solide directive pour un \u00e9quilibre entre vie priv\u00e9e et vie professionnelle pour les parents et les aidants qui tienne compte \u00e0 la fois de la perspective des aidants de personnes handicap\u00e9es et de celle des parents handicap\u00e9s.<\/span><\/li>\n<\/ul>\n<blockquote><p><span style=\"font-size: 12pt\"><a href=\"http:\/\/www.edf-feph.org\/sites\/default\/files\/edf_resolution_on_the_european_pillar_of_social_rights_final.doc\"><strong>Lire toute la r\u00e9solution (en anglais)<\/strong><\/a><\/span><\/p><\/blockquote>\n<p><span style=\"font-size: 12pt\">Le FEPH est ses membres dont Autisme-Europe m\u00e8neront un travail de repr\u00e9sentation pour que les messages de la r\u00e9solution soient port\u00e9s \u00e0 l\u2019attention des chefs d\u2019Etat et de gouvernement durant le sommet social du 17 novembre 2017 et au cours de l\u2019\u00e9v\u00e9nement parall\u00e8le organis\u00e9 par la Plateforme sociale le 16 novembre 2017.<\/span><\/p>\n<p><span style=\"font-size: 12pt\">De m\u00eame, le <a href=\"https:\/\/deinstitutionalisation.com\/\">groupe d\u2019experts europ\u00e9en sur la transition d\u2019une prise en charge institutionnelle vers un soutien centr\u00e9 sur la vie dans la communaut\u00e9<\/a> a publi\u00e9 en octobre 2017 sept recommandations aux fins de garantir que le socle europ\u00e9en des droits sociaux devienne un outil efficace de mise en \u0153uvre de la Convention des Nations Unies relative aux Droits des Personnes Handicap\u00e9es.<\/span><\/p>\n<blockquote><p><span style=\"font-size: 12pt\"><a href=\"http:\/\/www.autismeurope.org\/blog\/2017\/10\/10\/the-eeg-position-on-the-social-pillar-and-european-semester\/\"><strong>En savoir plus <\/strong><\/a><\/span><\/p><\/blockquote>\n","protected":false},"excerpt":{"rendered":"<p>En amont du Sommet social de l\u2019UE pour des emplois et une croissance \u00e9quitables qui aura lieu le 17 novembre \u00e0 Gothenburg, le Forum Europ\u00e9en des Personnes Handicap\u00e9es (FEPH) a &hellip; <\/p>\n<p class=\"link-more\"><a href=\"https:\/\/www.autismeurope.org\/fr\/blog\/2017\/11\/10\/des-representants-du-handicap-agissent-pour-garantir-un-solide-socle-europeen-des-droits-sociaux\/\" class=\"more-link\">Continue reading<span class=\"screen-reader-text\"> \u00ab\u00a0Des repr\u00e9sentants du handicap agissent pour garantir un solide socle europ\u00e9en des droits sociaux\u00a0\u00bb<\/span><\/a><\/p>\n","protected":false},"author":32,"featured_media":24477,"comment_status":"closed","ping_status":"closed","sticky":false,"template":"","format":"standard","meta":{"_acf_changed":false,"_bbp_topic_count":0,"_bbp_reply_count":0,"_bbp_total_topic_count":0,"_bbp_total_reply_count":0,"_bbp_voice_count":0,"_bbp_anonymous_reply_count":0,"_bbp_topic_count_hidden":0,"_bbp_reply_count_hidden":0,"_bbp_forum_subforum_count":0,"footnotes":""},"categories":[95],"tags":[2773,2771,2777],"class_list":["post-24428","post","type-post","status-publish","format-standard","has-post-thumbnail","hentry","category-news-fr","tag-partenariats-et-reseaux-europeens","tag-plaidoyer","tag-promotion-des-droits"],"acf":[],"_links":{"self":[{"href":"https:\/\/www.autismeurope.org\/fr\/wp-json\/wp\/v2\/posts\/24428","targetHints":{"allow":["GET"]}}],"collection":[{"href":"https:\/\/www.autismeurope.org\/fr\/wp-json\/wp\/v2\/posts"}],"about":[{"href":"https:\/\/www.autismeurope.org\/fr\/wp-json\/wp\/v2\/types\/post"}],"author":[{"embeddable":true,"href":"https:\/\/www.autismeurope.org\/fr\/wp-json\/wp\/v2\/users\/32"}],"replies":[{"embeddable":true,"href":"https:\/\/www.autismeurope.org\/fr\/wp-json\/wp\/v2\/comments?post=24428"}],"version-history":[{"count":6,"href":"https:\/\/www.autismeurope.org\/fr\/wp-json\/wp\/v2\/posts\/24428\/revisions"}],"predecessor-version":[{"id":24646,"href":"https:\/\/www.autismeurope.org\/fr\/wp-json\/wp\/v2\/posts\/24428\/revisions\/24646"}],"wp:featuredmedia":[{"embeddable":true,"href":"https:\/\/www.autismeurope.org\/fr\/wp-json\/wp\/v2\/media\/24477"}],"wp:attachment":[{"href":"https:\/\/www.autismeurope.org\/fr\/wp-json\/wp\/v2\/media?parent=24428"}],"wp:term":[{"taxonomy":"category","embeddable":true,"href":"https:\/\/www.autismeurope.org\/fr\/wp-json\/wp\/v2\/categories?post=24428"},{"taxonomy":"post_tag","embeddable":true,"href":"https:\/\/www.autismeurope.org\/fr\/wp-json\/wp\/v2\/tags?post=24428"}],"curies":[{"name":"wp","href":"https:\/\/api.w.org\/{rel}","templated":true}]}}