{"id":24459,"date":"2017-09-29T10:50:36","date_gmt":"2017-09-29T08:50:36","guid":{"rendered":"http:\/\/www.autismeurope.org\/fr\/?p=24459"},"modified":"2018-08-13T12:35:54","modified_gmt":"2018-08-13T10:35:54","slug":"les-leaders-europeens-interagissent-avec-zeno-au-sommet-numerique-de-tallinn","status":"publish","type":"post","link":"https:\/\/www.autismeurope.org\/fr\/blog\/2017\/09\/29\/les-leaders-europeens-interagissent-avec-zeno-au-sommet-numerique-de-tallinn\/","title":{"rendered":"Les leaders europ\u00e9ens interagissent avec Zeno au Sommet num\u00e9rique de Tallinn"},"content":{"rendered":"<blockquote><p><span style=\"font-size: 12pt\"><strong>Un premier prototype de technologie robotis\u00e9e Zeno (de Robokind), d\u00e9velopp\u00e9 par le<a href=\"http:\/\/www.autismeurope.org\/fr\/projet-de-enigma-interaction-entre-humains-et-robots-pour-le-developpement-de-limagination-sociale-des-enfants-autistes-2016-2019\/\" target=\"_blank\" rel=\"noopener\"> projet DE-ENIGMA<\/a>, auquel participe Autisme-Europe, a \u00e9t\u00e9 pr\u00e9sent\u00e9 au sommet num\u00e9rique de Tallinn o\u00f9 \u00e9taient rassembl\u00e9s les leaders europ\u00e9ens lors de la pr\u00e9sidence estonienne du Conseil de l\u2019Union europ\u00e9enne.<\/strong><\/span><\/p>\n<p><span style=\"font-size: 12pt\"><strong>Le projet, financ\u00e9 par le programme cadre europ\u00e9en Horizon 2020, r\u00e9volutionne la th\u00e9rapie de l\u2019autisme par son enseignement adapt\u00e9 sur l\u2019expression et de la reconnaissance des \u00e9motions. <\/strong><\/span><\/p><\/blockquote>\n<p><span style=\"font-size: 12pt\">Le 29 septembre, dans le cadre de <u>l\u2019exposition tenue au centre cr\u00e9atif de Tallinn<\/u> (<em>Kultuurikatel<\/em>), le <u>projet DE-ENIGMA<\/u> a \u00e9t\u00e9 pr\u00e9sent\u00e9 aux leaders europ\u00e9ens en tant que meilleur projet num\u00e9rique soutenu par l\u2019UE. L\u2019\u00e9v\u00e9nement avait pour but de pr\u00e9senter de nouvelles technologies et de nouveaux projets pour illustrer l\u2019impact de la technologie sur le potentiel de la soci\u00e9t\u00e9 dans son ensemble.<\/span><\/p>\n<p><span style=\"font-size: 12pt\">Les visiteurs du stand DE-ENIGMA ont \u00e9t\u00e9 inform\u00e9s de l\u2019objectif global du projet et ont particip\u00e9 \u00e0 la d\u00e9monstration de jeux que peut fournir Zeno pour remplir cet objectif. Le projet DE-ENIGMA d\u00e9veloppe de l\u2019intelligence artificielle pour un robot commercial qui sera capable de traiter les mouvements, le ton de la voix et les mimiques des enfants afin de leur proposer lui-m\u00eame des activit\u00e9s adapt\u00e9es sur les \u00e9motions, de les aider, d\u2019interagir et de jouer avec eux.<\/span><\/p>\n<p><span style=\"font-size: 12pt\">re jeux diff\u00e9rents (d\u2019abord test\u00e9s par les visiteurs de l\u2019exposition) ont \u00e9t\u00e9 d\u00e9velopp\u00e9s et jusqu\u2019ici test\u00e9s aupr\u00e8s de 128 enfants.<\/span><\/p>\n<h2><span style=\"font-size: 14pt\"><strong>L\u2019autisme et les robots<\/strong><\/span><\/h2>\n<p><span style=\"font-size: 12pt\">De r\u00e9cents d\u00e9veloppements dans la technologique de l\u2019interaction homme-robot ont conduit \u00e0 des essais sur l\u2019enseignement de la reconnaissance et de l\u2019expression des \u00e9motions aux personnes autistes en utilisant des robots humano\u00efdes. De premi\u00e8res constatations sugg\u00e8rent que ces essais sont efficaces dans les th\u00e9rapies psycho\u00e9ducationnelles pour les enfants autistes. Cela s\u2019explique principalement par le fait que les robots humano\u00efdes sont per\u00e7us par les enfants autistes comme \u00e9tant plus pr\u00e9visibles, moins compliqu\u00e9s, moins intimidants que les humains avec toutes leurs subtilit\u00e9s et leurs nuances et qu\u2019il est d\u00e8s lors plus facile de communiquer avec des robots.<\/span><\/p>\n<blockquote><p><span style=\"font-size: 12pt\"><strong><a href=\"http:\/\/autismeurope.akimedia.eu\/eu-project-de-enigma-playfully-empowering-autistic-children-2016-2019\/\">En savoir plus sur le projet DE-ENIGMA<\/a><\/strong><\/span><\/p>\n<p><span style=\"font-size: 12pt\"><strong><a href=\"https:\/\/www.dropbox.com\/s\/ji7tj5kdfhb7ic9\/DE-ENIGMA%20at%20the%20Tallinn%20Digital%20Summit_Press%20Kit_September%202017.zip?dl=0\">T\u00e9l\u00e9charger le dossier de presse DE-ENIGMA pour l\u2019\u00e9v\u00e9nement<\/a><\/strong><\/span><\/p><\/blockquote>\n","protected":false},"excerpt":{"rendered":"<p>Un premier prototype de technologie robotis\u00e9e Zeno (de Robokind), d\u00e9velopp\u00e9 par le projet DE-ENIGMA, auquel participe Autisme-Europe, a \u00e9t\u00e9 pr\u00e9sent\u00e9 au sommet num\u00e9rique de Tallinn o\u00f9 \u00e9taient rassembl\u00e9s les leaders &hellip; <\/p>\n<p class=\"link-more\"><a href=\"https:\/\/www.autismeurope.org\/fr\/blog\/2017\/09\/29\/les-leaders-europeens-interagissent-avec-zeno-au-sommet-numerique-de-tallinn\/\" class=\"more-link\">Continue reading<span class=\"screen-reader-text\"> \u00ab\u00a0Les leaders europ\u00e9ens interagissent avec Zeno au Sommet num\u00e9rique de Tallinn\u00a0\u00bb<\/span><\/a><\/p>\n","protected":false},"author":32,"featured_media":4113,"comment_status":"closed","ping_status":"closed","sticky":false,"template":"","format":"standard","meta":{"_acf_changed":false,"_bbp_topic_count":0,"_bbp_reply_count":0,"_bbp_total_topic_count":0,"_bbp_total_reply_count":0,"_bbp_voice_count":0,"_bbp_anonymous_reply_count":0,"_bbp_topic_count_hidden":0,"_bbp_reply_count_hidden":0,"_bbp_forum_subforum_count":0,"footnotes":""},"categories":[95],"tags":[2686,2698,2766,2773,2699],"class_list":["post-24459","post","type-post","status-publish","format-standard","has-post-thumbnail","hentry","category-news-fr","tag-activites-ae","tag-institutions-europeennes","tag-lifestyle-fr","tag-partenariats-et-reseaux-europeens","tag-projets-europeens"],"acf":[],"_links":{"self":[{"href":"https:\/\/www.autismeurope.org\/fr\/wp-json\/wp\/v2\/posts\/24459","targetHints":{"allow":["GET"]}}],"collection":[{"href":"https:\/\/www.autismeurope.org\/fr\/wp-json\/wp\/v2\/posts"}],"about":[{"href":"https:\/\/www.autismeurope.org\/fr\/wp-json\/wp\/v2\/types\/post"}],"author":[{"embeddable":true,"href":"https:\/\/www.autismeurope.org\/fr\/wp-json\/wp\/v2\/users\/32"}],"replies":[{"embeddable":true,"href":"https:\/\/www.autismeurope.org\/fr\/wp-json\/wp\/v2\/comments?post=24459"}],"version-history":[{"count":4,"href":"https:\/\/www.autismeurope.org\/fr\/wp-json\/wp\/v2\/posts\/24459\/revisions"}],"predecessor-version":[{"id":24714,"href":"https:\/\/www.autismeurope.org\/fr\/wp-json\/wp\/v2\/posts\/24459\/revisions\/24714"}],"wp:featuredmedia":[{"embeddable":true,"href":"https:\/\/www.autismeurope.org\/fr\/wp-json\/wp\/v2\/media\/4113"}],"wp:attachment":[{"href":"https:\/\/www.autismeurope.org\/fr\/wp-json\/wp\/v2\/media?parent=24459"}],"wp:term":[{"taxonomy":"category","embeddable":true,"href":"https:\/\/www.autismeurope.org\/fr\/wp-json\/wp\/v2\/categories?post=24459"},{"taxonomy":"post_tag","embeddable":true,"href":"https:\/\/www.autismeurope.org\/fr\/wp-json\/wp\/v2\/tags?post=24459"}],"curies":[{"name":"wp","href":"https:\/\/api.w.org\/{rel}","templated":true}]}}