{"id":24865,"date":"2012-12-20T15:46:25","date_gmt":"2012-12-20T14:46:25","guid":{"rendered":"http:\/\/www.autismeurope.org\/fr\/?p=24865"},"modified":"2018-08-13T17:42:51","modified_gmt":"2018-08-13T15:42:51","slug":"nouveau-projet-deducation-sexuelle-pour-les-personnes-avec-un-handicap-intellectuel","status":"publish","type":"post","link":"https:\/\/www.autismeurope.org\/fr\/blog\/2012\/12\/20\/nouveau-projet-deducation-sexuelle-pour-les-personnes-avec-un-handicap-intellectuel\/","title":{"rendered":"Nouveau projet d\u2019\u00e9ducation sexuelle pour les personnes avec un handicap intellectuel"},"content":{"rendered":"<p><span style=\"font-size: 12pt\">Le projet SEAD (projet d\u2019\u00e9ducation sexuelle \u00e0 l\u2019intention\u00a0 des adultes avec handicap, de leurs parents et du personnel concern\u00e9) va d\u00e9velopper des m\u00e9thodes novatrices et cr\u00e9atives pour \u00e9duquer les personnes\u00a0 avec un handicap intellectuel\u00a0 \u00e0 la sant\u00e9 sexuelle et aux relations intimes.<\/span><\/p>\n<p><span style=\"font-size: 12pt\">Le projet vise \u00e0 s\u2019attaquer au manque d\u2019information et de connaissances dans le domaine de l\u2019\u00e9ducation sexuelle parmi les adultes\u00a0 avec un handicap intellectuel, leurs parents et le personnel d\u2019associations concern\u00e9es. Le projet cherche \u00e0 trouver des fa\u00e7ons innovantes en vue de donner une \u00e9ducation efficace sur ce th\u00e8me, notamment en utilisant la cr\u00e9ativit\u00e9 et l\u2019art.<\/span><\/p>\n<p><span style=\"font-size: 12pt\">Les r\u00e9sultats de recherches\u00a0 \u00e0 l&rsquo;\u00e9chelle europ\u00e9enne et des \u00e9tudes comparatives seront utilis\u00e9s pour r\u00e9pertorier les bonnes pratiques dans le domaine et produire des outils de communication adapt\u00e9s.<\/span><\/p>\n<p><span style=\"font-size: 12pt\">Autisme-Europe est une des associations europ\u00e9ennes partenaires de ce projet.<\/span><\/p>\n<p><span style=\"font-size: 12pt\">Ce projet, qui a d\u00e9but\u00e9 en octobre 2012, est financ\u00e9 par le programme Grundtvig de l\u2019Union europ\u00e9enne et sera en cours jusqu\u2019en septembre 2015.<\/span><\/p>\n<p>&nbsp;<\/p>\n<blockquote><p><span style=\"font-size: 12pt\"><strong>Pour en savoir plus sur le projet SEAD, s\u2019adresser \u00e0 : <a href=\"mailto:secretariat@autismeurope.org\">secretariat@autismeurope.org<\/a><\/strong><\/span><\/p><\/blockquote>\n","protected":false},"excerpt":{"rendered":"<p>Le projet SEAD (projet d\u2019\u00e9ducation sexuelle \u00e0 l\u2019intention\u00a0 des adultes avec handicap, de leurs parents et du personnel concern\u00e9) va d\u00e9velopper des m\u00e9thodes novatrices et cr\u00e9atives pour \u00e9duquer les personnes\u00a0 &hellip; <\/p>\n<p class=\"link-more\"><a href=\"https:\/\/www.autismeurope.org\/fr\/blog\/2012\/12\/20\/nouveau-projet-deducation-sexuelle-pour-les-personnes-avec-un-handicap-intellectuel\/\" class=\"more-link\">Continue reading<span class=\"screen-reader-text\"> \u00ab\u00a0Nouveau projet d\u2019\u00e9ducation sexuelle pour les personnes avec un handicap intellectuel\u00a0\u00bb<\/span><\/a><\/p>\n","protected":false},"author":32,"featured_media":4214,"comment_status":"closed","ping_status":"closed","sticky":false,"template":"","format":"standard","meta":{"_acf_changed":false,"_bbp_topic_count":0,"_bbp_reply_count":0,"_bbp_total_topic_count":0,"_bbp_total_reply_count":0,"_bbp_voice_count":0,"_bbp_anonymous_reply_count":0,"_bbp_topic_count_hidden":0,"_bbp_reply_count_hidden":0,"_bbp_forum_subforum_count":0,"footnotes":""},"categories":[95],"tags":[2686,2699],"class_list":["post-24865","post","type-post","status-publish","format-standard","has-post-thumbnail","hentry","category-news-fr","tag-activites-ae","tag-projets-europeens"],"acf":[],"_links":{"self":[{"href":"https:\/\/www.autismeurope.org\/fr\/wp-json\/wp\/v2\/posts\/24865","targetHints":{"allow":["GET"]}}],"collection":[{"href":"https:\/\/www.autismeurope.org\/fr\/wp-json\/wp\/v2\/posts"}],"about":[{"href":"https:\/\/www.autismeurope.org\/fr\/wp-json\/wp\/v2\/types\/post"}],"author":[{"embeddable":true,"href":"https:\/\/www.autismeurope.org\/fr\/wp-json\/wp\/v2\/users\/32"}],"replies":[{"embeddable":true,"href":"https:\/\/www.autismeurope.org\/fr\/wp-json\/wp\/v2\/comments?post=24865"}],"version-history":[{"count":1,"href":"https:\/\/www.autismeurope.org\/fr\/wp-json\/wp\/v2\/posts\/24865\/revisions"}],"predecessor-version":[{"id":24866,"href":"https:\/\/www.autismeurope.org\/fr\/wp-json\/wp\/v2\/posts\/24865\/revisions\/24866"}],"wp:featuredmedia":[{"embeddable":true,"href":"https:\/\/www.autismeurope.org\/fr\/wp-json\/wp\/v2\/media\/4214"}],"wp:attachment":[{"href":"https:\/\/www.autismeurope.org\/fr\/wp-json\/wp\/v2\/media?parent=24865"}],"wp:term":[{"taxonomy":"category","embeddable":true,"href":"https:\/\/www.autismeurope.org\/fr\/wp-json\/wp\/v2\/categories?post=24865"},{"taxonomy":"post_tag","embeddable":true,"href":"https:\/\/www.autismeurope.org\/fr\/wp-json\/wp\/v2\/tags?post=24865"}],"curies":[{"name":"wp","href":"https:\/\/api.w.org\/{rel}","templated":true}]}}