{"id":24909,"date":"2012-12-04T10:30:08","date_gmt":"2012-12-04T09:30:08","guid":{"rendered":"http:\/\/www.autismeurope.org\/fr\/?p=24909"},"modified":"2018-08-13T17:51:30","modified_gmt":"2018-08-13T15:51:30","slug":"berlin-laureate-de-laccess-city-2013","status":"publish","type":"post","link":"https:\/\/www.autismeurope.org\/fr\/blog\/2012\/12\/04\/berlin-laureate-de-laccess-city-2013\/","title":{"rendered":"Berlin, laur\u00e9ate de l\u2019Access City 2013"},"content":{"rendered":"<p><span style=\"font-size: 12pt\">Le 3 d\u00e9cembre 2013, Berlin (Allemagne) a \u00e9t\u00e9 proclam\u00e9e laur\u00e9ate de l\u2019Access City 2013 par la Commission europ\u00e9enne.<\/span><\/p>\n<p><span style=\"font-size: 12pt\">L\u2019<a href=\"http:\/\/ec.europa.eu\/social\/main.jsp?catId=1141\" target=\"_blank\" rel=\"noopener\">Access City Award<\/a> reconna\u00eet et r\u00e9compense les villes de plus de 50 000 habitants qui prennent des initiatives exemplaires quant \u00e0 l\u2019accessibilit\u00e9 de l\u2019espace urbain.<\/span><\/p>\n<p>&nbsp;<\/p>\n<blockquote><p><span style=\"font-size: 12pt\"><strong><a href=\"http:\/\/ec.europa.eu\/social\/main.jsp?langId=en&amp;catId=89&amp;newsId=1748&amp;furtherNews=yes\" target=\"_blank\" rel=\"noopener\">En savoir plus (en anglais)<\/a><\/strong><\/span><\/p><\/blockquote>\n","protected":false},"excerpt":{"rendered":"<p>Le 3 d\u00e9cembre 2013, Berlin (Allemagne) a \u00e9t\u00e9 proclam\u00e9e laur\u00e9ate de l\u2019Access City 2013 par la Commission europ\u00e9enne. L\u2019Access City Award reconna\u00eet et r\u00e9compense les villes de plus de 50 &hellip; <\/p>\n<p class=\"link-more\"><a href=\"https:\/\/www.autismeurope.org\/fr\/blog\/2012\/12\/04\/berlin-laureate-de-laccess-city-2013\/\" class=\"more-link\">Continue reading<span class=\"screen-reader-text\"> \u00ab\u00a0Berlin, laur\u00e9ate de l\u2019Access City 2013\u00a0\u00bb<\/span><\/a><\/p>\n","protected":false},"author":32,"featured_media":3417,"comment_status":"closed","ping_status":"closed","sticky":false,"template":"","format":"standard","meta":{"_acf_changed":false,"_bbp_topic_count":0,"_bbp_reply_count":0,"_bbp_total_topic_count":0,"_bbp_total_reply_count":0,"_bbp_voice_count":0,"_bbp_anonymous_reply_count":0,"_bbp_topic_count_hidden":0,"_bbp_reply_count_hidden":0,"_bbp_forum_subforum_count":0,"footnotes":""},"categories":[95],"tags":[2698,2766],"class_list":["post-24909","post","type-post","status-publish","format-standard","has-post-thumbnail","hentry","category-news-fr","tag-institutions-europeennes","tag-lifestyle-fr"],"acf":[],"_links":{"self":[{"href":"https:\/\/www.autismeurope.org\/fr\/wp-json\/wp\/v2\/posts\/24909","targetHints":{"allow":["GET"]}}],"collection":[{"href":"https:\/\/www.autismeurope.org\/fr\/wp-json\/wp\/v2\/posts"}],"about":[{"href":"https:\/\/www.autismeurope.org\/fr\/wp-json\/wp\/v2\/types\/post"}],"author":[{"embeddable":true,"href":"https:\/\/www.autismeurope.org\/fr\/wp-json\/wp\/v2\/users\/32"}],"replies":[{"embeddable":true,"href":"https:\/\/www.autismeurope.org\/fr\/wp-json\/wp\/v2\/comments?post=24909"}],"version-history":[{"count":1,"href":"https:\/\/www.autismeurope.org\/fr\/wp-json\/wp\/v2\/posts\/24909\/revisions"}],"predecessor-version":[{"id":24910,"href":"https:\/\/www.autismeurope.org\/fr\/wp-json\/wp\/v2\/posts\/24909\/revisions\/24910"}],"wp:featuredmedia":[{"embeddable":true,"href":"https:\/\/www.autismeurope.org\/fr\/wp-json\/wp\/v2\/media\/3417"}],"wp:attachment":[{"href":"https:\/\/www.autismeurope.org\/fr\/wp-json\/wp\/v2\/media?parent=24909"}],"wp:term":[{"taxonomy":"category","embeddable":true,"href":"https:\/\/www.autismeurope.org\/fr\/wp-json\/wp\/v2\/categories?post=24909"},{"taxonomy":"post_tag","embeddable":true,"href":"https:\/\/www.autismeurope.org\/fr\/wp-json\/wp\/v2\/tags?post=24909"}],"curies":[{"name":"wp","href":"https:\/\/api.w.org\/{rel}","templated":true}]}}