{"id":24976,"date":"2012-10-06T15:42:02","date_gmt":"2012-10-06T13:42:02","guid":{"rendered":"http:\/\/www.autismeurope.org\/fr\/?p=24976"},"modified":"2018-08-14T10:41:07","modified_gmt":"2018-08-14T08:41:07","slug":"lautisme-et-le-vieillissement-fil-conducteur-des-journees-europeennes-de-lautisme-2012","status":"publish","type":"post","link":"https:\/\/www.autismeurope.org\/fr\/blog\/2012\/10\/06\/lautisme-et-le-vieillissement-fil-conducteur-des-journees-europeennes-de-lautisme-2012\/","title":{"rendered":"L\u2019Autisme et le vieillissement, fil conducteur des Journ\u00e9es europ\u00e9ennes de l\u2019Autisme 2012"},"content":{"rendered":"<p><span style=\"font-size: 12pt\">Cette ann\u00e9e, les Journ\u00e9es Europ\u00e9ennes de l\u2019Autisme avaient pour th\u00e8me l\u2019autisme et le vieillissement, une probl\u00e9matique qui concerne d\u00e9sormais un grand nombre d\u2019associations de l\u2019autisme et qui reste souvent encore peu trait\u00e9.<\/span><\/p>\n<p><span style=\"font-size: 12pt\">Cet \u00e9v\u00e9nement annuel de trois jours s\u2019est articul\u00e9 autour des activit\u00e9s suivantes\u00a0:<\/span><\/p>\n<ul>\n<li><span style=\"font-size: 12pt\">Une conf\u00e9rence sur l\u2019autisme et le vieillissement, intitul\u00e9e \u00abL\u2019Autisme et les d\u00e9fis li\u00e9s au vieillissement\u00a0\u00bb. Cette conf\u00e9rence a eu lieu \u00e0 Lyon, en France. Elle a \u00e9t\u00e9 l\u2019occasion pour 220 participants de toute l\u2019Europe de partager leurs exp\u00e9riences et leurs bonnes pratiques\u00a0;<\/span><\/li>\n<li><span style=\"font-size: 12pt\">Une visite d\u2019\u00e9tude des services du Village S\u00e9same-Autisme de Messimy en France, services destin\u00e9s aux personnes \u00e2g\u00e9es ayant des troubles du spectre autistiques et des besoins de grande d\u00e9pendance. La visite a r\u00e9uni une cinquantaine de participants en provenance d\u2019une vingtaine de pays europ\u00e9ens.<\/span><\/li>\n<li><span style=\"font-size: 12pt\">Une r\u00e9union avec des membres de d\u2019une association lyonnaise de personnes avec le syndrome d\u2019Asperger<\/span><\/li>\n<li><span style=\"font-size: 12pt\">La r\u00e9union du Conseil d\u2019Administration d\u2019Autisme-Europe \u00e0 Lyon\u00a0;<\/span><\/li>\n<li><span style=\"font-size: 12pt\">Une pr\u00e9sentation du projet de rapport d\u2019Autisme-Europe sur l\u2019autisme et le vieillissement<\/span><\/li>\n<\/ul>\n<p><span style=\"font-size: 12pt\">Les \u00ab\u00a0Journ\u00e9es Europ\u00e9ennes de l\u2019Autisme\u00a0\u00bb ont \u00e9t\u00e9 initi\u00e9es par Autisme-Europe dans le but d\u2019encourager l\u2019\u00e9change mutuel de connaissances entre les associations de l\u2019autisme et un public plus large. Les \u00ab\u00a0Journ\u00e9es Europ\u00e9ennes de l\u2019Autisme\u00a0\u00bb ont lieu chaque ann\u00e9e en octobre.<\/span><\/p>\n<p><span style=\"font-size: 12pt\">Cette ann\u00e9e, les Journ\u00e9es Europ\u00e9ennes de l\u2019Autisme ont \u00e9t\u00e9 organis\u00e9es par Autisme-Europe, en collaboration avec notre association membre fran\u00e7aise et h\u00f4te S\u00e9same Autisme et l\u2019Association canadienne de l\u2019Autisme TED Sans Fronti\u00e8res. Ces \u00e9v\u00e9nements s\u2019inscrivent \u00e9galement sur le th\u00e8me de<a href=\"http:\/\/ec.europa.eu\/social\/main.jsp?langId=fr&amp;catId=89&amp;newsId=2129\" target=\"_blank\" rel=\"noopener\"> l\u2019Ann\u00e9e Europ\u00e9enne 2012 pour le Vieillissement actif et la Solidarit\u00e9 entre les g\u00e9n\u00e9rations.<\/a><\/span><\/p>\n","protected":false},"excerpt":{"rendered":"<p>Cette ann\u00e9e, les Journ\u00e9es Europ\u00e9ennes de l\u2019Autisme avaient pour th\u00e8me l\u2019autisme et le vieillissement, une probl\u00e9matique qui concerne d\u00e9sormais un grand nombre d\u2019associations de l\u2019autisme et qui reste souvent encore &hellip; <\/p>\n<p class=\"link-more\"><a href=\"https:\/\/www.autismeurope.org\/fr\/blog\/2012\/10\/06\/lautisme-et-le-vieillissement-fil-conducteur-des-journees-europeennes-de-lautisme-2012\/\" class=\"more-link\">Continue reading<span class=\"screen-reader-text\"> \u00ab\u00a0L\u2019Autisme et le vieillissement, fil conducteur des Journ\u00e9es europ\u00e9ennes de l\u2019Autisme 2012\u00a0\u00bb<\/span><\/a><\/p>\n","protected":false},"author":32,"featured_media":1945,"comment_status":"closed","ping_status":"closed","sticky":false,"template":"","format":"standard","meta":{"_acf_changed":false,"_bbp_topic_count":0,"_bbp_reply_count":0,"_bbp_total_topic_count":0,"_bbp_total_reply_count":0,"_bbp_voice_count":0,"_bbp_anonymous_reply_count":0,"_bbp_topic_count_hidden":0,"_bbp_reply_count_hidden":0,"_bbp_forum_subforum_count":0,"footnotes":""},"categories":[95],"tags":[2686,2698],"class_list":["post-24976","post","type-post","status-publish","format-standard","has-post-thumbnail","hentry","category-news-fr","tag-activites-ae","tag-institutions-europeennes"],"acf":[],"_links":{"self":[{"href":"https:\/\/www.autismeurope.org\/fr\/wp-json\/wp\/v2\/posts\/24976","targetHints":{"allow":["GET"]}}],"collection":[{"href":"https:\/\/www.autismeurope.org\/fr\/wp-json\/wp\/v2\/posts"}],"about":[{"href":"https:\/\/www.autismeurope.org\/fr\/wp-json\/wp\/v2\/types\/post"}],"author":[{"embeddable":true,"href":"https:\/\/www.autismeurope.org\/fr\/wp-json\/wp\/v2\/users\/32"}],"replies":[{"embeddable":true,"href":"https:\/\/www.autismeurope.org\/fr\/wp-json\/wp\/v2\/comments?post=24976"}],"version-history":[{"count":1,"href":"https:\/\/www.autismeurope.org\/fr\/wp-json\/wp\/v2\/posts\/24976\/revisions"}],"predecessor-version":[{"id":24977,"href":"https:\/\/www.autismeurope.org\/fr\/wp-json\/wp\/v2\/posts\/24976\/revisions\/24977"}],"wp:featuredmedia":[{"embeddable":true,"href":"https:\/\/www.autismeurope.org\/fr\/wp-json\/wp\/v2\/media\/1945"}],"wp:attachment":[{"href":"https:\/\/www.autismeurope.org\/fr\/wp-json\/wp\/v2\/media?parent=24976"}],"wp:term":[{"taxonomy":"category","embeddable":true,"href":"https:\/\/www.autismeurope.org\/fr\/wp-json\/wp\/v2\/categories?post=24976"},{"taxonomy":"post_tag","embeddable":true,"href":"https:\/\/www.autismeurope.org\/fr\/wp-json\/wp\/v2\/tags?post=24976"}],"curies":[{"name":"wp","href":"https:\/\/api.w.org\/{rel}","templated":true}]}}