{"id":24983,"date":"2015-04-03T11:06:11","date_gmt":"2015-04-03T09:06:11","guid":{"rendered":"http:\/\/www.autismeurope.org\/fr\/?p=24983"},"modified":"2018-08-13T15:39:54","modified_gmt":"2018-08-13T13:39:54","slug":"autisme-europe-lance-sa-campagne-autisme-arretons-la-discrimination","status":"publish","type":"post","link":"https:\/\/www.autismeurope.org\/fr\/blog\/2015\/04\/03\/autisme-europe-lance-sa-campagne-autisme-arretons-la-discrimination\/","title":{"rendered":"Autisme-Europe lance sa campagne \u00ab Autisme. Arr\u00eatons la discrimination ! \u00bb"},"content":{"rendered":"<p><span style=\"font-size: 12pt\">A l\u2019occasion de la Journ\u00e9e mondiale de sensibilisation \u00e0 l\u2019autisme c\u00e9l\u00e9br\u00e9e le 2 avril, Autisme-Europe a lanc\u00e9 une campagne pour appeler les d\u00e9cideurs politiques \u00e0 favoriser l\u2019inclusion des personnes autistes dans tous les domaines de la vie. Parfois, la discrimination est \u00e9vidente, par exemple, lorsqu\u2019un enfant ne peut aller \u00e0 l\u2019\u00e9cole. A d\u2019autres moments, ce l\u2019est moins, par exemple, lorsque des adultes autistes n\u2019ont pas acc\u00e8s au soutien dont ils ont besoin faute de financement public.<\/span><\/p>\n<p><span style=\"font-size: 12pt\"><img loading=\"lazy\" decoding=\"async\" class=\"aligncenter wp-image-4224\" src=\"http:\/\/www.autismeurope.org\/wp-content\/uploads\/2015\/04\/Stop-Discrimination-square.png\" alt=\"\" width=\"500\" height=\"500\" srcset=\"https:\/\/www.autismeurope.org\/wp-content\/uploads\/2015\/04\/Stop-Discrimination-square.png 617w, https:\/\/www.autismeurope.org\/wp-content\/uploads\/2015\/04\/Stop-Discrimination-square-150x150.png 150w, https:\/\/www.autismeurope.org\/wp-content\/uploads\/2015\/04\/Stop-Discrimination-square-300x300.png 300w, https:\/\/www.autismeurope.org\/wp-content\/uploads\/2015\/04\/Stop-Discrimination-square-100x100.png 100w\" sizes=\"auto, (max-width: 500px) 100vw, 500px\" \/><\/span><\/p>\n<p>&nbsp;<\/p>\n<p><span style=\"font-size: 12pt\">En vertu de la Convention des Nations Unies sur les Droits des Personnes Handicap\u00e9es, les personnes autistes ont\u00a0 le droit \u00e0 la protection contre la discrimination et le droit d\u2019\u00eatre incluses dans leur communaut\u00e9. Elles ont aussi le droit au soutien \u00e0 l\u2019\u00e9ducation, \u00e0 l\u2019emploi ainsi qu\u2019\u00e0 d\u2019autres formes de soutien. La plupart des pays europ\u00e9ens ont aussi des lois pour pr\u00e9venir la discrimination et soutenir les personnes handicap\u00e9es. Cependant, pour que ces droits et ces lois puissent faire la diff\u00e9rence, ils doivent \u00eatre traduits par des actions concr\u00e8tes.<\/span><\/p>\n<p><span style=\"font-size: 12pt\">Autisme-Europe fait appel \u00e0 l\u2019opinion publique pour l\u2019aider \u00e0 demander aux d\u00e9cideurs politiques europ\u00e9ens de s\u2019informer davantage sur l\u2019autisme et de prendre des mesures pour pr\u00e9venir la discrimination et promouvoir l\u2019inclusion.<\/span><\/p>\n<p>&nbsp;<\/p>\n<blockquote><p><span style=\"font-size: 12pt\"><strong><a href=\"http:\/\/www.autismeurope.org\/fr\/autisme-arretons-la-discrimination-journee-mondiale-de-sensibilisation-a-lautisme-2015\/\" target=\"_blank\" rel=\"noopener\">En savoir plus<\/a>\u00a0<\/strong><\/span><\/p><\/blockquote>\n","protected":false},"excerpt":{"rendered":"<p>A l\u2019occasion de la Journ\u00e9e mondiale de sensibilisation \u00e0 l\u2019autisme c\u00e9l\u00e9br\u00e9e le 2 avril, Autisme-Europe a lanc\u00e9 une campagne pour appeler les d\u00e9cideurs politiques \u00e0 favoriser l\u2019inclusion des personnes autistes &hellip; <\/p>\n<p class=\"link-more\"><a href=\"https:\/\/www.autismeurope.org\/fr\/blog\/2015\/04\/03\/autisme-europe-lance-sa-campagne-autisme-arretons-la-discrimination\/\" class=\"more-link\">Continue reading<span class=\"screen-reader-text\"> \u00ab\u00a0Autisme-Europe lance sa campagne \u00ab Autisme. Arr\u00eatons la discrimination ! \u00bb\u00a0\u00bb<\/span><\/a><\/p>\n","protected":false},"author":32,"featured_media":4224,"comment_status":"closed","ping_status":"closed","sticky":false,"template":"","format":"standard","meta":{"_acf_changed":false,"_bbp_topic_count":0,"_bbp_reply_count":0,"_bbp_total_topic_count":0,"_bbp_total_reply_count":0,"_bbp_voice_count":0,"_bbp_anonymous_reply_count":0,"_bbp_topic_count_hidden":0,"_bbp_reply_count_hidden":0,"_bbp_forum_subforum_count":0,"footnotes":""},"categories":[95],"tags":[2686,2772],"class_list":["post-24983","post","type-post","status-publish","format-standard","has-post-thumbnail","hentry","category-news-fr","tag-activites-ae","tag-sensibilisation"],"acf":[],"_links":{"self":[{"href":"https:\/\/www.autismeurope.org\/fr\/wp-json\/wp\/v2\/posts\/24983","targetHints":{"allow":["GET"]}}],"collection":[{"href":"https:\/\/www.autismeurope.org\/fr\/wp-json\/wp\/v2\/posts"}],"about":[{"href":"https:\/\/www.autismeurope.org\/fr\/wp-json\/wp\/v2\/types\/post"}],"author":[{"embeddable":true,"href":"https:\/\/www.autismeurope.org\/fr\/wp-json\/wp\/v2\/users\/32"}],"replies":[{"embeddable":true,"href":"https:\/\/www.autismeurope.org\/fr\/wp-json\/wp\/v2\/comments?post=24983"}],"version-history":[{"count":1,"href":"https:\/\/www.autismeurope.org\/fr\/wp-json\/wp\/v2\/posts\/24983\/revisions"}],"predecessor-version":[{"id":24984,"href":"https:\/\/www.autismeurope.org\/fr\/wp-json\/wp\/v2\/posts\/24983\/revisions\/24984"}],"wp:featuredmedia":[{"embeddable":true,"href":"https:\/\/www.autismeurope.org\/fr\/wp-json\/wp\/v2\/media\/4224"}],"wp:attachment":[{"href":"https:\/\/www.autismeurope.org\/fr\/wp-json\/wp\/v2\/media?parent=24983"}],"wp:term":[{"taxonomy":"category","embeddable":true,"href":"https:\/\/www.autismeurope.org\/fr\/wp-json\/wp\/v2\/categories?post=24983"},{"taxonomy":"post_tag","embeddable":true,"href":"https:\/\/www.autismeurope.org\/fr\/wp-json\/wp\/v2\/tags?post=24983"}],"curies":[{"name":"wp","href":"https:\/\/api.w.org\/{rel}","templated":true}]}}