{"id":25053,"date":"2012-06-08T16:38:19","date_gmt":"2012-06-08T14:38:19","guid":{"rendered":"http:\/\/www.autismeurope.org\/fr\/?p=25053"},"modified":"2018-08-14T10:46:21","modified_gmt":"2018-08-14T08:46:21","slug":"deux-nouveaux-rapports-de-lue-montrent-que-les-droits-des-personnes-handicapees-ne-sont-pas-prets-de-devenir-realite","status":"publish","type":"post","link":"https:\/\/www.autismeurope.org\/fr\/blog\/2012\/06\/08\/deux-nouveaux-rapports-de-lue-montrent-que-les-droits-des-personnes-handicapees-ne-sont-pas-prets-de-devenir-realite\/","title":{"rendered":"Deux  nouveaux rapports de l\u2019UE montrent que les droits des personnes handicap\u00e9es ne sont pas pr\u00eats de devenir r\u00e9alit\u00e9"},"content":{"rendered":"<p><span style=\"font-size: 12pt\">Deux nouveaux rapports montrent que la discrimination \u00e0 l\u2019encontre des personnes souffrant de maladies mentales et d\u2019incapacit\u00e9s mentales persiste en Europe en d\u00e9pit de la ratification de la Convention des Nations Unies relative aux Droits des Personnes Handicap\u00e9es (CNUDPH) par l\u2019UE et 21 de ses Etats membres.<\/span><\/p>\n<p><span style=\"font-size: 12pt\">Les deux nouveaux rapports de l\u2019Agence des Droits Fondamentaux de l\u2019Union Europ\u00e9enne recueillent les cas d\u2019exclusion et de discrimination v\u00e9cus par les personnes souffrant de maladies mentales et d\u2019incapacit\u00e9s mentales. Ces rapports soulignent la n\u00e9cessit\u00e9 de renoncer aux placements en institution et de pr\u00e9f\u00e9rer les structures bas\u00e9es sur la une vie dans la communaut\u00e9. Selon ces rapports, il est \u00e9galement important de reformuler les lois et les politiques en vue de les rendre plus inclusives.<\/span><\/p>\n<p>&nbsp;<\/p>\n<blockquote><p><span style=\"font-size: 12pt\"><strong><a href=\"http:\/\/fra.europa.eu\/en\/press-release\/2012\/despite-legislation-disability-rights-not-realised-practice\" target=\"_blank\" rel=\"noopener\">Rapports et informations<\/a><\/strong><\/span><\/p><\/blockquote>\n","protected":false},"excerpt":{"rendered":"<p>Deux nouveaux rapports montrent que la discrimination \u00e0 l\u2019encontre des personnes souffrant de maladies mentales et d\u2019incapacit\u00e9s mentales persiste en Europe en d\u00e9pit de la ratification de la Convention des &hellip; <\/p>\n<p class=\"link-more\"><a href=\"https:\/\/www.autismeurope.org\/fr\/blog\/2012\/06\/08\/deux-nouveaux-rapports-de-lue-montrent-que-les-droits-des-personnes-handicapees-ne-sont-pas-prets-de-devenir-realite\/\" class=\"more-link\">Continue reading<span class=\"screen-reader-text\"> \u00ab\u00a0Deux  nouveaux rapports de l\u2019UE montrent que les droits des personnes handicap\u00e9es ne sont pas pr\u00eats de devenir r\u00e9alit\u00e9\u00a0\u00bb<\/span><\/a><\/p>\n","protected":false},"author":32,"featured_media":24251,"comment_status":"closed","ping_status":"closed","sticky":false,"template":"","format":"standard","meta":{"_acf_changed":false,"_bbp_topic_count":0,"_bbp_reply_count":0,"_bbp_total_topic_count":0,"_bbp_total_reply_count":0,"_bbp_voice_count":0,"_bbp_anonymous_reply_count":0,"_bbp_topic_count_hidden":0,"_bbp_reply_count_hidden":0,"_bbp_forum_subforum_count":0,"footnotes":""},"categories":[95],"tags":[2776],"class_list":["post-25053","post","type-post","status-publish","format-standard","has-post-thumbnail","hentry","category-news-fr","tag-ressources-recherche-et-publications"],"acf":[],"_links":{"self":[{"href":"https:\/\/www.autismeurope.org\/fr\/wp-json\/wp\/v2\/posts\/25053","targetHints":{"allow":["GET"]}}],"collection":[{"href":"https:\/\/www.autismeurope.org\/fr\/wp-json\/wp\/v2\/posts"}],"about":[{"href":"https:\/\/www.autismeurope.org\/fr\/wp-json\/wp\/v2\/types\/post"}],"author":[{"embeddable":true,"href":"https:\/\/www.autismeurope.org\/fr\/wp-json\/wp\/v2\/users\/32"}],"replies":[{"embeddable":true,"href":"https:\/\/www.autismeurope.org\/fr\/wp-json\/wp\/v2\/comments?post=25053"}],"version-history":[{"count":1,"href":"https:\/\/www.autismeurope.org\/fr\/wp-json\/wp\/v2\/posts\/25053\/revisions"}],"predecessor-version":[{"id":25054,"href":"https:\/\/www.autismeurope.org\/fr\/wp-json\/wp\/v2\/posts\/25053\/revisions\/25054"}],"wp:featuredmedia":[{"embeddable":true,"href":"https:\/\/www.autismeurope.org\/fr\/wp-json\/wp\/v2\/media\/24251"}],"wp:attachment":[{"href":"https:\/\/www.autismeurope.org\/fr\/wp-json\/wp\/v2\/media?parent=25053"}],"wp:term":[{"taxonomy":"category","embeddable":true,"href":"https:\/\/www.autismeurope.org\/fr\/wp-json\/wp\/v2\/categories?post=25053"},{"taxonomy":"post_tag","embeddable":true,"href":"https:\/\/www.autismeurope.org\/fr\/wp-json\/wp\/v2\/tags?post=25053"}],"curies":[{"name":"wp","href":"https:\/\/api.w.org\/{rel}","templated":true}]}}