{"id":25167,"date":"2011-09-08T11:36:21","date_gmt":"2011-09-08T09:36:21","guid":{"rendered":"http:\/\/www.autismeurope.org\/fr\/?p=25167"},"modified":"2018-08-14T10:55:01","modified_gmt":"2018-08-14T08:55:01","slug":"la-vice-presidente-dautisme-europe-presente-la-campagne-liberte-de-circulation-au-parlement-europeen","status":"publish","type":"post","link":"https:\/\/www.autismeurope.org\/fr\/blog\/2011\/09\/08\/la-vice-presidente-dautisme-europe-presente-la-campagne-liberte-de-circulation-au-parlement-europeen\/","title":{"rendered":"La Vice-pr\u00e9sidente d\u2019Autisme-Europe pr\u00e9sente la Campagne \u00ab Libert\u00e9 de circulation \u00bb au Parlement europ\u00e9en"},"content":{"rendered":"<p><span style=\"font-size: 12pt\">Le 7 septembre, Donata Vivanti, vice-pr\u00e9sidente d\u2019Autisme-Europe et vice-pr\u00e9sidente du Forum Europ\u00e9en des Personnes Handicap\u00e9es, a particip\u00e9 \u00e0 une audition sur la mobilit\u00e9 et l\u2019inclusion des personnes handicap\u00e9es au Parlement europ\u00e9en, sous la houlette du groupe EPP (chr\u00e9tiens-d\u00e9mocrates).<\/span><\/p>\n<p><span style=\"font-size: 12pt\">Donata a pr\u00e9sent\u00e9 la campagne d\u2019EDF, intitul\u00e9e \u00ab\u00a0Libert\u00e9 de circulation\u00a0\u00bb en vue d\u2019informer les\u00a0 hauts fonctionnaires europ\u00e9ens sur les nombreux obstacles rencontr\u00e9s par les personnes handicap\u00e9es lorsqu\u2019elles veulent \u00e9tudier, chercher du travail, voyager, acheter des biens et des services ou simplement avoir acc\u00e8s \u00e0 de l\u2019information dans un autre Etat membre.<\/span><\/p>\n<p><span style=\"font-size: 12pt\">L\u2019audition \u00e9tait pr\u00e9sid\u00e9e par \u00c1d\u00e1m K\u00f3sa\u00a0 (groupe EPP, Hongrie), le seul d\u00e9put\u00e9 europ\u00e9en sourd. Etaient \u00e9galement pr\u00e9sents Viviane Reding, Vice-pr\u00e9sidente de la Commission europ\u00e9enne en charge de la Justice, des Droits fondamentaux et de la Citoyennet\u00e9 et Morten Kjaerum, directeur de l\u2019Agence europ\u00e9enne des Droits fondamentaux (FRA).<\/span><\/p>\n<p>&nbsp;<\/p>\n<blockquote><p><span style=\"font-size: 12pt\"><strong>En savoir plus sur <a href=\"http:\/\/www.edf-feph.org\/freedom-movement\" target=\"_blank\" rel=\"noopener\">la campagne \u00ab\u00a0Libert\u00e9 de circulation\u00a0\u00bb<\/a><\/strong><\/span><\/p><\/blockquote>\n","protected":false},"excerpt":{"rendered":"<p>Le 7 septembre, Donata Vivanti, vice-pr\u00e9sidente d\u2019Autisme-Europe et vice-pr\u00e9sidente du Forum Europ\u00e9en des Personnes Handicap\u00e9es, a particip\u00e9 \u00e0 une audition sur la mobilit\u00e9 et l\u2019inclusion des personnes handicap\u00e9es au Parlement &hellip; <\/p>\n<p class=\"link-more\"><a href=\"https:\/\/www.autismeurope.org\/fr\/blog\/2011\/09\/08\/la-vice-presidente-dautisme-europe-presente-la-campagne-liberte-de-circulation-au-parlement-europeen\/\" class=\"more-link\">Continue reading<span class=\"screen-reader-text\"> \u00ab\u00a0La Vice-pr\u00e9sidente d\u2019Autisme-Europe pr\u00e9sente la Campagne \u00ab Libert\u00e9 de circulation \u00bb au Parlement europ\u00e9en\u00a0\u00bb<\/span><\/a><\/p>\n","protected":false},"author":32,"featured_media":24702,"comment_status":"closed","ping_status":"closed","sticky":false,"template":"","format":"standard","meta":{"_acf_changed":false,"_bbp_topic_count":0,"_bbp_reply_count":0,"_bbp_total_topic_count":0,"_bbp_total_reply_count":0,"_bbp_voice_count":0,"_bbp_anonymous_reply_count":0,"_bbp_topic_count_hidden":0,"_bbp_reply_count_hidden":0,"_bbp_forum_subforum_count":0,"footnotes":""},"categories":[95],"tags":[2686,2777,2772],"class_list":["post-25167","post","type-post","status-publish","format-standard","has-post-thumbnail","hentry","category-news-fr","tag-activites-ae","tag-promotion-des-droits","tag-sensibilisation"],"acf":[],"_links":{"self":[{"href":"https:\/\/www.autismeurope.org\/fr\/wp-json\/wp\/v2\/posts\/25167","targetHints":{"allow":["GET"]}}],"collection":[{"href":"https:\/\/www.autismeurope.org\/fr\/wp-json\/wp\/v2\/posts"}],"about":[{"href":"https:\/\/www.autismeurope.org\/fr\/wp-json\/wp\/v2\/types\/post"}],"author":[{"embeddable":true,"href":"https:\/\/www.autismeurope.org\/fr\/wp-json\/wp\/v2\/users\/32"}],"replies":[{"embeddable":true,"href":"https:\/\/www.autismeurope.org\/fr\/wp-json\/wp\/v2\/comments?post=25167"}],"version-history":[{"count":1,"href":"https:\/\/www.autismeurope.org\/fr\/wp-json\/wp\/v2\/posts\/25167\/revisions"}],"predecessor-version":[{"id":25168,"href":"https:\/\/www.autismeurope.org\/fr\/wp-json\/wp\/v2\/posts\/25167\/revisions\/25168"}],"wp:featuredmedia":[{"embeddable":true,"href":"https:\/\/www.autismeurope.org\/fr\/wp-json\/wp\/v2\/media\/24702"}],"wp:attachment":[{"href":"https:\/\/www.autismeurope.org\/fr\/wp-json\/wp\/v2\/media?parent=25167"}],"wp:term":[{"taxonomy":"category","embeddable":true,"href":"https:\/\/www.autismeurope.org\/fr\/wp-json\/wp\/v2\/categories?post=25167"},{"taxonomy":"post_tag","embeddable":true,"href":"https:\/\/www.autismeurope.org\/fr\/wp-json\/wp\/v2\/tags?post=25167"}],"curies":[{"name":"wp","href":"https:\/\/api.w.org\/{rel}","templated":true}]}}