{"id":25189,"date":"2011-01-05T14:12:52","date_gmt":"2011-01-05T13:12:52","guid":{"rendered":"http:\/\/www.autismeurope.org\/fr\/?p=25189"},"modified":"2018-08-14T11:02:00","modified_gmt":"2018-08-14T09:02:00","slug":"victoire-historique-pour-les-droits-de-lhomme-lunion-europeenne-ratifie-la-convention-de-lonu","status":"publish","type":"post","link":"https:\/\/www.autismeurope.org\/fr\/blog\/2011\/01\/05\/victoire-historique-pour-les-droits-de-lhomme-lunion-europeenne-ratifie-la-convention-de-lonu\/","title":{"rendered":"Victoire historique pour les Droits de l\u2019Homme : L\u2019Union Europ\u00e9enne ratifie la Convention de l\u2019ONU"},"content":{"rendered":"<p><span style=\"font-size: 12pt\"><strong>5 janvier 2011 (mis \u00e0 jour le 1er f\u00e9vrier) \/\/\/<\/strong>\u00a0 Le 23 d\u00e9cembre, l\u2019Union europ\u00e9enne a formellement conclu la convention de l\u2019ONU relative aux droits des personnes handicap\u00e9es, devenant ainsi le premier groupe intergouvernemental \u00e0 ratifier un trait\u00e9 relatif aux droits de l\u2019homme. Le mouvement des personnes handicap\u00e9es s\u2019est assur\u00e9 que l\u2019Union europ\u00e9enne ratifie la convention avant la fin de l\u2019ann\u00e9e 2010. Le Forum Europ\u00e9en des Personnes Handicap\u00e9es et Autisme-Europe se r\u00e9jouissent de cette avanc\u00e9e, qui constitue un remarquable progr\u00e8s et contribuera \u00e0 am\u00e9liorer la vie des 80 millions de personnes en situation de handicap en Europe. <\/span><\/p>\n<h2><span style=\"font-size: 14pt\">Le Mouvement Europ\u00e9en des Personnes Handicap\u00e9es se r\u00e9jouit de cette ratification historique.<\/span><\/h2>\n<p><span style=\"font-size: 12pt\">Il s\u2019agit d\u2019un changement de politique majeur quant \u00e0 l\u2019application des droits de l\u2019homme pour tous les Europ\u00e9ens et le placement du handicap en priorit\u00e9 de l\u2019ordre du jour des droits de l\u2019homme.<\/span><\/p>\n<p><span style=\"font-size: 12pt\">Dans l\u2019Union europ\u00e9enne, plus de 80 millions de personnes sont en situation de handicap, soit plus de 15% de la population de 27 pays. 11 des 27 Etats membres n\u2019ont pas encore ratifi\u00e9 le trait\u00e9.<\/span><\/p>\n<p><span style=\"font-size: 12pt\">Le mouvement europ\u00e9en des personnes handicap\u00e9es reconna\u00eet le r\u00f4le cl\u00e9 jou\u00e9 par la Pr\u00e9sidence belge, qui s\u2019\u00e9tait engag\u00e9e \u00e0 mener \u00e0 bien la ratification de la Convention ONU et y est parvenue.<\/span><\/p>\n<h2><span style=\"font-size: 14pt\">Les prochaines \u00e9tapes pour s\u2019assurer du succ\u00e8s de son application<\/span><\/h2>\n<p><span style=\"font-size: 12pt\">Tout d\u2019abord, La Convention de l\u2019ONU stipule que chaque \u00e9tat membre de la Convention doit \u00e9tablir un point de contact pour coordonner son application. Au niveau europ\u00e9en, l\u2019action concr\u00e8te que les personnes handicap\u00e9es recommandent est la d\u00e9signation du bureau du Secr\u00e9taire g\u00e9n\u00e9ral de la Commission europ\u00e9enne, afin de s\u2019assurer que le handicap soit int\u00e9gr\u00e9 partout dans la vie sociale. Le Mouvement Europ\u00e9en des Personnes Handicap\u00e9es demande \u00e0 la pr\u00e9sidence hongroise de travailler activement \u00e0 la mise en \u0153uvre de la Convention pendant les premiers mois de l\u2019ann\u00e9e 2011.<\/span><\/p>\n<p><span style=\"font-size: 12pt\">Ensuite, le Mouvement Europ\u00e9en des Personnes Handicap\u00e9es souligne l\u2019importance del\u2019implication des organisations de personnes handicap\u00e9es dans l\u2019application du trait\u00e9.<\/span><\/p>\n<h2><span style=\"font-size: 14pt\">Dans quelle mesure cette Convention est-elle contraignante pour les Etats membres et pour l\u2019Union europ\u00e9enne?<\/span><\/h2>\n<p><span style=\"font-size: 12pt\">Toutes les institutions de l\u2019Union europ\u00e9enne devront d\u00e9sormais appliquer les valeurs de la Convention dans toutes les politiques relevant de leur comp\u00e9tence garantissant l\u2019int\u00e9gration du handicap. Du transport \u00e0 l\u2019emploi et des technologies de l\u2019information et de la communication \u00e0 la coop\u00e9ration de d\u00e9veloppement. Cela implique \u00e9galement qu\u2019ils doivent adapter l\u2019acc\u00e8s \u00e0 leurs b\u00e2timents, leurs emplois et la politique de communication.<\/span><\/p>\n","protected":false},"excerpt":{"rendered":"<p>5 janvier 2011 (mis \u00e0 jour le 1er f\u00e9vrier) \/\/\/\u00a0 Le 23 d\u00e9cembre, l\u2019Union europ\u00e9enne a formellement conclu la convention de l\u2019ONU relative aux droits des personnes handicap\u00e9es, devenant ainsi &hellip; <\/p>\n<p class=\"link-more\"><a href=\"https:\/\/www.autismeurope.org\/fr\/blog\/2011\/01\/05\/victoire-historique-pour-les-droits-de-lhomme-lunion-europeenne-ratifie-la-convention-de-lonu\/\" class=\"more-link\">Continue reading<span class=\"screen-reader-text\"> \u00ab\u00a0Victoire historique pour les Droits de l\u2019Homme : L\u2019Union Europ\u00e9enne ratifie la Convention de l\u2019ONU\u00a0\u00bb<\/span><\/a><\/p>\n","protected":false},"author":32,"featured_media":3690,"comment_status":"closed","ping_status":"closed","sticky":false,"template":"","format":"standard","meta":{"_acf_changed":false,"_bbp_topic_count":0,"_bbp_reply_count":0,"_bbp_total_topic_count":0,"_bbp_total_reply_count":0,"_bbp_voice_count":0,"_bbp_anonymous_reply_count":0,"_bbp_topic_count_hidden":0,"_bbp_reply_count_hidden":0,"_bbp_forum_subforum_count":0,"footnotes":""},"categories":[95],"tags":[2720,2698,2777],"class_list":["post-25189","post","type-post","status-publish","format-standard","has-post-thumbnail","hentry","category-news-fr","tag-cnudph","tag-institutions-europeennes","tag-promotion-des-droits"],"acf":[],"_links":{"self":[{"href":"https:\/\/www.autismeurope.org\/fr\/wp-json\/wp\/v2\/posts\/25189","targetHints":{"allow":["GET"]}}],"collection":[{"href":"https:\/\/www.autismeurope.org\/fr\/wp-json\/wp\/v2\/posts"}],"about":[{"href":"https:\/\/www.autismeurope.org\/fr\/wp-json\/wp\/v2\/types\/post"}],"author":[{"embeddable":true,"href":"https:\/\/www.autismeurope.org\/fr\/wp-json\/wp\/v2\/users\/32"}],"replies":[{"embeddable":true,"href":"https:\/\/www.autismeurope.org\/fr\/wp-json\/wp\/v2\/comments?post=25189"}],"version-history":[{"count":1,"href":"https:\/\/www.autismeurope.org\/fr\/wp-json\/wp\/v2\/posts\/25189\/revisions"}],"predecessor-version":[{"id":25190,"href":"https:\/\/www.autismeurope.org\/fr\/wp-json\/wp\/v2\/posts\/25189\/revisions\/25190"}],"wp:featuredmedia":[{"embeddable":true,"href":"https:\/\/www.autismeurope.org\/fr\/wp-json\/wp\/v2\/media\/3690"}],"wp:attachment":[{"href":"https:\/\/www.autismeurope.org\/fr\/wp-json\/wp\/v2\/media?parent=25189"}],"wp:term":[{"taxonomy":"category","embeddable":true,"href":"https:\/\/www.autismeurope.org\/fr\/wp-json\/wp\/v2\/categories?post=25189"},{"taxonomy":"post_tag","embeddable":true,"href":"https:\/\/www.autismeurope.org\/fr\/wp-json\/wp\/v2\/tags?post=25189"}],"curies":[{"name":"wp","href":"https:\/\/api.w.org\/{rel}","templated":true}]}}