{"id":25197,"date":"2010-10-11T14:37:37","date_gmt":"2010-10-11T12:37:37","guid":{"rendered":"http:\/\/www.autismeurope.org\/fr\/?p=25197"},"modified":"2018-08-14T11:08:29","modified_gmt":"2018-08-14T09:08:29","slug":"ixe-congres-international-autisme-europe-un-futur-pour-lautisme","status":"publish","type":"post","link":"https:\/\/www.autismeurope.org\/fr\/blog\/2010\/10\/11\/ixe-congres-international-autisme-europe-un-futur-pour-lautisme\/","title":{"rendered":"IXe Congr\u00e8s International Autisme-Europe : \u00ab Un futur pour l\u2019autisme \u00bb"},"content":{"rendered":"<p><span style=\"font-size: 12pt\"><strong>Le 9<sup>e<\/sup> Congr\u00e8s international d\u2019Autisme-Europe, intitul\u00e9 \u00ab\u00a0Un futur pour l\u2019autisme\u00a0\u00bb, s\u2019est tenu \u00e0 Catane, en Italie, du 8 au 10\u00a0octobre\u00a02010. Cet \u00e9v\u00e9nement a \u00e9t\u00e9 l\u2019occasion de partager les connaissances actuelles sur un large \u00e9ventail de questions relatives \u00e0 l\u2019autisme, depuis les caract\u00e9ristiques g\u00e9n\u00e9tiques et les d\u00e9couvertes neurobiologiques jusqu\u2019au d\u00e9veloppement social et cognitif, en passant par le diagnostic, la classification, l\u2019intervention et les politiques.<\/strong><\/span><\/p>\n<p><span style=\"font-size: 12pt\">Quelque 1200 d\u00e9l\u00e9gu\u00e9s, chercheurs, professionnels, parents et personnes autistes venues d\u00e9fendre elles-m\u00eames leurs int\u00e9r\u00eats, en provenance du monde entier, ont saisi cette occasion unique de discuter avec les scientifiques les plus r\u00e9put\u00e9s dans le domaine des troubles du spectre autistique (TSA) de leurs pr\u00e9occupations et de leur espoir que des progr\u00e8s significatifs soient rapidement r\u00e9alis\u00e9s, en ce qui concerne la compr\u00e9hension de la maladie, le financement de la recherche et le soutien apport\u00e9 aux personnes souffrant de TSA dans le monde.<\/span><\/p>\n<p><span style=\"font-size: 12pt\">18 orateurs principaux, 70 orateurs s\u00e9lectionn\u00e9s, 185 auteurs d\u2019affiches s\u00e9lectionn\u00e9s et d\u2019autres personnalit\u00e9s de renom intervenant au niveau des politiques europ\u00e9ennes ont contribu\u00e9 \u00e0 la r\u00e9ussite du Congr\u00e8s de par la qualit\u00e9 et la diversit\u00e9 de leurs pr\u00e9sentations. Elles ont illustr\u00e9 en d\u00e9tail la formidable \u00e9volution de la compr\u00e9hension des TSA au cours des trois derni\u00e8res ann\u00e9es, et ce que cela implique au niveau de l\u2019intervention.<\/span><\/p>\n<p><span style=\"font-size: 12pt\">L\u2019\u00e9volution du savoir scientifique s\u2019explique surtout par le recours accru aux conceptions exp\u00e9rimentales, par l\u2019application de l\u2019oculom\u00e9trie (analyse des mouvements oculaires), par l\u2019utilisation de l\u2019imagerie enc\u00e9phalique fonctionnelle et par les \u00e9tudes prospectives de fratries, d\u00e8s le plus jeune \u00e2ge.<\/span><\/p>\n<p><span style=\"font-size: 12pt\">Des avanc\u00e9es encore plus importantes devraient avoir lieu ces prochaines ann\u00e9es dans les domaines de la pr\u00e9vention et de l\u2019intervention. Un meilleur futur pour l\u2019autisme, pour les personnes concern\u00e9es et pour leurs familles est \u00e0 port\u00e9e de main.<\/span><\/p>\n<p>&nbsp;<\/p>\n<blockquote><p><span style=\"font-size: 12pt\"><strong><a href=\"http:\/\/www.autismeurope.org\/fr\/ixe-congres-international-autisme-europe-2010\/\" target=\"_blank\" rel=\"noopener\">En savoir plus<\/a><\/strong><\/span><\/p><\/blockquote>\n","protected":false},"excerpt":{"rendered":"<p>Le 9e Congr\u00e8s international d\u2019Autisme-Europe, intitul\u00e9 \u00ab\u00a0Un futur pour l\u2019autisme\u00a0\u00bb, s\u2019est tenu \u00e0 Catane, en Italie, du 8 au 10\u00a0octobre\u00a02010. Cet \u00e9v\u00e9nement a \u00e9t\u00e9 l\u2019occasion de partager les connaissances actuelles &hellip; <\/p>\n<p class=\"link-more\"><a href=\"https:\/\/www.autismeurope.org\/fr\/blog\/2010\/10\/11\/ixe-congres-international-autisme-europe-un-futur-pour-lautisme\/\" class=\"more-link\">Continue reading<span class=\"screen-reader-text\"> \u00ab\u00a0IXe Congr\u00e8s International Autisme-Europe : \u00ab Un futur pour l\u2019autisme \u00bb\u00a0\u00bb<\/span><\/a><\/p>\n","protected":false},"author":32,"featured_media":1945,"comment_status":"closed","ping_status":"closed","sticky":false,"template":"","format":"standard","meta":{"_acf_changed":false,"_bbp_topic_count":0,"_bbp_reply_count":0,"_bbp_total_topic_count":0,"_bbp_total_reply_count":0,"_bbp_voice_count":0,"_bbp_anonymous_reply_count":0,"_bbp_topic_count_hidden":0,"_bbp_reply_count_hidden":0,"_bbp_forum_subforum_count":0,"footnotes":""},"categories":[95],"tags":[2686,2774,2777],"class_list":["post-25197","post","type-post","status-publish","format-standard","has-post-thumbnail","hentry","category-news-fr","tag-activites-ae","tag-evenements-et-formations","tag-promotion-des-droits"],"acf":[],"_links":{"self":[{"href":"https:\/\/www.autismeurope.org\/fr\/wp-json\/wp\/v2\/posts\/25197","targetHints":{"allow":["GET"]}}],"collection":[{"href":"https:\/\/www.autismeurope.org\/fr\/wp-json\/wp\/v2\/posts"}],"about":[{"href":"https:\/\/www.autismeurope.org\/fr\/wp-json\/wp\/v2\/types\/post"}],"author":[{"embeddable":true,"href":"https:\/\/www.autismeurope.org\/fr\/wp-json\/wp\/v2\/users\/32"}],"replies":[{"embeddable":true,"href":"https:\/\/www.autismeurope.org\/fr\/wp-json\/wp\/v2\/comments?post=25197"}],"version-history":[{"count":1,"href":"https:\/\/www.autismeurope.org\/fr\/wp-json\/wp\/v2\/posts\/25197\/revisions"}],"predecessor-version":[{"id":25199,"href":"https:\/\/www.autismeurope.org\/fr\/wp-json\/wp\/v2\/posts\/25197\/revisions\/25199"}],"wp:featuredmedia":[{"embeddable":true,"href":"https:\/\/www.autismeurope.org\/fr\/wp-json\/wp\/v2\/media\/1945"}],"wp:attachment":[{"href":"https:\/\/www.autismeurope.org\/fr\/wp-json\/wp\/v2\/media?parent=25197"}],"wp:term":[{"taxonomy":"category","embeddable":true,"href":"https:\/\/www.autismeurope.org\/fr\/wp-json\/wp\/v2\/categories?post=25197"},{"taxonomy":"post_tag","embeddable":true,"href":"https:\/\/www.autismeurope.org\/fr\/wp-json\/wp\/v2\/tags?post=25197"}],"curies":[{"name":"wp","href":"https:\/\/api.w.org\/{rel}","templated":true}]}}