{"id":26079,"date":"2018-02-26T10:23:11","date_gmt":"2018-02-26T09:23:11","guid":{"rendered":"http:\/\/www.autismeurope.org\/fr\/?p=26079"},"modified":"2018-08-13T11:25:50","modified_gmt":"2018-08-13T09:25:50","slug":"80-des-jeunes-autistes-ont-deja-rencontre-des-problemes-de-sante-mentale","status":"publish","type":"post","link":"https:\/\/www.autismeurope.org\/fr\/blog\/2018\/02\/26\/80-des-jeunes-autistes-ont-deja-rencontre-des-problemes-de-sante-mentale\/","title":{"rendered":"80% des jeunes autistes ont d\u00e9j\u00e0 rencontr\u00e9 des probl\u00e8mes de sant\u00e9 mentale"},"content":{"rendered":"<blockquote><p><span style=\"font-size: 12pt\"><strong>Le rapport intitul\u00e9 \u201c<em>Know your normal: young people with autism\u2019s experience of mental health<\/em>\u201d (Connais ta normalit\u00e9 : les probl\u00e8mes de sant\u00e9 mentale chez les jeunes autistes, trad. libre), lanc\u00e9 par <em>Ambitious about autism<\/em> et le Centre de recherche en \u00e9ducation des personnes autistes (CRAE) en juin 2017, disponible gratuitement en ligne, explore les probl\u00e8mes de sant\u00e9 mentale des jeunes autistes (entre 16 et 25 ans) en Angleterre et fournit des recommandations sur la fa\u00e7on de r\u00e9pondre au mieux \u00e0 leurs besoins.<\/strong><\/span><\/p><\/blockquote>\n<p><span style=\"font-size: 12pt\">Dans le cadre des travaux de recherche, men\u00e9s par Georgia Harper, Fern Adams et Jack Welch (de jeunes ambassadeurs autistes d\u2019Ambitious about Autism), et par deux chercheuses du CRAE Laura Crane et Liz Pellicano, 130 jeunes autistes ont \u00e9t\u00e9 interrog\u00e9s sur leurs besoins\u00a0en lien avec la\u00a0sant\u00e9 mentale et sur leur qu\u00eate de soutien.<\/span><\/p>\n<p><span style=\"font-size: 12pt\">Tandis que l\u2019autisme n\u2019est pas une condition de sant\u00e9 mentale,\u00a0 70 \u00e0 80% des enfants et des adultes autistes ont d\u00e9j\u00e0 rencontr\u00e9 des probl\u00e8mes de sant\u00e9 mentale. Cet aspect ne passe pas inaper\u00e7u puisque les personnes autistes, leurs familles, et les personnes qui travaillent \u00e0 leurs c\u00f4t\u00e9s estiment que la sant\u00e9 mentale devrait \u00eatre un domaine de recherche prioritaire. En d\u00e9pit des efforts d\u00e9ploy\u00e9s pour pallier au manque de connaissances dans ce domaine, peu de travaux explorent les besoins de sant\u00e9 mentale des jeunes autistes.<\/span><\/p>\n<p><span style=\"font-size: 12pt\">Le rapport met en exergue trois facteurs cl\u00e9s qui, selon les jeunes autistes, auront un impact positif sur leur sant\u00e9 mentale :<\/span><\/p>\n<ul>\n<li><span style=\"font-size: 12pt\">Soutien pour identifier et exprimer leur ressenti ;<\/span><\/li>\n<li><span style=\"font-size: 12pt\">Lutte contre la stigmatisation et renforcement des connaissances dans le domaine de la sant\u00e9 mentale et de l\u2019autisme ;<\/span><\/li>\n<li><span style=\"font-size: 12pt\">Acc\u00e8s \u00e0 un soutien sp\u00e9cifique \u00e0 chaque fois qu\u2019ils en ont besoin.<\/span><\/li>\n<\/ul>\n<p><span style=\"font-size: 12pt\">Les r\u00e9sultats ont soulign\u00e9 le fait que 80% des jeunes interrog\u00e9s ont d\u00e9j\u00e0 eu des probl\u00e8mes de sant\u00e9 mentale. En outre, ces jeunes ont relat\u00e9 combien ils s\u2019\u00e9taient sentis malheureux, d\u00e9prim\u00e9s, inutiles, \u00ab\u00a0\u00e0 cran\u00a0\u00bb, incapables de surmonter leurs difficult\u00e9s et manquant de confiance en eux. Beaucoup de jeunes avaient l\u2019impression que ces probl\u00e8mes \u00e9manaient de la pression due au fait de devoir se comporter \u00ab\u00a0normalement\u00a0\u00bb dans un monde neurotypique.<\/span><\/p>\n<p><span style=\"font-size: 12pt\">Cette recherche s\u2019inscrit dans la campagne d\u2019<em>Ambitious about Autism<\/em> intitul\u00e9e \u201c<em>Know your Normal<\/em>\u201d lanc\u00e9e par des jeunes autistes afin de mieux faire comprendre\u00a0comment promouvoir\u00a0le bien-\u00eatre des enfants et des jeunes autistes. Le projet entend\u00a0\u00e9galement montrer, en donnant la parole aux jeunes, qu\u2019une journ\u00e9e ordinaire d\u2019une personne autiste peut \u00eatre tr\u00e8s diff\u00e9rente de celle d\u2019un neurotypique.<\/span><\/p>\n<blockquote><p><span style=\"font-size: 12pt\"><strong><a href=\"http:\/\/journals.sagepub.com\/stoken\/default+domain\/CRzijYnfvn3Wff6yBiPu\/full\" target=\"_blank\" rel=\"noopener\">Lire l\u2019article \u201cKnow your normal : young people with autism\u2019s experience of mental health\u201d (en anglais)<\/a><\/strong><\/span><\/p>\n<p><span style=\"font-size: 12pt\"><strong><a href=\"http:\/\/www.knowyournormal.co.uk\" target=\"_blank\" rel=\"noopener\">En savoir plus sur la campagne \u00ab\u00a0Know your Normal\u201d (en anglais)<\/a><\/strong><\/span><\/p><\/blockquote>\n","protected":false},"excerpt":{"rendered":"<p>Le rapport intitul\u00e9 \u201cKnow your normal: young people with autism\u2019s experience of mental health\u201d (Connais ta normalit\u00e9 : les probl\u00e8mes de sant\u00e9 mentale chez les jeunes autistes, trad. libre), lanc\u00e9 &hellip; <\/p>\n<p class=\"link-more\"><a href=\"https:\/\/www.autismeurope.org\/fr\/blog\/2018\/02\/26\/80-des-jeunes-autistes-ont-deja-rencontre-des-problemes-de-sante-mentale\/\" class=\"more-link\">Continue reading<span class=\"screen-reader-text\"> \u00ab\u00a080% des jeunes autistes ont d\u00e9j\u00e0 rencontr\u00e9 des probl\u00e8mes de sant\u00e9 mentale\u00a0\u00bb<\/span><\/a><\/p>\n","protected":false},"author":32,"featured_media":26048,"comment_status":"closed","ping_status":"closed","sticky":false,"template":"","format":"standard","meta":{"_acf_changed":false,"_bbp_topic_count":0,"_bbp_reply_count":0,"_bbp_total_topic_count":0,"_bbp_total_reply_count":0,"_bbp_voice_count":0,"_bbp_anonymous_reply_count":0,"_bbp_topic_count_hidden":0,"_bbp_reply_count_hidden":0,"_bbp_forum_subforum_count":0,"footnotes":""},"categories":[95],"tags":[2770,2776,2772],"class_list":["post-26079","post","type-post","status-publish","format-standard","has-post-thumbnail","hentry","category-news-fr","tag-actions-por-le-bien-etre","tag-ressources-recherche-et-publications","tag-sensibilisation"],"acf":[],"_links":{"self":[{"href":"https:\/\/www.autismeurope.org\/fr\/wp-json\/wp\/v2\/posts\/26079","targetHints":{"allow":["GET"]}}],"collection":[{"href":"https:\/\/www.autismeurope.org\/fr\/wp-json\/wp\/v2\/posts"}],"about":[{"href":"https:\/\/www.autismeurope.org\/fr\/wp-json\/wp\/v2\/types\/post"}],"author":[{"embeddable":true,"href":"https:\/\/www.autismeurope.org\/fr\/wp-json\/wp\/v2\/users\/32"}],"replies":[{"embeddable":true,"href":"https:\/\/www.autismeurope.org\/fr\/wp-json\/wp\/v2\/comments?post=26079"}],"version-history":[{"count":4,"href":"https:\/\/www.autismeurope.org\/fr\/wp-json\/wp\/v2\/posts\/26079\/revisions"}],"predecessor-version":[{"id":26495,"href":"https:\/\/www.autismeurope.org\/fr\/wp-json\/wp\/v2\/posts\/26079\/revisions\/26495"}],"wp:featuredmedia":[{"embeddable":true,"href":"https:\/\/www.autismeurope.org\/fr\/wp-json\/wp\/v2\/media\/26048"}],"wp:attachment":[{"href":"https:\/\/www.autismeurope.org\/fr\/wp-json\/wp\/v2\/media?parent=26079"}],"wp:term":[{"taxonomy":"category","embeddable":true,"href":"https:\/\/www.autismeurope.org\/fr\/wp-json\/wp\/v2\/categories?post=26079"},{"taxonomy":"post_tag","embeddable":true,"href":"https:\/\/www.autismeurope.org\/fr\/wp-json\/wp\/v2\/tags?post=26079"}],"curies":[{"name":"wp","href":"https:\/\/api.w.org\/{rel}","templated":true}]}}