{"id":26461,"date":"2018-04-20T10:38:03","date_gmt":"2018-04-20T08:38:03","guid":{"rendered":"http:\/\/www.autismeurope.org\/fr\/?p=26461"},"modified":"2018-08-13T11:05:22","modified_gmt":"2018-08-13T09:05:22","slug":"reaction-par-rapport-aux-recherches-devoilant-la-cooperation-de-hans-asperger-avec-le-regime-nazi","status":"publish","type":"post","link":"https:\/\/www.autismeurope.org\/fr\/blog\/2018\/04\/20\/reaction-par-rapport-aux-recherches-devoilant-la-cooperation-de-hans-asperger-avec-le-regime-nazi\/","title":{"rendered":"R\u00e9action aux recherches r\u00e9centes d\u00e9voilant la coop\u00e9ration de Hans Asperger avec le r\u00e9gime nazi"},"content":{"rendered":"<blockquote><p><span style=\"font-size: 12pt\"><strong>Au terme de huit ans de recherche sur le p\u00e9diatre Hans Asperger, l\u2019historien\u00a0m\u00e9dical Herwig Czech de l\u2019Universit\u00e9 de m\u00e9decine de Vienne vient de publier un article scientifique dans une revue en libre acc\u00e8s intitul\u00e9e <em>Molecular Autism. <\/em>Czech souligne le fait qu\u2019 Asperger \u00e9tait un partisan actif du r\u00e9gime nazi et qu\u2019il aurait soutenu le programme d\u2019euthanasie du troisi\u00e8me Reich et adh\u00e9r\u00e9 \u00e0 son concept d\u2019hygi\u00e8ne raciale.<\/strong><\/span><\/p><\/blockquote>\n<p><span style=\"font-size: 12pt\">Cela est sans conteste tr\u00e8s choquant pour la communaut\u00e9 de l\u2019autisme, notamment en raison du fait qu\u2019<em>Asperger<\/em> est un terme commun\u00e9ment utilis\u00e9 par\u00a0beaucoup de personnes autistes pour d\u00e9crire (une partie de) leur identit\u00e9. Ainsi,\u00a0beaucoup de personnes \u00a0sont\u00a0boulevers\u00e9es de d\u00e9couvrir qu&rsquo;Hans Asperger a coop\u00e9r\u00e9 avec le r\u00e9gime nazi pour exterminer les enfants au lieu de les prot\u00e9ger, comme on le pensait jusqu\u2019ici.<\/span><\/p>\n<p><span style=\"font-size: 12pt\">Cela aura probablement un impact sur <a href=\"http:\/\/www.autismeurope.org\/fr\/a-propos-dautism-europe\/langage-approprie\/\" target=\"_blank\" rel=\"noopener\">le langage que nous utiliserons \u00e0 l\u2019avenir pour d\u00e9crire l\u2019autisme<\/a>. Nous nous efforcerons de toujours utiliser un langage qui refl\u00e8te les souhaits de la communaut\u00e9 autistique et respecte les principes cl\u00e9s de la <a href=\"http:\/\/www.autismeurope.org\/fr\/que-faisons-nous\/domaines-activite\/cnudph\/\" target=\"_blank\" rel=\"noopener\">Convention des Nations Unies relative aux droits des personnes handicap\u00e9es<\/a>, notamment\u00a0: \u00ab\u00a0Le respect de la diff\u00e9rence et l\u2019acceptation des personnes handicap\u00e9es comme faisant partie de la diversit\u00e9 humaine et de l\u2019humanit\u00e9.\u00a0\u00bb<\/span><\/p>\n<blockquote><p><span style=\"font-size: 12pt\"><strong><a href=\"https:\/\/molecularautism.biomedcentral.com\/articles\/10.1186\/s13229-018-0208-6\">En savoir plus<\/a><\/strong><\/span><\/p><\/blockquote>\n","protected":false},"excerpt":{"rendered":"<p>Au terme de huit ans de recherche sur le p\u00e9diatre Hans Asperger, l\u2019historien\u00a0m\u00e9dical Herwig Czech de l\u2019Universit\u00e9 de m\u00e9decine de Vienne vient de publier un article scientifique dans une revue &hellip; <\/p>\n<p class=\"link-more\"><a href=\"https:\/\/www.autismeurope.org\/fr\/blog\/2018\/04\/20\/reaction-par-rapport-aux-recherches-devoilant-la-cooperation-de-hans-asperger-avec-le-regime-nazi\/\" class=\"more-link\">Continue reading<span class=\"screen-reader-text\"> \u00ab\u00a0R\u00e9action aux recherches r\u00e9centes d\u00e9voilant la coop\u00e9ration de Hans Asperger avec le r\u00e9gime nazi\u00a0\u00bb<\/span><\/a><\/p>\n","protected":false},"author":32,"featured_media":26429,"comment_status":"closed","ping_status":"closed","sticky":false,"template":"","format":"standard","meta":{"_acf_changed":false,"_bbp_topic_count":0,"_bbp_reply_count":0,"_bbp_total_topic_count":0,"_bbp_total_reply_count":0,"_bbp_voice_count":0,"_bbp_anonymous_reply_count":0,"_bbp_topic_count_hidden":0,"_bbp_reply_count_hidden":0,"_bbp_forum_subforum_count":0,"footnotes":""},"categories":[95],"tags":[2686,2766,2771],"class_list":["post-26461","post","type-post","status-publish","format-standard","has-post-thumbnail","hentry","category-news-fr","tag-activites-ae","tag-lifestyle-fr","tag-plaidoyer"],"acf":[],"_links":{"self":[{"href":"https:\/\/www.autismeurope.org\/fr\/wp-json\/wp\/v2\/posts\/26461","targetHints":{"allow":["GET"]}}],"collection":[{"href":"https:\/\/www.autismeurope.org\/fr\/wp-json\/wp\/v2\/posts"}],"about":[{"href":"https:\/\/www.autismeurope.org\/fr\/wp-json\/wp\/v2\/types\/post"}],"author":[{"embeddable":true,"href":"https:\/\/www.autismeurope.org\/fr\/wp-json\/wp\/v2\/users\/32"}],"replies":[{"embeddable":true,"href":"https:\/\/www.autismeurope.org\/fr\/wp-json\/wp\/v2\/comments?post=26461"}],"version-history":[{"count":3,"href":"https:\/\/www.autismeurope.org\/fr\/wp-json\/wp\/v2\/posts\/26461\/revisions"}],"predecessor-version":[{"id":26464,"href":"https:\/\/www.autismeurope.org\/fr\/wp-json\/wp\/v2\/posts\/26461\/revisions\/26464"}],"wp:featuredmedia":[{"embeddable":true,"href":"https:\/\/www.autismeurope.org\/fr\/wp-json\/wp\/v2\/media\/26429"}],"wp:attachment":[{"href":"https:\/\/www.autismeurope.org\/fr\/wp-json\/wp\/v2\/media?parent=26461"}],"wp:term":[{"taxonomy":"category","embeddable":true,"href":"https:\/\/www.autismeurope.org\/fr\/wp-json\/wp\/v2\/categories?post=26461"},{"taxonomy":"post_tag","embeddable":true,"href":"https:\/\/www.autismeurope.org\/fr\/wp-json\/wp\/v2\/tags?post=26461"}],"curies":[{"name":"wp","href":"https:\/\/api.w.org\/{rel}","templated":true}]}}