{"id":26799,"date":"2018-06-12T15:53:38","date_gmt":"2018-06-12T13:53:38","guid":{"rendered":"http:\/\/www.autismeurope.org\/fr\/?p=26799"},"modified":"2018-08-13T10:43:51","modified_gmt":"2018-08-13T08:43:51","slug":"lassociation-italienne-fobap-onlus-recoit-le-prix-du-citoyen-europeen-2018","status":"publish","type":"post","link":"https:\/\/www.autismeurope.org\/fr\/blog\/2018\/06\/12\/lassociation-italienne-fobap-onlus-recoit-le-prix-du-citoyen-europeen-2018\/","title":{"rendered":"L\u2019association italienne Fobap Onlus re\u00e7oit le Prix du citoyen europ\u00e9en 2018"},"content":{"rendered":"<blockquote><p><span style=\"font-size: 12pt\"><strong>En juin 2018, l\u2019association italienne <a href=\"http:\/\/fobap.it\/\">Fobap Onlus<\/a> (Fondazione Bresciana Assistenza Psicodisabili), situ\u00e9e dans la province de Brescia, s\u2019est vu d\u00e9cerner une importante reconnaissance pour son activit\u00e9 au sein du Centre de formation Francesco Faroni, un projet d\u2019excellence en Italie qui soutient les enfants autistes. Actuellement, le centre accueille une centaine d\u2019enfants et adolescents autistes \u00e0 partir de 2 ans. <\/strong><\/span><\/p><\/blockquote>\n<p><span style=\"font-size: 12pt\">Le Prix du citoyen europ\u00e9en, \u00e9tabli en 2019 par le Parlement europ\u00e9en, en est \u00e0 pr\u00e9sent \u00e0 sa onzi\u00e8me \u00e9dition. Il a permis de r\u00e9compenser une cinquantaine de personnes, d\u2019associations et d\u2019organisations des 28 Etats membres qui se sont distingu\u00e9es par leur capacit\u00e9 \u00e0 \u00ab\u00a0renforcer l\u2019int\u00e9gration et la dialogue entre les peuples et mettre en pratique les valeurs de la Charte europ\u00e9enne des droits fondamentaux.\u00a0\u00bb<\/span><\/p>\n<p><span style=\"font-size: 12pt\">Dans les mois \u00e0 venir, les laur\u00e9ats se verront remettre une m\u00e9daille lors des c\u00e9r\u00e9monies nationales, organis\u00e9es par les bureaux du Parlement europ\u00e9en dans les \u00c9tats membres d&rsquo;origine. Ils seront ensuite invit\u00e9s \u00e0 Bruxelles le 9 octobre 2018 pour une c\u00e9r\u00e9monie europ\u00e9enne.<\/span><\/p>\n<h2><span style=\"font-size: 14pt\">A propos de Fobap Onlus<\/span><\/h2>\n<p><span style=\"font-size: 12pt\">Fobap Onlus a \u00e9t\u00e9 cr\u00e9\u00e9e en 1982 \u00e0 l\u2019initiative d\u2019Anffas Brescia Onlus. Son but est de contribuer au d\u00e9veloppement de processus d\u2019inclusion sociale pour les personnes handicap\u00e9es, en am\u00e9nageant des services au niveau national et r\u00e9gional et, l\u00e0 o\u00f9 c\u2019est possible, en testant de nouveaux projets dans la domaine du handicap. Au fil du temps, Fobap Onlus est devenu l&rsquo;un des principaux prestataires de services pour les personnes avec un handicap intellectuel dans la province de Brescia, prenant aussi des mesures pour prot\u00e9ger et promouvoir les droits de l&rsquo;homme et am\u00e9liorer la qualit\u00e9 de vie des personnes handicap\u00e9es,\u00a0 et d\u00e9velopper des entreprises sociales.<\/span><\/p>\n<p><span style=\"font-size: 12pt\">L&rsquo;association compte 15 centres dans la province de Brescia, y compris des services sp\u00e9cialis\u00e9s en autisme, un centre r\u00e9sidentiel, des garderies et m\u00eame une auberge. En outre, Fobap Onlus propose des formations dans le domaine de l&rsquo;autisme.<\/span><\/p>\n<p><span style=\"font-size: 12pt\">Ce n\u2019est pas la premi\u00e8re fois que des initiatives pour l\u2019autisme sont r\u00e9compens\u00e9es. En 2016, une <a href=\"http:\/\/www.autismeurope.org\/fr\/blog\/2016\/06\/03\/16-gautena-remporte-le-prix-du-citoyen-europeen-2016%e2%80%ac%e2%80%ac\/\">association membre d\u2019Autisme-Europe avait \u00e9galement re\u00e7u la Prix du citoyen europ\u00e9en<\/a> en reconnaissance de ses activit\u00e9s.<\/span><\/p>\n<h2><span style=\"font-size: 14pt\">Le Prix du citoyen europ\u00e9en <\/span><\/h2>\n<p><span style=\"font-size: 12pt\">Chaque ann\u00e9e, le Parlement europ\u00e9en d\u00e9cerne le \u00ab\u00a0Prix du citoyen europ\u00e9en\u00a0\u00bb. Ce prix r\u00e9compense des citoyens, groupes, associations ou organisations qui ont r\u00e9alis\u00e9 des acquis exceptionnels et\/ou \u00a0fait preuve d\u2019un engagement exceptionnel dans les domaines suivants\u00a0:<\/span><\/p>\n<ul>\n<li><span style=\"font-size: 12pt\">Activit\u00e9s favorisant une meilleure compr\u00e9hension mutuelle et une meilleure int\u00e9gration entre les citoyens des \u00c9tats membres ou activit\u00e9s facilitant la coop\u00e9ration transfrontali\u00e8re ou transnationale au sein de l&rsquo;Union europ\u00e9enne\u00a0;<\/span><\/li>\n<li><span style=\"font-size: 12pt\">Activit\u00e9s impliquant une coop\u00e9ration culturelle transfrontali\u00e8re ou transnationale sur le long terme, contribuant au renforcement d&rsquo;un esprit europ\u00e9en\u00a0;<\/span><\/li>\n<li><span style=\"font-size: 12pt\">Projets en lien avec l\u2019Ann\u00e9e europ\u00e9enne en cours\u00a0;<\/span><\/li>\n<li><span style=\"font-size: 12pt\">Activit\u00e9s concr\u00e9tisant les valeurs ent\u00e9rin\u00e9es par la Charte des droits fondamentaux de l&rsquo;Union europ\u00e9enne.<\/span><\/li>\n<\/ul>\n<blockquote><p><span style=\"font-size: 12pt\"><strong><a href=\"http:\/\/fobap.it\/wp-content\/uploads\/2018\/06\/ECP2018_List-of-laureates-2018.pdf\">T\u00e9l\u00e9charger la liste des laur\u00e9ats 2018<\/a><\/strong><\/span><\/p><\/blockquote>\n","protected":false},"excerpt":{"rendered":"<p>En juin 2018, l\u2019association italienne Fobap Onlus (Fondazione Bresciana Assistenza Psicodisabili), situ\u00e9e dans la province de Brescia, s\u2019est vu d\u00e9cerner une importante reconnaissance pour son activit\u00e9 au sein du Centre &hellip; <\/p>\n<p class=\"link-more\"><a href=\"https:\/\/www.autismeurope.org\/fr\/blog\/2018\/06\/12\/lassociation-italienne-fobap-onlus-recoit-le-prix-du-citoyen-europeen-2018\/\" class=\"more-link\">Continue reading<span class=\"screen-reader-text\"> \u00ab\u00a0L\u2019association italienne Fobap Onlus re\u00e7oit le Prix du citoyen europ\u00e9en 2018\u00a0\u00bb<\/span><\/a><\/p>\n","protected":false},"author":32,"featured_media":26783,"comment_status":"closed","ping_status":"closed","sticky":false,"template":"","format":"standard","meta":{"_acf_changed":false,"_bbp_topic_count":0,"_bbp_reply_count":0,"_bbp_total_topic_count":0,"_bbp_total_reply_count":0,"_bbp_voice_count":0,"_bbp_anonymous_reply_count":0,"_bbp_topic_count_hidden":0,"_bbp_reply_count_hidden":0,"_bbp_forum_subforum_count":0,"footnotes":""},"categories":[95],"tags":[2698,2766,2771],"class_list":["post-26799","post","type-post","status-publish","format-standard","has-post-thumbnail","hentry","category-news-fr","tag-institutions-europeennes","tag-lifestyle-fr","tag-plaidoyer"],"acf":[],"_links":{"self":[{"href":"https:\/\/www.autismeurope.org\/fr\/wp-json\/wp\/v2\/posts\/26799","targetHints":{"allow":["GET"]}}],"collection":[{"href":"https:\/\/www.autismeurope.org\/fr\/wp-json\/wp\/v2\/posts"}],"about":[{"href":"https:\/\/www.autismeurope.org\/fr\/wp-json\/wp\/v2\/types\/post"}],"author":[{"embeddable":true,"href":"https:\/\/www.autismeurope.org\/fr\/wp-json\/wp\/v2\/users\/32"}],"replies":[{"embeddable":true,"href":"https:\/\/www.autismeurope.org\/fr\/wp-json\/wp\/v2\/comments?post=26799"}],"version-history":[{"count":4,"href":"https:\/\/www.autismeurope.org\/fr\/wp-json\/wp\/v2\/posts\/26799\/revisions"}],"predecessor-version":[{"id":27049,"href":"https:\/\/www.autismeurope.org\/fr\/wp-json\/wp\/v2\/posts\/26799\/revisions\/27049"}],"wp:featuredmedia":[{"embeddable":true,"href":"https:\/\/www.autismeurope.org\/fr\/wp-json\/wp\/v2\/media\/26783"}],"wp:attachment":[{"href":"https:\/\/www.autismeurope.org\/fr\/wp-json\/wp\/v2\/media?parent=26799"}],"wp:term":[{"taxonomy":"category","embeddable":true,"href":"https:\/\/www.autismeurope.org\/fr\/wp-json\/wp\/v2\/categories?post=26799"},{"taxonomy":"post_tag","embeddable":true,"href":"https:\/\/www.autismeurope.org\/fr\/wp-json\/wp\/v2\/tags?post=26799"}],"curies":[{"name":"wp","href":"https:\/\/api.w.org\/{rel}","templated":true}]}}