{"id":26902,"date":"2018-06-08T14:50:39","date_gmt":"2018-06-08T12:50:39","guid":{"rendered":"http:\/\/www.autismeurope.org\/fr\/?p=26902"},"modified":"2018-08-13T10:45:16","modified_gmt":"2018-08-13T08:45:16","slug":"ana-pelaez-premiere-femme-handicapees-elue-au-sein-du-comite-cedaw","status":"publish","type":"post","link":"https:\/\/www.autismeurope.org\/fr\/blog\/2018\/06\/08\/ana-pelaez-premiere-femme-handicapees-elue-au-sein-du-comite-cedaw\/","title":{"rendered":"Ana Pel\u00e1ez, premi\u00e8re femme handicap\u00e9es \u00e9lue au sein du Comit\u00e9 CEDAW"},"content":{"rendered":"<blockquote><p><span style=\"font-size: 12pt\"><strong>Le 7 juin, l\u2019Espagnole Ana Pel\u00e1ez Narv\u00e1ez, vice-pr\u00e9sidente du <\/strong><a href=\"http:\/\/www.edf-feph.org\/\"><strong>Forum Europ\u00e9en des Personnes Handicap\u00e9es (FEPH)<\/strong><\/a><strong>, aveugle depuis la naissance, a \u00e9t\u00e9 \u00e9lue au sein du <\/strong><a href=\"https:\/\/www.ohchr.org\/fr\/HRBodies\/CEDAW\/Pages\/CEDAWIndex.aspx\"><strong>Comit\u00e9 de l\u2019ONU sur l\u2019\u00e9limination de la discrimination \u00e0 l\u2019\u00e9gard des femmes (comit\u00e9 CEDAW<\/strong><\/a><strong>), devenant ainsi la premi\u00e8re femme handicap\u00e9e nomm\u00e9e dans ce comit\u00e9 depuis sa cr\u00e9ation il y a 37 ans. Cette nomination est un moment historique \u00e0 la fois pour le mouvement en faveur des droits des personnes handicap\u00e9es que pour celui pour les droits des femmes.<\/strong><\/span><\/p><\/blockquote>\n<h2><span style=\"font-size: 14pt\">Ce qui pousse Pel\u00e1ez \u00e0 travailler pour le Comit\u00e9 CEDAW<\/span><\/h2>\n<blockquote><p><span style=\"font-size: 12pt\">Je pense qu\u2019il est n\u00e9cessaire d\u2019int\u00e9grer syst\u00e9matiquement les femmes et les filles handicap\u00e9es dans le travail du Comit\u00e9 CEDAW. Nous repr\u00e9sentons 20% de la population des femmes dans le monde mais nous faisons partie des plus pauvres et nous sommes constamment victimes de formes aggrav\u00e9es de discrimination.<\/span><\/p>\n<p><span style=\"font-size: 12pt\">Je veux \u00e9galement renforcer le travail du Comit\u00e9 CEDAW en r\u00e9action \u00e0 la discrimination multiple dont sont victimes de nombreuses femmes invisibles, cela signifie progresser vers l&rsquo;\u00e9laboration de lignes directrices pour les Etats parties afin de lutter contre la discrimination intersectionnelle et que personne ne soit laiss\u00e9 pour compte.<\/span><\/p>\n<p><span style=\"font-size: 12pt\">J&rsquo;esp\u00e8re jouer un r\u00f4le actif dans le processus visant \u00e0 renforcer la coop\u00e9ration entre les organes de\u00a0 l\u2019ONU li\u00e9s aux diff\u00e9rents trait\u00e9s, pour qu\u2019ils s\u2019enrichissent mutuellement et adoptent une approche coh\u00e9rente, allant dans la m\u00eame direction lorsqu&rsquo;ils abordent des questions similaires.<\/span><\/p>\n<p><span style=\"font-size: 12pt\">En fin, je crois que nous devons progresser pour refl\u00e9ter la diversit\u00e9 humaine au sein du Comit\u00e9 CEDAW, en incluant particuli\u00e8rement les personnes qui appartiennent \u00e0 populations invisibles et ignor\u00e9es, comme les femmes en situation de handicap.<\/span><\/p>\n<p><span style=\"font-size: 12pt\">RIEN SUR NOUS SANS NOUS\u00a0!<\/span><\/p><\/blockquote>\n<h2><span style=\"font-size: 14pt\">D\u00e9fendre les droits des femmes et des filles handicap\u00e9es \u00e0 travers le monde<\/span><\/h2>\n<p><span style=\"font-size: 12pt\">Pel\u00e1ez est directrice des relations internationales au sein de <a href=\"https:\/\/www.once.es\/otras-webs\/english\">l\u2019Organisation espagnole des aveugles (ONCE)<\/a>, vice-pr\u00e9sidente de l\u2019ex\u00e9cutif de la <a href=\"https:\/\/www.foal.es\/en\">Fondation de ONCE pour la solidarit\u00e9 envers les personnes aveugles d\u2019Am\u00e9rique latine (FOAL)<\/a> et Commissaire des Affaires f\u00e9minines au <a href=\"https:\/\/www.cermi.es\/en\">Comit\u00e9 espagnol des repr\u00e9sentants des personnes handicap\u00e9es (CERMI)<\/a>. Ces responsabilit\u00e9s l\u2019ont amen\u00e9e \u00e0 repr\u00e9senter son organisation aux niveaux europ\u00e9en et international.<\/span><\/p>\n<p><span style=\"font-size: 12pt\">Elle jouit \u00e9galement d\u2019une grande expertise dans le syst\u00e8me des droits de l\u2019Homme de l\u2019ONU o\u00f9 elle a travaill\u00e9 au sein du Comit\u00e9 des droits des personnes handicap\u00e9es pendant deux mandats. Elle a fait partie de la d\u00e9l\u00e9gation officielle espagnole qui a contribu\u00e9 \u00e0 la r\u00e9daction finale de la Convention des Nations Unies relative aux Droits des personnes handicap\u00e9es. Elle d\u00e9fend les droits des femmes depuis plus de 20 ans, conseillant les gouvernements, la soci\u00e9t\u00e9 civile et d\u2019autres organisations. Depuis 2010, elle participe \u00e0 la Commission de l\u2019ONU sur la condition de la femme en tant que d\u00e9l\u00e9gu\u00e9e des femmes handicap\u00e9es d\u2019Espagne et d\u2019Europe.<\/span><\/p>\n<p><span style=\"font-size: 12pt\">En Espagne, elle si\u00e8ge en tant qu&rsquo;experte au Conseil royal sur le handicap, \u00e0 l&rsquo;Observatoire national contre la violence sexiste ainsi qu\u2019au Conseil pour la participation des femmes.<\/span><\/p>\n<p><span style=\"font-size: 12pt\">L&rsquo;\u00e9lection de Pel\u00e1ez marque le d\u00e9but d&rsquo;une nouvelle \u00e8re o\u00f9 les droits des femmes et des filles handicap\u00e9es sont rendus plus visibles et mieux int\u00e9gr\u00e9s dans le syst\u00e8me des Nations Unies.<\/span><\/p>\n<blockquote><p><span style=\"font-size: 12pt\"><strong><a href=\"https:\/\/disabilityforcedaw.es\/en\/home\">En savoir plus<\/a><\/strong><\/span><\/p><\/blockquote>\n","protected":false},"excerpt":{"rendered":"<p>Le 7 juin, l\u2019Espagnole Ana Pel\u00e1ez Narv\u00e1ez, vice-pr\u00e9sidente du Forum Europ\u00e9en des Personnes Handicap\u00e9es (FEPH), aveugle depuis la naissance, a \u00e9t\u00e9 \u00e9lue au sein du Comit\u00e9 de l\u2019ONU sur l\u2019\u00e9limination &hellip; <\/p>\n<p class=\"link-more\"><a href=\"https:\/\/www.autismeurope.org\/fr\/blog\/2018\/06\/08\/ana-pelaez-premiere-femme-handicapees-elue-au-sein-du-comite-cedaw\/\" class=\"more-link\">Continue reading<span class=\"screen-reader-text\"> \u00ab\u00a0Ana Pel\u00e1ez, premi\u00e8re femme handicap\u00e9es \u00e9lue au sein du Comit\u00e9 CEDAW\u00a0\u00bb<\/span><\/a><\/p>\n","protected":false},"author":32,"featured_media":26859,"comment_status":"closed","ping_status":"closed","sticky":false,"template":"","format":"standard","meta":{"_acf_changed":false,"_bbp_topic_count":0,"_bbp_reply_count":0,"_bbp_total_topic_count":0,"_bbp_total_reply_count":0,"_bbp_voice_count":0,"_bbp_anonymous_reply_count":0,"_bbp_topic_count_hidden":0,"_bbp_reply_count_hidden":0,"_bbp_forum_subforum_count":0,"footnotes":""},"categories":[95],"tags":[2766,2775,2773],"class_list":["post-26902","post","type-post","status-publish","format-standard","has-post-thumbnail","hentry","category-news-fr","tag-lifestyle-fr","tag-organes-internationaux","tag-partenariats-et-reseaux-europeens"],"acf":[],"_links":{"self":[{"href":"https:\/\/www.autismeurope.org\/fr\/wp-json\/wp\/v2\/posts\/26902","targetHints":{"allow":["GET"]}}],"collection":[{"href":"https:\/\/www.autismeurope.org\/fr\/wp-json\/wp\/v2\/posts"}],"about":[{"href":"https:\/\/www.autismeurope.org\/fr\/wp-json\/wp\/v2\/types\/post"}],"author":[{"embeddable":true,"href":"https:\/\/www.autismeurope.org\/fr\/wp-json\/wp\/v2\/users\/32"}],"replies":[{"embeddable":true,"href":"https:\/\/www.autismeurope.org\/fr\/wp-json\/wp\/v2\/comments?post=26902"}],"version-history":[{"count":3,"href":"https:\/\/www.autismeurope.org\/fr\/wp-json\/wp\/v2\/posts\/26902\/revisions"}],"predecessor-version":[{"id":27051,"href":"https:\/\/www.autismeurope.org\/fr\/wp-json\/wp\/v2\/posts\/26902\/revisions\/27051"}],"wp:featuredmedia":[{"embeddable":true,"href":"https:\/\/www.autismeurope.org\/fr\/wp-json\/wp\/v2\/media\/26859"}],"wp:attachment":[{"href":"https:\/\/www.autismeurope.org\/fr\/wp-json\/wp\/v2\/media?parent=26902"}],"wp:term":[{"taxonomy":"category","embeddable":true,"href":"https:\/\/www.autismeurope.org\/fr\/wp-json\/wp\/v2\/categories?post=26902"},{"taxonomy":"post_tag","embeddable":true,"href":"https:\/\/www.autismeurope.org\/fr\/wp-json\/wp\/v2\/tags?post=26902"}],"curies":[{"name":"wp","href":"https:\/\/api.w.org\/{rel}","templated":true}]}}