{"id":27073,"date":"2018-07-12T15:38:56","date_gmt":"2018-07-12T13:38:56","guid":{"rendered":"http:\/\/www.autismeurope.org\/fr\/?p=27073"},"modified":"2018-08-13T10:35:40","modified_gmt":"2018-08-13T08:35:40","slug":"ae-partenaire-dun-nouveau-reseau-de-recherche-pour-concevoir-des-approches-de-medecine-personnalisee","status":"publish","type":"post","link":"https:\/\/www.autismeurope.org\/fr\/blog\/2018\/07\/12\/ae-partenaire-dun-nouveau-reseau-de-recherche-pour-concevoir-des-approches-de-medecine-personnalisee\/","title":{"rendered":"AE partenaire d\u2019un r\u00e9seau de recherche pour concevoir des approches de m\u00e9decine personnalis\u00e9e"},"content":{"rendered":"<blockquote><p><span style=\"font-size: 12pt\"><strong>Autisme-Europe est partenaire d&rsquo;un nouveau consortium qui s\u2019appelle <em>Innovative Medicine Studies-2-Trials (AIMS-2-Trials).<\/em>\u00a0L&rsquo;objectif de ce projet de recherche est d&rsquo;am\u00e9liorer la compr\u00e9hension de l&rsquo;autisme et de contribuer au d\u00e9veloppement de nouvelles th\u00e9rapies visant \u00e0 am\u00e9liorer la sant\u00e9 et la qualit\u00e9 de vie des personnes autistes.<\/strong><\/span><\/p><\/blockquote>\n<p><span style=\"font-size: 12pt\">En plus des caract\u00e9ristiques propres \u00e0 l&rsquo;autisme, de nombreuses personnes autistes ont des probl\u00e8mes concomitants tels que l&rsquo;\u00e9pilepsie, l&rsquo;anxi\u00e9t\u00e9 et la d\u00e9pression. L&rsquo;esp\u00e9rance de vie des personnes autistes peut \u00eatre r\u00e9duite jusqu\u2019\u00e0 30 ans. Cependant, il existe tr\u00e8s peu de th\u00e9rapies efficaces et adapt\u00e9es \u00e0 l&rsquo;autisme.<\/span><\/p>\n<p><span style=\"font-size: 12pt\">Conform\u00e9ment aux priorit\u00e9s de la communaut\u00e9 de l&rsquo;autisme, le consortium se concentrera \u00e9galement sur les raisons pour lesquelles certaines personnes autistes d\u00e9veloppent des probl\u00e8mes de sant\u00e9 suppl\u00e9mentaires qui affectent s\u00e9v\u00e8rement \u00e0 la fois leur qualit\u00e9 et leur dur\u00e9e de vie.<\/span><\/p>\n<p><span style=\"font-size: 12pt\">Le professeur Declan Murphy, directeur acad\u00e9mique du projet et directeur de l&rsquo;Institut <em>Sackler<\/em> pour le neurod\u00e9veloppement translationnel \u00e0 l&rsquo;<em>IoPPN<\/em> au <em>King&rsquo;s College<\/em> (Royaume-Uni), d\u00e9clare: \u00abBeaucoup de personnes autistes sont confront\u00e9es \u00e0 des probl\u00e8mes de sant\u00e9 [&#8230;]. Cette subvention nous permettra de combler le foss\u00e9 entre la biologie de base et la clinique en offrant des approches personnalis\u00e9es qui traitent des probl\u00e8mes qui affectent vraiment la vie des personnes autistes.<\/span><\/p>\n<p><span style=\"font-size: 12pt\">Toutes les personnes autistes sont diff\u00e9rentes, ce qui rend difficile l&rsquo;identification et les essais de nouvelles th\u00e9rapies. <em>AIMS-2-Trials<\/em> adoptera une approche de m\u00e9decine de pr\u00e9cision visant \u00e0 adapter les th\u00e9rapies au profil biologique d&rsquo;une personne. Pour y arriver, il faudra mettre au point des tests permettant de pr\u00e9dire comment l&rsquo;autisme d&rsquo;une personne pourrait progresser tout au long de son d\u00e9veloppement et sa probabilit\u00e9 de d\u00e9velopper des probl\u00e8mes de sant\u00e9 mentale additionnels.<\/span><\/p>\n<p><span style=\"font-size: 12pt\"><em>AIMS-2-Trials<\/em> cr\u00e9era le premier r\u00e9seau europ\u00e9en d&rsquo;essais cliniques sur l&rsquo;autisme, tout en d\u00e9veloppant un partenariat international int\u00e9gr\u00e9 avec les associations, les agences gouvernementales et l&rsquo;industrie pour d\u00e9terminer rapidement si les th\u00e9rapies sont efficaces.<\/span><\/p>\n<p><span style=\"font-size: 12pt\">Le partenariat avec les personnes autistes, leurs familles et les aidants sera un \u00e9l\u00e9ment crucial pour d\u00e9velopper des th\u00e9rapies qui permettent d\u2019aboutir \u00e0 des r\u00e9sultats qui r\u00e9pondent aux souhaits des personnes autistes.<\/span><\/p>\n<h2><span style=\"font-size: 14pt\">Le r\u00f4le d&rsquo;Autisme-Europe<\/span><\/h2>\n<p><span style=\"font-size: 12pt\">Autisme-Europe a d\u00e9cid\u00e9 de participer \u00e0 ce projet afin de contribuer \u00e0 influencer des recherches respectueuses, ax\u00e9es sur l&rsquo;am\u00e9lioration de la qualit\u00e9 de vie des personnes autistes, qui et prennent en compte les pr\u00e9occupations exprim\u00e9es par certains de nos membres en Europe. Ces pr\u00e9occupations concernent notamment la n\u00e9cessit\u00e9 d&rsquo;une implication r\u00e9elle des personnes autistes, pas d\u2019une simple consultation; ont trait \u00e0 des questions \u00e9thiques, notamment \u00e0 la mani\u00e8re d\u2019obtenir un consentement \u00e9clair\u00e9 effectif, aux possibles effets secondaires et la d\u00e9pendance, \u00e0 la peur du risque d&rsquo;eug\u00e9nisme et au besoin d&rsquo;un acc\u00e8s ouvert aux donn\u00e9es de recherche. <\/span><\/p>\n<p><span style=\"font-size: 12pt\">Pour ce faire, Autisme-Europe coop\u00e8re avec l\u2019organisation britannique <a href=\"https:\/\/www.autistica.org.uk\/our-research\/research-projects\/aims-2-trials\"><em>Autistica<\/em><\/a> et l&rsquo;Universit\u00e9 de Cambridge afin de cr\u00e9er une plateforme pour impliquer les personnes autistes et leurs familles. Par cons\u00e9quent, nous allons former un panel \u00e0 l&rsquo;\u00e9chelle de l&rsquo;UE rassemblant des repr\u00e9sentants de la communaut\u00e9 autiste pour influencer le travail du consortium.<\/span><\/p>\n<p><span style=\"font-size: 12pt\">L&rsquo;objectif de ce panel sera d\u2019avoir une voix ind\u00e9pendante au sein du consortium. Le processus de recrutement d\u00e9butera bient\u00f4t et sera ouvert aux personnes dans les pays participant \u00e0 la recherche, y compris \u00e0 des personnes qui ne sont pas membres d&rsquo;Autisme-Europe.<\/span><\/p>\n<h2><span style=\"font-size: 14pt\">A propos du projet<\/span><\/h2>\n<p><span style=\"font-size: 12pt\"><em>AIMS-2-Trials<\/em> est la plus grande subvention de recherche (115\u20ac millions) jamais accord\u00e9e pour les conditions neurod\u00e9veloppementales. Il a \u00e9t\u00e9 d\u00e9cern\u00e9 par l&rsquo;<em>Innovative Medicines Initiative <\/em>\u00e0 un consortium international co-dirig\u00e9 par l&rsquo;Institut de psychiatrie, de psychologie et de neurosciences (<em>IoPPN<\/em>) au <em>King&rsquo;s College<\/em> de Londres et \u00e0 F. Hoffmann-La Roche, \u00e0 B\u00e2le.<\/span><\/p>\n","protected":false},"excerpt":{"rendered":"<p>Autisme-Europe est partenaire d&rsquo;un nouveau consortium qui s\u2019appelle Innovative Medicine Studies-2-Trials (AIMS-2-Trials).\u00a0L&rsquo;objectif de ce projet de recherche est d&rsquo;am\u00e9liorer la compr\u00e9hension de l&rsquo;autisme et de contribuer au d\u00e9veloppement de nouvelles &hellip; <\/p>\n<p class=\"link-more\"><a href=\"https:\/\/www.autismeurope.org\/fr\/blog\/2018\/07\/12\/ae-partenaire-dun-nouveau-reseau-de-recherche-pour-concevoir-des-approches-de-medecine-personnalisee\/\" class=\"more-link\">Continue reading<span class=\"screen-reader-text\"> \u00ab\u00a0AE partenaire d\u2019un r\u00e9seau de recherche pour concevoir des approches de m\u00e9decine personnalis\u00e9e\u00a0\u00bb<\/span><\/a><\/p>\n","protected":false},"author":32,"featured_media":27070,"comment_status":"closed","ping_status":"closed","sticky":false,"template":"","format":"standard","meta":{"_acf_changed":false,"_bbp_topic_count":0,"_bbp_reply_count":0,"_bbp_total_topic_count":0,"_bbp_total_reply_count":0,"_bbp_voice_count":0,"_bbp_anonymous_reply_count":0,"_bbp_topic_count_hidden":0,"_bbp_reply_count_hidden":0,"_bbp_forum_subforum_count":0,"footnotes":""},"categories":[95],"tags":[2686,2699,2776],"class_list":["post-27073","post","type-post","status-publish","format-standard","has-post-thumbnail","hentry","category-news-fr","tag-activites-ae","tag-projets-europeens","tag-ressources-recherche-et-publications"],"acf":[],"_links":{"self":[{"href":"https:\/\/www.autismeurope.org\/fr\/wp-json\/wp\/v2\/posts\/27073","targetHints":{"allow":["GET"]}}],"collection":[{"href":"https:\/\/www.autismeurope.org\/fr\/wp-json\/wp\/v2\/posts"}],"about":[{"href":"https:\/\/www.autismeurope.org\/fr\/wp-json\/wp\/v2\/types\/post"}],"author":[{"embeddable":true,"href":"https:\/\/www.autismeurope.org\/fr\/wp-json\/wp\/v2\/users\/32"}],"replies":[{"embeddable":true,"href":"https:\/\/www.autismeurope.org\/fr\/wp-json\/wp\/v2\/comments?post=27073"}],"version-history":[{"count":5,"href":"https:\/\/www.autismeurope.org\/fr\/wp-json\/wp\/v2\/posts\/27073\/revisions"}],"predecessor-version":[{"id":27205,"href":"https:\/\/www.autismeurope.org\/fr\/wp-json\/wp\/v2\/posts\/27073\/revisions\/27205"}],"wp:featuredmedia":[{"embeddable":true,"href":"https:\/\/www.autismeurope.org\/fr\/wp-json\/wp\/v2\/media\/27070"}],"wp:attachment":[{"href":"https:\/\/www.autismeurope.org\/fr\/wp-json\/wp\/v2\/media?parent=27073"}],"wp:term":[{"taxonomy":"category","embeddable":true,"href":"https:\/\/www.autismeurope.org\/fr\/wp-json\/wp\/v2\/categories?post=27073"},{"taxonomy":"post_tag","embeddable":true,"href":"https:\/\/www.autismeurope.org\/fr\/wp-json\/wp\/v2\/tags?post=27073"}],"curies":[{"name":"wp","href":"https:\/\/api.w.org\/{rel}","templated":true}]}}