{"id":27762,"date":"2019-01-15T23:59:03","date_gmt":"2019-01-15T22:59:03","guid":{"rendered":"http:\/\/www.autismeurope.org\/fr\/?p=27762"},"modified":"2019-02-19T12:12:32","modified_gmt":"2019-02-19T11:12:32","slug":"ae-lance-une-enquete-europeenne-sur-lacces-a-leducation","status":"publish","type":"post","link":"https:\/\/www.autismeurope.org\/fr\/blog\/2019\/01\/15\/ae-lance-une-enquete-europeenne-sur-lacces-a-leducation\/","title":{"rendered":"Remplissez notre enqu\u00eate europ\u00e9enne sur l&rsquo;acc\u00e8s \u00e0 l&rsquo;\u00e9ducation"},"content":{"rendered":"<blockquote><p><span style=\"font-size: 12pt\"><strong>Dans le cadre de sa strat\u00e9gie 2018-2021, Autisme-Europe a pour objectif de promouvoir l&rsquo;acc\u00e8s \u00e0 une \u00e9ducation inclusive de qualit\u00e9 (y compris \u00e0 la formation universitaire et professionnelle).<\/strong><\/span><\/p>\n<p><span style=\"font-size: 12pt\"><strong>Aidez-nous \u00e0 en savoir plus sur la situation dans votre r\u00e9gion et sur les changements que vous souhaiteriez en remplissant cette enqu\u00eate avant le 15 f\u00e9vrier 2019.<\/strong><\/span><\/p><\/blockquote>\n<p><span style=\"font-size: 12pt\">L\u2019article 24&nbsp;de la <a href=\"http:\/\/www.autismeurope.org\/fr\/que-faisons-nous\/domaines-activite\/cnudph\/\" target=\"_blank\" rel=\"noopener\">Convention relative aux Droits des Personnes Handicap\u00e9es<\/a> vise la mise en \u0153uvre, par les Etats parties, du droit des personnes handicap\u00e9es \u00e0 l\u2019\u00e9ducation. \u00ab&nbsp;En vue d\u2019assurer l\u2019exercice de ce droit sans discrimination et sur la base de l\u2019\u00e9galit\u00e9 des chances, les \u00c9tats Parties font en sorte que le syst\u00e8me \u00e9ducatif pourvoie \u00e0 l\u2019insertion scolaire \u00e0 tous les niveaux et offre, tout au long de la vie, des possibilit\u00e9s d\u2019\u00e9ducation&nbsp;\u00bb en veillant \u00e0 ce que \u00ab&nbsp;des mesures d\u2019accompagnement individualis\u00e9 efficaces soient prises dans des environnements qui optimisent le progr\u00e8s scolaire et la socialisation, conform\u00e9ment \u00e0 l\u2019objectif de pleine int\u00e9gration.&nbsp;\u00bb<\/span><\/p>\n<p><span style=\"font-size: 12pt\">L&rsquo;acc\u00e8s \u00e0 l&rsquo;\u00e9ducation reste probl\u00e9matique pour les personnes autistes dans de nombreux \u00c9tats membres de l&rsquo;UE. AE vise \u00e0 renforcer leur inclusion dans les milieux \u00e9ducatifs et \u00e0 promouvoir les am\u00e9nagements n\u00e9cessaires pour r\u00e9pondre \u00e0 leurs besoins \u00e9ducatifs en :<\/span><\/p>\n<ul>\n<li><span style=\"font-size: 12pt\">acqu\u00e9rant des connaissances sur les obstacles auxquels les personnes autistes sont confront\u00e9es en Europe gr\u00e2ce \u00e0 une vaste enqu\u00eate men\u00e9e dans les \u00c9tats membres de l&rsquo;UE ;<\/span><\/li>\n<li><span style=\"font-size: 12pt\">analysant les r\u00e9sultats et en \u00e9mettant des recommandations \u00e0 l&rsquo;intention des d\u00e9cideurs et des principales parties prenantes ;<\/span><\/li>\n<li><span style=\"font-size: 12pt\">recueillant des exemples de bonnes pratiques en mati\u00e8re d&rsquo;acc\u00e8s \u00e0 l&rsquo;\u00e9ducation dans l&rsquo;UE.<\/span><\/li>\n<\/ul>\n<p><span style=\"font-size: 12pt\">\u00c0&nbsp;cette fin, nous lan\u00e7ons une enqu\u00eate \u00e0 l\u2019\u00e9chelle europ\u00e9enne pour \u00e9valuer les obstacles \u00e0 l\u2019\u00e9ducation auxquels sont confront\u00e9es les personnes autistes. L\u2019analyse des r\u00e9sultats nous permettra d\u2019avoir une meilleure id\u00e9e de l\u2019\u00e9tat de la situation en Europe, de formuler des recommandations \u00e0 l\u2019intention des d\u00e9cideurs et des principales parties prenantes, et de mettre en \u00e9vidence des exemples de bonnes pratiques.<\/span><\/p>\n<blockquote><p><strong><a href=\"http:\/\/bit.ly\/AutismEducationSurvey\" target=\"_blank\" rel=\"noopener\"><span style=\"font-size: 12pt\">R\u00e9pondre \u00e0 l&rsquo;enqu\u00eate (version fran\u00e7aise- anglaise)<\/span><\/a><\/strong><\/p><\/blockquote>\n<p>&nbsp;<\/p>\n<blockquote><p><strong><span style=\"font-size: 12pt\"><a href=\"http:\/\/bit.ly\/AutismEducationSurvey_ES\" target=\"_blank\" rel=\"noopener\">Responder el cuestionario en espa<\/a><a>\u00f1<\/a><a href=\"http:\/\/bit.ly\/AutismEducationSurvey_ES\" target=\"_blank\" rel=\"noopener\">ol<\/a><\/span><\/strong><\/p>\n<p><a href=\"http:\/\/bit.ly\/AutismEducationSurvey_IT\" target=\"_blank\" rel=\"noopener\"><strong><span style=\"font-size: 12pt\">Rispondere al questionario in lingua italiana<\/span><\/strong><\/a><\/p>\n<p><strong><a href=\"http:\/\/bit.ly\/AutismEducationSurvey_NL\" target=\"_blank\" rel=\"noopener\"><span style=\"font-size: 12pt\">Beantwoord de enqu\u00eate in het Nederlands<\/span><\/a><\/strong><\/p>\n<p><strong><a href=\"http:\/\/bit.ly\/AutismEducationSurvey_DE\"><span style=\"font-size: 12pt\">F\u00fcllen Sie die Umfrage auf Deutsch aus<\/span><\/a><\/strong><\/p>\n<p><strong><a href=\"http:\/\/bit.ly\/AutismEducationSurvey_UKR\" target=\"_blank\" rel=\"noopener\"><span style=\"font-size: 12pt\">\u0417\u0430\u043f\u043e\u0432\u043d\u0456\u0442\u044c \u0432\u0456\u0434\u043f\u043e\u0432\u0456\u0434\u0456 \u043d\u0430 \u043e\u043f\u0438\u0442\u0443\u0432\u0430\u043d\u043d\u044f \u0443\u043a\u0440\u0430\u0457\u043d\u0441\u044c\u043a\u043e\u044e<\/span><\/a><\/strong><\/p>\n<p>&nbsp;<\/p><\/blockquote>\n","protected":false},"excerpt":{"rendered":"<p>Dans le cadre de sa strat\u00e9gie 2018-2021, Autisme-Europe a pour objectif de promouvoir l&rsquo;acc\u00e8s \u00e0 une \u00e9ducation inclusive de qualit\u00e9 (y compris \u00e0 la formation universitaire et professionnelle). Aidez-nous \u00e0 &hellip; <\/p>\n<p class=\"link-more\"><a href=\"https:\/\/www.autismeurope.org\/fr\/blog\/2019\/01\/15\/ae-lance-une-enquete-europeenne-sur-lacces-a-leducation\/\" class=\"more-link\">Continue reading<span class=\"screen-reader-text\"> \u00ab\u00a0Remplissez notre enqu\u00eate europ\u00e9enne sur l&rsquo;acc\u00e8s \u00e0 l&rsquo;\u00e9ducation\u00a0\u00bb<\/span><\/a><\/p>\n","protected":false},"author":32,"featured_media":27760,"comment_status":"closed","ping_status":"closed","sticky":false,"template":"","format":"standard","meta":{"_acf_changed":false,"_bbp_topic_count":0,"_bbp_reply_count":0,"_bbp_total_topic_count":0,"_bbp_total_reply_count":0,"_bbp_voice_count":0,"_bbp_anonymous_reply_count":0,"_bbp_topic_count_hidden":0,"_bbp_reply_count_hidden":0,"_bbp_forum_subforum_count":0,"footnotes":""},"categories":[95],"tags":[2686,2761],"class_list":["post-27762","post","type-post","status-publish","format-standard","has-post-thumbnail","hentry","category-news-fr","tag-activites-ae","tag-education-fr-2"],"acf":[],"_links":{"self":[{"href":"https:\/\/www.autismeurope.org\/fr\/wp-json\/wp\/v2\/posts\/27762","targetHints":{"allow":["GET"]}}],"collection":[{"href":"https:\/\/www.autismeurope.org\/fr\/wp-json\/wp\/v2\/posts"}],"about":[{"href":"https:\/\/www.autismeurope.org\/fr\/wp-json\/wp\/v2\/types\/post"}],"author":[{"embeddable":true,"href":"https:\/\/www.autismeurope.org\/fr\/wp-json\/wp\/v2\/users\/32"}],"replies":[{"embeddable":true,"href":"https:\/\/www.autismeurope.org\/fr\/wp-json\/wp\/v2\/comments?post=27762"}],"version-history":[{"count":23,"href":"https:\/\/www.autismeurope.org\/fr\/wp-json\/wp\/v2\/posts\/27762\/revisions"}],"predecessor-version":[{"id":29732,"href":"https:\/\/www.autismeurope.org\/fr\/wp-json\/wp\/v2\/posts\/27762\/revisions\/29732"}],"wp:featuredmedia":[{"embeddable":true,"href":"https:\/\/www.autismeurope.org\/fr\/wp-json\/wp\/v2\/media\/27760"}],"wp:attachment":[{"href":"https:\/\/www.autismeurope.org\/fr\/wp-json\/wp\/v2\/media?parent=27762"}],"wp:term":[{"taxonomy":"category","embeddable":true,"href":"https:\/\/www.autismeurope.org\/fr\/wp-json\/wp\/v2\/categories?post=27762"},{"taxonomy":"post_tag","embeddable":true,"href":"https:\/\/www.autismeurope.org\/fr\/wp-json\/wp\/v2\/tags?post=27762"}],"curies":[{"name":"wp","href":"https:\/\/api.w.org\/{rel}","templated":true}]}}