{"id":28534,"date":"2018-12-03T12:08:28","date_gmt":"2018-12-03T11:08:28","guid":{"rendered":"http:\/\/www.autismeurope.org\/fr\/?p=28534"},"modified":"2018-12-13T17:45:07","modified_gmt":"2018-12-13T16:45:07","slug":"une-quarantaine-de-representants-de-18-pays-reunis-a-bruxelles-pour-le-conseil-dadministration-dae","status":"publish","type":"post","link":"https:\/\/www.autismeurope.org\/fr\/blog\/2018\/12\/03\/une-quarantaine-de-representants-de-18-pays-reunis-a-bruxelles-pour-le-conseil-dadministration-dae\/","title":{"rendered":"Une quarantaine de repr\u00e9sentants de 18 pays r\u00e9unis \u00e0 Bruxelles pour le Conseil d\u2019Administration d\u2019AE"},"content":{"rendered":"<blockquote><p><span style=\"font-size: 12pt\"><strong>Autisme-Europe a tenu son Conseil d&rsquo;administration les 1er et 2 d\u00e9cembre, \u00e0 l&rsquo;occasion des <a href=\"http:\/\/www.autismeurope.org\/event\/european-day-of-persons-with-disabilities-2018\/\" target=\"_blank\" rel=\"noopener\">Journ\u00e9es europ\u00e9ennes des personnes handicap\u00e9es<\/a> (JEPH). Une quarantaine de repr\u00e9sentants de 18 pays d&rsquo;Europe et d&rsquo;ailleurs se sont r\u00e9unis \u00e0 Bruxelles. Ils ont \u00e9chang\u00e9 sur la meilleure fa\u00e7on de r\u00e9pondre aux probl\u00e8mes rencontr\u00e9s par les personnes autistes et leurs familles. Ces r\u00e9unions ont pr\u00e9c\u00e9d\u00e9 les \u00e9v\u00e9nements organis\u00e9s par la Commission europ\u00e9enne dans le cadre des JEPH.<\/strong><\/span><\/p><\/blockquote>\n<p><span style=\"font-size: 12pt\">Le premier jour, Alejandro Moledo du <a href=\"http:\/\/www.edf-feph.org\/\" target=\"_blank\" rel=\"noopener\">Forum europ\u00e9en des personnes handicap\u00e9es<\/a> (FEPH) et Chiara Giovannini de l&rsquo;<a href=\"https:\/\/www.anec.eu\/\" target=\"_blank\" rel=\"noopener\">ANEC<\/a> (la Voix europ\u00e9enne des consommateurs en normalisation) ont particip\u00e9 \u00e0 la r\u00e9union et ont donn\u00e9 aux participants une formation interactive sur le processus de normalisation. Suite au <a href=\"http:\/\/www.autismeurope.org\/blog\/2018\/11\/12\/disappointing-compromise-on-eu-accessibility-act\/\" target=\"_blank\" rel=\"noopener\">r\u00e9cent accord initial sur l\u2019Acte juridique europ\u00e9en sur l&rsquo;accessibilit\u00e9<\/a>, Autisme-Europe vise \u00e0 renforcer la capacit\u00e9 de ses membres \u00e0 s&rsquo;impliquer dans le processus de normalisation, qui joue un r\u00f4le important dans l&rsquo;accessibilit\u00e9 des biens et produits.\u00a0 \u00a0<\/span><\/p>\n<p><span style=\"font-size: 12pt\">Lors de cette r\u00e9union, des repr\u00e9sentants d&rsquo;organisations europ\u00e9ennes de l\u2019autisme se sont r\u00e9unis pour discuter et voter sur diverses questions li\u00e9es aux activit\u00e9s d&rsquo;Autisme-Europe. Harald Neerland, membre du Comit\u00e9 ex\u00e9cutif, a \u00e9t\u00e9 \u00e9lu futur Pr\u00e9sident d&rsquo;Autisme-Europe, son mandat courra de 2020 \u00e0 2024. <a href=\"http:\/\/www.autismeurope.org\/fr\/qui-sommes-nous\/notre-structure\/comite-executif\/\" target=\"_blank\" rel=\"noopener\">L&rsquo;actuelle pr\u00e9sidente Zsuzsanna Szilvasy<\/a> restera en fonction jusqu&rsquo;en 2020. Les points saillants des r\u00e9unions ont \u00e9t\u00e9 la pr\u00e9sentation de la mise en \u0153uvre du programme de travail 2018, la proposition de programme de travail 2019, la campagne de sensibilisation de 2019 et une strat\u00e9gie de collecte de fonds pour les trois prochaines ann\u00e9es. <\/span><\/p>\n<p><span style=\"font-size: 12pt\">Les activit\u00e9s men\u00e9es par Autisme-Europe mettent fortement l&rsquo;accent sur un meilleur acc\u00e8s \u00e0 l&rsquo;\u00e9ducation, \u00e0 l&#8217;emploi et \u00e0 une meilleure r\u00e9ponse de sant\u00e9 publique (y compris de sant\u00e9 mentale) pour l&rsquo;autisme, ainsi que sur le renforcement de la participation des auto-repr\u00e9sentants.<\/span><\/p>\n<p><span style=\"font-size: 12pt\">Les membres ont \u00e9galement re\u00e7u une mise \u00e0 jour sur les pr\u00e9paratifs du<a href=\"http:\/\/www.autismeurope.org\/fr\/que-faisons-nous\/congres-internationaux\/prochain-congres\/\" target=\"_blank\" rel=\"noopener\"> 12<sup>e<\/sup> Congr\u00e8s international d\u2019Autisme-Europe qui aura lieu \u00e0 Nice<\/a> en 2019 et pour lequel l&rsquo;appel \u00e0 r\u00e9sum\u00e9s sera ouvert jusqu&rsquo;au 31 janvier. Pour conclure la r\u00e9union, notre association membre <a href=\"https:\/\/autisme-belgique.wixsite.com\/apepa\" target=\"_blank\" rel=\"noopener\">l\u2019APEPA<\/a> et V\u00e9ronique Lenoir de la <a href=\"http:\/\/www.susa.be\/\" target=\"_blank\" rel=\"noopener\">Fondation\u00a0SUSA<\/a> ont pr\u00e9sent\u00e9 l&rsquo;initiative belge \u00ab\u00a0<a href=\"https:\/\/www.participate-autisme.be\/\" target=\"_blank\" rel=\"noopener\">Participate !<\/a>\u00ab\u00a0, une plateforme en ligne disponible \u00e0 la fois en n\u00e9erlandais et en fran\u00e7ais, qui fournit des informations faciles-\u00e0-lire sur l&rsquo;autisme, des pratiques fond\u00e9es la preuve, ainsi que des conseils et outils utiles sous la forme de documents et de vid\u00e9os explicatives, aux parents d\u2019enfants autistes venant de recevoir le diagnostic.<\/span><\/p>\n","protected":false},"excerpt":{"rendered":"<p>Autisme-Europe a tenu son Conseil d&rsquo;administration les 1er et 2 d\u00e9cembre, \u00e0 l&rsquo;occasion des Journ\u00e9es europ\u00e9ennes des personnes handicap\u00e9es (JEPH). Une quarantaine de repr\u00e9sentants de 18 pays d&rsquo;Europe et d&rsquo;ailleurs &hellip; <\/p>\n<p class=\"link-more\"><a href=\"https:\/\/www.autismeurope.org\/fr\/blog\/2018\/12\/03\/une-quarantaine-de-representants-de-18-pays-reunis-a-bruxelles-pour-le-conseil-dadministration-dae\/\" class=\"more-link\">Continue reading<span class=\"screen-reader-text\"> \u00ab\u00a0Une quarantaine de repr\u00e9sentants de 18 pays r\u00e9unis \u00e0 Bruxelles pour le Conseil d\u2019Administration d\u2019AE\u00a0\u00bb<\/span><\/a><\/p>\n","protected":false},"author":32,"featured_media":28494,"comment_status":"closed","ping_status":"closed","sticky":false,"template":"","format":"standard","meta":{"_acf_changed":false,"_bbp_topic_count":0,"_bbp_reply_count":0,"_bbp_total_topic_count":0,"_bbp_total_reply_count":0,"_bbp_voice_count":0,"_bbp_anonymous_reply_count":0,"_bbp_topic_count_hidden":0,"_bbp_reply_count_hidden":0,"_bbp_forum_subforum_count":0,"footnotes":""},"categories":[95],"tags":[2686],"class_list":["post-28534","post","type-post","status-publish","format-standard","has-post-thumbnail","hentry","category-news-fr","tag-activites-ae"],"acf":[],"_links":{"self":[{"href":"https:\/\/www.autismeurope.org\/fr\/wp-json\/wp\/v2\/posts\/28534","targetHints":{"allow":["GET"]}}],"collection":[{"href":"https:\/\/www.autismeurope.org\/fr\/wp-json\/wp\/v2\/posts"}],"about":[{"href":"https:\/\/www.autismeurope.org\/fr\/wp-json\/wp\/v2\/types\/post"}],"author":[{"embeddable":true,"href":"https:\/\/www.autismeurope.org\/fr\/wp-json\/wp\/v2\/users\/32"}],"replies":[{"embeddable":true,"href":"https:\/\/www.autismeurope.org\/fr\/wp-json\/wp\/v2\/comments?post=28534"}],"version-history":[{"count":2,"href":"https:\/\/www.autismeurope.org\/fr\/wp-json\/wp\/v2\/posts\/28534\/revisions"}],"predecessor-version":[{"id":28537,"href":"https:\/\/www.autismeurope.org\/fr\/wp-json\/wp\/v2\/posts\/28534\/revisions\/28537"}],"wp:featuredmedia":[{"embeddable":true,"href":"https:\/\/www.autismeurope.org\/fr\/wp-json\/wp\/v2\/media\/28494"}],"wp:attachment":[{"href":"https:\/\/www.autismeurope.org\/fr\/wp-json\/wp\/v2\/media?parent=28534"}],"wp:term":[{"taxonomy":"category","embeddable":true,"href":"https:\/\/www.autismeurope.org\/fr\/wp-json\/wp\/v2\/categories?post=28534"},{"taxonomy":"post_tag","embeddable":true,"href":"https:\/\/www.autismeurope.org\/fr\/wp-json\/wp\/v2\/tags?post=28534"}],"curies":[{"name":"wp","href":"https:\/\/api.w.org\/{rel}","templated":true}]}}