{"id":28793,"date":"2018-11-23T10:20:36","date_gmt":"2018-11-23T09:20:36","guid":{"rendered":"http:\/\/www.autismeurope.org\/fr\/?p=28793"},"modified":"2018-12-17T10:28:52","modified_gmt":"2018-12-17T09:28:52","slug":"le-12e-congres-international-dae-expose-les-creations-dartistes-autistes-soumettez-votre-oeuvre-dart","status":"publish","type":"post","link":"https:\/\/www.autismeurope.org\/fr\/blog\/2018\/11\/23\/le-12e-congres-international-dae-expose-les-creations-dartistes-autistes-soumettez-votre-oeuvre-dart\/","title":{"rendered":"Le 12e Congr\u00e8s international d&rsquo;AE expose les cr\u00e9ations d\u2019artistes autistes : soumettez votre \u0153uvre d&rsquo;art"},"content":{"rendered":"<blockquote><p><span style=\"font-size: 12pt\"><strong>Les participants de \u00ab\u00a0<em>Art &amp; Autism<\/em>\u00a0\u00bb, une exposition d&rsquo;art internationale pr\u00e9sentant le travail des personnes autistes, auront l&rsquo;occasion de voir leurs cr\u00e9ations expos\u00e9es lors du <a href=\"http:\/\/www.autismeurope.org\/fr\/que-faisons-nous\/congres-internationaux\/prochain-congres\/\" target=\"_blank\" rel=\"noopener\">Congr\u00e8s international d&rsquo;Autisme-Europe \u00e0 Nice<\/a> du 13 au 15 septembre 2019.<\/strong><\/span><\/p><\/blockquote>\n<p><span style=\"font-size: 12pt\">Depuis 1997, l&rsquo;association espagnole <a href=\"https:\/\/www.autismoburgos.es\/\" target=\"_blank\" rel=\"noopener\"><em>Autismo Burgos<\/em><\/a> (membre d&rsquo;Autisme-Europe) organise ce concours qui vise \u00e0 stimuler la cr\u00e9ativit\u00e9 et l&rsquo;expression artistique des personnes autistes. Dans cette \u00e9dition, seules des photos num\u00e9riques des \u0153uvres seront pr\u00e9sent\u00e9es, et non les \u0153uvres originales.<\/span><\/p>\n<p><span style=\"font-size: 12pt\">L&rsquo;objectif est d&rsquo;organiser une exposition virtuelle en mai 2019 sur le site de l&rsquo;association. Le grand public aura la possibilit\u00e9 de voir les \u0153uvres et de voter en ligne avant l&rsquo;Exposition de Nice. Les \u0153uvres seront ensuite pr\u00e9sent\u00e9es sous forme de diaporama et pr\u00e9sent\u00e9es sous forme imprim\u00e9e pendant le congr\u00e8s.<\/span><\/p>\n<p><span style=\"font-size: 12pt\">Les formulaires de participation et les photos num\u00e9riques doivent \u00eatre envoy\u00e9s \u00e0 Autismo Burgos avant le 30 avril 2019. Les \u0153uvres (peintures) doivent \u00eatre originales et in\u00e9dites. Le nombre d&rsquo;\u0153uvres est limit\u00e9 \u00e0 une par participant.<\/span><\/p>\n<blockquote><p><span style=\"font-size: 12pt\"><a href=\"http:\/\/www.autismoburgos.es\/abierto-plazo-para-participar-en-la-vii-exposicion-internacional-de-arte-para-personas-con-autismo-2\/\"><strong>En savoir plus<\/strong><\/a><\/span><\/p>\n<p><span style=\"font-size: 12pt\"><a href=\"http:\/\/www.autismoburgos.es\/vii-exposicion-internacional-de-arte-para-personas-con-autismo-2\/\"><strong>Soumettre une \u0153uvre d\u2019art<\/strong><\/a><\/span><\/p><\/blockquote>\n","protected":false},"excerpt":{"rendered":"<p>Les participants de \u00ab\u00a0Art &amp; Autism\u00a0\u00bb, une exposition d&rsquo;art internationale pr\u00e9sentant le travail des personnes autistes, auront l&rsquo;occasion de voir leurs cr\u00e9ations expos\u00e9es lors du Congr\u00e8s international d&rsquo;Autisme-Europe \u00e0 Nice &hellip; <\/p>\n<p class=\"link-more\"><a href=\"https:\/\/www.autismeurope.org\/fr\/blog\/2018\/11\/23\/le-12e-congres-international-dae-expose-les-creations-dartistes-autistes-soumettez-votre-oeuvre-dart\/\" class=\"more-link\">Continue reading<span class=\"screen-reader-text\"> \u00ab\u00a0Le 12e Congr\u00e8s international d&rsquo;AE expose les cr\u00e9ations d\u2019artistes autistes : soumettez votre \u0153uvre d&rsquo;art\u00a0\u00bb<\/span><\/a><\/p>\n","protected":false},"author":32,"featured_media":28465,"comment_status":"closed","ping_status":"closed","sticky":false,"template":"","format":"standard","meta":{"_acf_changed":false,"_bbp_topic_count":0,"_bbp_reply_count":0,"_bbp_total_topic_count":0,"_bbp_total_reply_count":0,"_bbp_voice_count":0,"_bbp_anonymous_reply_count":0,"_bbp_topic_count_hidden":0,"_bbp_reply_count_hidden":0,"_bbp_forum_subforum_count":0,"footnotes":""},"categories":[95],"tags":[2686,2766,2772],"class_list":["post-28793","post","type-post","status-publish","format-standard","has-post-thumbnail","hentry","category-news-fr","tag-activites-ae","tag-lifestyle-fr","tag-sensibilisation"],"acf":[],"_links":{"self":[{"href":"https:\/\/www.autismeurope.org\/fr\/wp-json\/wp\/v2\/posts\/28793","targetHints":{"allow":["GET"]}}],"collection":[{"href":"https:\/\/www.autismeurope.org\/fr\/wp-json\/wp\/v2\/posts"}],"about":[{"href":"https:\/\/www.autismeurope.org\/fr\/wp-json\/wp\/v2\/types\/post"}],"author":[{"embeddable":true,"href":"https:\/\/www.autismeurope.org\/fr\/wp-json\/wp\/v2\/users\/32"}],"replies":[{"embeddable":true,"href":"https:\/\/www.autismeurope.org\/fr\/wp-json\/wp\/v2\/comments?post=28793"}],"version-history":[{"count":2,"href":"https:\/\/www.autismeurope.org\/fr\/wp-json\/wp\/v2\/posts\/28793\/revisions"}],"predecessor-version":[{"id":28795,"href":"https:\/\/www.autismeurope.org\/fr\/wp-json\/wp\/v2\/posts\/28793\/revisions\/28795"}],"wp:featuredmedia":[{"embeddable":true,"href":"https:\/\/www.autismeurope.org\/fr\/wp-json\/wp\/v2\/media\/28465"}],"wp:attachment":[{"href":"https:\/\/www.autismeurope.org\/fr\/wp-json\/wp\/v2\/media?parent=28793"}],"wp:term":[{"taxonomy":"category","embeddable":true,"href":"https:\/\/www.autismeurope.org\/fr\/wp-json\/wp\/v2\/categories?post=28793"},{"taxonomy":"post_tag","embeddable":true,"href":"https:\/\/www.autismeurope.org\/fr\/wp-json\/wp\/v2\/tags?post=28793"}],"curies":[{"name":"wp","href":"https:\/\/api.w.org\/{rel}","templated":true}]}}