{"id":28942,"date":"2018-12-05T12:32:35","date_gmt":"2018-12-05T11:32:35","guid":{"rendered":"http:\/\/www.autismeurope.org\/fr\/?p=28942"},"modified":"2019-02-25T10:52:00","modified_gmt":"2019-02-25T09:52:00","slug":"autisme-europe-accueille-un-nouveau-charge-de-plaidoyer-et-de-projets","status":"publish","type":"post","link":"https:\/\/www.autismeurope.org\/fr\/blog\/2018\/12\/05\/autisme-europe-accueille-un-nouveau-charge-de-plaidoyer-et-de-projets\/","title":{"rendered":"Autisme-Europe accueille un nouveau charg\u00e9 de plaidoyer et de projets"},"content":{"rendered":"<blockquote><p><strong><span style=\"font-size: 12pt\"><em>Hallo<\/em>, je suis Christian Takow, j\u2019ai 30 ans et je parle allemand, anglais et un peu espagnol.<\/span><\/strong><\/p><\/blockquote>\n<p><span style=\"font-size: 12pt\">En fait, j&rsquo;ai rejoint l&rsquo;\u00e9quipe d&rsquo;Autisme-Europe il y a d\u00e9j\u00e0 un mois. Je soutiens les activit\u00e9s d&rsquo;AE en tant que nouveau charg\u00e9 de plaidoyer et de projets. Avec ma formation universitaire en \u00e9tudes europ\u00e9ennes et relations internationales aux Pays-Bas, l&rsquo;environnement international \u00e0 Bruxelles me semblait \u00eatre un lieu de travail naturel.<\/span><\/p>\n<p><span style=\"font-size: 12pt\">Gr\u00e2ce \u00e0 mes volontariats en Espagne et en Allemagne dans le domaine de la coop\u00e9ration (internationale) des jeunes, j&rsquo;ai pris conscience de la dimension sociale de l&rsquo;Europe. J\u2019ai alors d\u00e9velopp\u00e9 un int\u00e9r\u00eat \u00e0 travailler pour une association qui promeut la justice sociale.<\/span><\/p>\n<p><span style=\"font-size: 12pt\">Depuis que j&rsquo;ai re\u00e7u mon diagnostic d&rsquo;autisme, assez tardivement, je me suis aussi int\u00e9ress\u00e9 \u00e0 ce que cela signifie r\u00e9ellement pour moi et pour les autres. Ainsi, lorsque j&rsquo;ai eu l&rsquo;occasion de commencer \u00e0 explorer ce sujet, en combinaison avec la promotion des droits au sein d&rsquo;Autisme-Europe, j\u2019ai saisi cette opportunit\u00e9 avec plaisir.<\/span><\/p>\n<blockquote><p><strong><a href=\"http:\/\/www.autismeurope.org\/fr\/qui-sommes-nous\/notre-structure\/notre-equipe\/\" target=\"_blank\" rel=\"noopener noreferrer\"><span style=\"font-size: 12pt\">Plus d&rsquo;informations sur le personnel d&rsquo;AE<\/span><\/a><\/strong><\/p><\/blockquote>\n","protected":false},"excerpt":{"rendered":"<p>Hallo, je suis Christian Takow, j\u2019ai 30 ans et je parle allemand, anglais et un peu espagnol. En fait, j&rsquo;ai rejoint l&rsquo;\u00e9quipe d&rsquo;Autisme-Europe il y a d\u00e9j\u00e0 un mois. Je &hellip; <\/p>\n<p class=\"link-more\"><a href=\"https:\/\/www.autismeurope.org\/fr\/blog\/2018\/12\/05\/autisme-europe-accueille-un-nouveau-charge-de-plaidoyer-et-de-projets\/\" class=\"more-link\">Continue reading<span class=\"screen-reader-text\"> \u00ab\u00a0Autisme-Europe accueille un nouveau charg\u00e9 de plaidoyer et de projets\u00a0\u00bb<\/span><\/a><\/p>\n","protected":false},"author":32,"featured_media":28915,"comment_status":"closed","ping_status":"closed","sticky":false,"template":"","format":"standard","meta":{"_acf_changed":false,"_bbp_topic_count":0,"_bbp_reply_count":0,"_bbp_total_topic_count":0,"_bbp_total_reply_count":0,"_bbp_voice_count":0,"_bbp_anonymous_reply_count":0,"_bbp_topic_count_hidden":0,"_bbp_reply_count_hidden":0,"_bbp_forum_subforum_count":0,"footnotes":""},"categories":[95],"tags":[2686],"class_list":["post-28942","post","type-post","status-publish","format-standard","has-post-thumbnail","hentry","category-news-fr","tag-activites-ae"],"acf":[],"_links":{"self":[{"href":"https:\/\/www.autismeurope.org\/fr\/wp-json\/wp\/v2\/posts\/28942","targetHints":{"allow":["GET"]}}],"collection":[{"href":"https:\/\/www.autismeurope.org\/fr\/wp-json\/wp\/v2\/posts"}],"about":[{"href":"https:\/\/www.autismeurope.org\/fr\/wp-json\/wp\/v2\/types\/post"}],"author":[{"embeddable":true,"href":"https:\/\/www.autismeurope.org\/fr\/wp-json\/wp\/v2\/users\/32"}],"replies":[{"embeddable":true,"href":"https:\/\/www.autismeurope.org\/fr\/wp-json\/wp\/v2\/comments?post=28942"}],"version-history":[{"count":3,"href":"https:\/\/www.autismeurope.org\/fr\/wp-json\/wp\/v2\/posts\/28942\/revisions"}],"predecessor-version":[{"id":29909,"href":"https:\/\/www.autismeurope.org\/fr\/wp-json\/wp\/v2\/posts\/28942\/revisions\/29909"}],"wp:featuredmedia":[{"embeddable":true,"href":"https:\/\/www.autismeurope.org\/fr\/wp-json\/wp\/v2\/media\/28915"}],"wp:attachment":[{"href":"https:\/\/www.autismeurope.org\/fr\/wp-json\/wp\/v2\/media?parent=28942"}],"wp:term":[{"taxonomy":"category","embeddable":true,"href":"https:\/\/www.autismeurope.org\/fr\/wp-json\/wp\/v2\/categories?post=28942"},{"taxonomy":"post_tag","embeddable":true,"href":"https:\/\/www.autismeurope.org\/fr\/wp-json\/wp\/v2\/tags?post=28942"}],"curies":[{"name":"wp","href":"https:\/\/api.w.org\/{rel}","templated":true}]}}