{"id":30290,"date":"2019-03-29T17:07:29","date_gmt":"2019-03-29T16:07:29","guid":{"rendered":"https:\/\/www.autismeurope.org\/fr\/?p=30290"},"modified":"2019-03-29T18:14:48","modified_gmt":"2019-03-29T17:14:48","slug":"autisme-europe-appelle-a-une-nouvelle-dynamique-de-lautisme","status":"publish","type":"post","link":"https:\/\/www.autismeurope.org\/fr\/blog\/2019\/03\/29\/autisme-europe-appelle-a-une-nouvelle-dynamique-de-lautisme\/","title":{"rendered":"Autism-Europe appelle \u00e0 une nouvelle dynamique pour l\u2019autisme"},"content":{"rendered":"<blockquote><p><strong><span style=\"font-size: 12pt\">A l&rsquo;occasion de la Journ\u00e9e mondiale de sensibilisation \u00e0 l&rsquo;autisme c\u00e9l\u00e9br\u00e9e le 2 avril, Autisme-Europe (AE) a lanc\u00e9 une campagne de sensibilisation \u00e0 l&rsquo;\u00e9chelle europ\u00e9enne. Dans le contexte des prochaines \u00e9lections europ\u00e9ennes, cette campagne intitul\u00e9e \u00ab Une nouvelle dynamique pour l&rsquo;autisme \u00bb appelle \u00e0 l\u2019adoption de politiques pour r\u00e9pondre aux besoins urgents des personnes autistes dans l&rsquo;Union europ\u00e9enne.<\/span><\/strong><\/p>\n<p><strong><span style=\"font-size: 12pt\">AE encourage tous les membres de la soci\u00e9t\u00e9 \u00e0 former le geste de l\u2019infini pour l&rsquo;autisme,\u00a0afin de manifester leur engagement \u00e0 promouvoir l\u2019inclusion pour tous dans la soci\u00e9t\u00e9 et l\u2019acceptation de la diversit\u00e9.<\/span><\/strong><\/p>\n<p><strong><a href=\"https:\/\/www.autismeurope.org\/wp-content\/uploads\/2019\/03\/WAAD-2019_Communiqu\u00e9-de-presse_29-Mars-2019.pdf\" target=\"_blank\" rel=\"noopener noreferrer\"><span style=\"font-size: 12pt\">Cliquez ici pour t\u00e9l\u00e9charger le communiqu\u00e9 de presse en version PDF<\/span><\/a><\/strong><\/p>\n<p><strong><a href=\"https:\/\/www.dropbox.com\/sh\/3okoxo069cnvgdx\/AABLwiVGYy3qCcxZmu9SDdL8a?dl=0\" target=\"_blank\" rel=\"noopener noreferrer\"><span style=\"font-size: 12pt\">Cliquez ici pour t\u00e9l\u00e9charger le dossier de presse avec les ressources audiovisuelles<\/span><\/a><\/strong><\/p><\/blockquote>\n<p><span style=\"font-size: 12pt\">On estime \u00e0 7 millions le nombre de personnes autistes dans l&rsquo;Union europ\u00e9enne. La plupart d&rsquo;entre elles sont victimes de discrimination dans de nombreux domaines de la vie ainsi que d&rsquo;exclusion sociale. Afin de r\u00e9pondre aux d\u00e9fis que rencontrent les personnes autistes dans leur quotidien, AE a d\u00e9cid\u00e9 de mener une campagne de sensibilisation \u00e0 l&rsquo;\u00e9chelle europ\u00e9enne en 2019, en coop\u00e9ration avec ses 90 associations membres pr\u00e9sentes dans 26 pays de l&rsquo;UE et au-del\u00e0, sous le slogan \u00ab Une nouvelle dynamique pour l&rsquo;autisme. I \u221e autisme \u00bb.<\/span><\/p>\n<p><span style=\"font-size: 12pt\">Pour mieux faire conna\u00eetre les objectifs de la campagne, AE demande \u00e0 ses partisans de former le signe de l&rsquo;infini, qui symbolise la neurodiversit\u00e9, la force et l&rsquo;unit\u00e9. Il n&rsquo;est possible d&rsquo;am\u00e9liorer les conditions de vie des personnes autistes et de leurs familles que par le respect et la compr\u00e9hension mutuels. Cette ann\u00e9e, la campagne est aussi \u00e9troitement li\u00e9e aux objectifs du <a href=\"https:\/\/www.autismeurope.org\/fr\/que-faisons-nous\/congres-internationaux\/prochain-congres\/\">12<sup>e<\/sup> Congr\u00e8s international d&rsquo;Autisme-Europe<\/a>, qui se tiendra \u00e0 Nice, France, en septembre 2019.<\/span><\/p>\n<p><span style=\"font-size: 12pt\">L&rsquo;autisme est un handicap qui perdure toute la vie et les \u00c9tats membres sont confront\u00e9s \u00e0 des d\u00e9fis similaires dans toute l&rsquo;Europe. Ceux-ci concernent, entre autres, l\u2019acc\u00e8s au diagnostic, \u00e0 l&rsquo;\u00e9ducation, \u00e0 l&#8217;emploi, au logement et au soutien dans la communaut\u00e9. Une approche holistique est n\u00e9cessaire si l\u2019on veut r\u00e9pondre aux besoins des personnes autistes. A cet \u00e9gard, certains Etats membres s\u2019av\u00e8rent plus efficaces que d&rsquo;autres. Une approche communautaire contribuerait \u00e0 r\u00e9duire les in\u00e9galit\u00e9s et \u00e0 \u00e9changer les bonnes pratiques. Elle permettrait \u00e9galement aux personnes autistes et \u00e0 leurs familles d\u2019exercer plus facilement leur droit \u00e0 la libre circulation.<\/span><\/p>\n<h2><span style=\"font-size: 14pt\">Ouvrir la voie \u00e0 plus d&rsquo;actions dans l&rsquo;Union europ\u00e9enne<\/span><\/h2>\n<p><span style=\"font-size: 12pt\">A l&rsquo;approche des \u00e9lections europ\u00e9ennes, AE esp\u00e8re continuer \u00e0 compter sur le soutien et la coop\u00e9ration des futurs membres du PE. C&rsquo;est la raison pour laquelle nous avons publi\u00e9 <a href=\"https:\/\/www.autismeurope.org\/fr\/blog\/2019\/03\/09\/une-nouvelle-dynamique-pour-lautisme-manifeste-pour-les-elections-europeennes-de-2019\/\">un manifeste<\/a> appelant les candidats \u00e0 soutenir les mesures visant \u00e0 la pleine inclusion des personnes autistes dans la soci\u00e9t\u00e9 et \u00e0 promouvoir la mise en \u0153uvre de la Convention des Nations Unies relative aux droits des personnes handicap\u00e9es (UNCRPD) au niveau europ\u00e9en et dans tous ses \u00c9tats membres. \u00c9tant donn\u00e9 que la future strat\u00e9gie europ\u00e9enne en mati\u00e8re de handicap fait actuellement l&rsquo;objet de consultations, il est essentiel que les handicaps invisibles tels que l&rsquo;autisme, ne soient pas oubli\u00e9s et que personne ne soit laiss\u00e9 pour compte.<\/span><\/p>\n<p><span style=\"font-size: 12pt\">Par exemple, l&rsquo;UE peut jouer un r\u00f4le de premier plan pour favoriser l&rsquo;inclusion et am\u00e9liorer la qualit\u00e9 des services de soutien implant\u00e9s dans la communaut\u00e9 en Europe et mettre fin \u00e0 la s\u00e9gr\u00e9gation, conform\u00e9ment \u00e0 la CNUDPH. Elle peut le faire, notamment, par le biais des Fonds structurels et d&rsquo;investissement europ\u00e9ens. L\u2019UE peut \u00e9galement promouvoir la formation professionnelle dans divers secteurs afin de d\u00e9velopper la compr\u00e9hension de l\u2019autisme et un soutien efficace. Enfin, l\u2019UE peut aussi soutenir la recherche et les r\u00e9seaux d&rsquo;experts dans l\u2019UE, avec la participation des personnes autistes, en vue\u00a0 d\u2019am\u00e9liorer leur qualit\u00e9 de vie.<\/span><\/p>\n<h2><span style=\"font-size: 14pt\">Ev\u00e9nement parall\u00e8le d&rsquo;AE \u00e0 l&rsquo;ONU \u00e0 Gen\u00e8ve<\/span><\/h2>\n<p><span style=\"font-size: 12pt\">Le 1er avril, AE organise un \u00e9v\u00e9nement parall\u00e8le avec les membres du Comit\u00e9 CDPH au Palais des Nations \u00e0 Gen\u00e8ve, avec le soutien de la Mission permanente de la R\u00e9publique de Malte. Cet \u00e9v\u00e9nement vise \u00e0 mettre en lumi\u00e8re les moyens de surmonter les obstacles auxquels sont confront\u00e9es les personnes autistes dans divers domaines de la vie afin de favoriser une meuilleure mise \u0153uvre de la CNUDPH.<\/span><\/p>\n<blockquote><p><strong><span style=\"font-size: 12pt\"><a href=\"https:\/\/www.autismeurope.org\/fr\/blog\/2019\/03\/21\/participez-a-levenement-parallele-dae-a-lonu-a-geneve-pour-marquer-la-journee-mondiale-de-lautisme\/\" target=\"_blank\" rel=\"noopener noreferrer\">Cliquez ici pour en savoir plus et t\u00e9l\u00e9charger l\u2019agenda<\/a><\/span><\/strong><\/p><\/blockquote>\n<h2><span style=\"font-size: 14pt\">Comment puis-je soutenir la campagne ?<\/span><\/h2>\n<p><span style=\"font-size: 12pt\">Les personnes d\u00e9sireuses de soutenir la campagne peuvent publier des photos d&rsquo;elles formant le geste de l&rsquo;infini ou tenant le visuel de la campagne sur les m\u00e9dias sociaux en utilisant le hashtag <a href=\"https:\/\/twitter.com\/search?q=%23AutismDay2019&amp;src=typd\">#AutismDay2019<\/a>, ainsi qu&rsquo;une explication du type d&rsquo;action qu&rsquo;elles comptent engager pour soutenir une soci\u00e9t\u00e9 inclusive pour les personnes autistes.<\/span><\/p>\n<p><span style=\"font-size: 12pt\"><a href=\"https:\/\/www.youtube.com\/watch?v=fNXYk5R9bPY\">La vid\u00e9o officielle de la campagne<\/a> a \u00e9t\u00e9 r\u00e9alis\u00e9e en partenariat avec <em>Autismo Espa\u00f1a<\/em> et l&rsquo;actrice Nadia de Santiago (Les Demoiselles du t\u00e9l\u00e9phone). Cette vid\u00e9o encourage la soci\u00e9t\u00e9 \u00e0 embrasser la diversit\u00e9 et souligne que nous pouvons tous contribuer \u00e0 l&rsquo;inclusion des personnes autistes. AE a \u00e9galement publi\u00e9 <a href=\"https:\/\/www.dropbox.com\/sh\/yl28kwdmbbfxuni\/AACVcsfXhq0-Oc-WdOo3UdCfa?dl=0\">une bo\u00eete \u00e0 outils<\/a> qui explique les objectifs de la campagne et comprend du <a href=\"https:\/\/www.dropbox.com\/sh\/g85ongwtbf6ebg2\/AAC2Az9B0Nf9JPDw3WdYPsbUa?dl=0\" target=\"_blank\" rel=\"noopener noreferrer\">mat\u00e9riel et des strat\u00e9gies de communication disponibles dans 14 langues<\/a> ainsi qu&rsquo;en format <a href=\"https:\/\/www.autismeurope.org\/easy-to-read\/fr\/what-we-do\/world-autism-awarenessday\/\">Facile \u00e0 lire<\/a>.<\/span><\/p>\n<h2><span style=\"font-size: 14pt\">Notes aux r\u00e9dacteurs en chef<\/span><\/h2>\n<p><span style=\"font-size: 12pt\"><a href=\"https:\/\/www.autismeurope.org\/fr\/que-faisons-nous\/journee-mondiale-de-sensibilisation-a-lautisme\/\">La Journ\u00e9e mondiale de sensibilisation \u00e0 l&rsquo;autisme<\/a> a \u00e9t\u00e9 d\u00e9clar\u00e9e par l&rsquo;Assembl\u00e9e g\u00e9n\u00e9rale des Nations Unies en 2007 comme journ\u00e9e annuelle servant \u00e0 attirer l&rsquo;attention sur les besoins urgents des personnes autistes dans le monde.<\/span><\/p>\n<p><span style=\"font-size: 12pt\"><a href=\"https:\/\/www.autismeurope.org\/fr\/\">Autisme-Europe<\/a> est une association internationale dont l&rsquo;objectif principal est de promouvoir les droits des personnes autistes et de leurs familles, et de les aider \u00e0 am\u00e9liorer leur qualit\u00e9 de vie. AE assure une liaison efficace entre ses 90 organisations membres dans 38 pays europ\u00e9ens, dont 26 \u00c9tats membres de l&rsquo;Union europ\u00e9enne, les gouvernements et les institutions europ\u00e9ennes et internationales.<\/span><\/p>\n<p><span style=\"font-size: 12pt\"><a href=\"https:\/\/www.autismeurope.org\/fr\/a-propos-dautism-europe\/langage-approprie\/\">Langage acceptable<\/a> : Autisme-Europe fonctionne sur le principe du respect de la diversit\u00e9. Il est important d&rsquo;utiliser un langage avec lequel les personnes autistes sont \u00e0 l&rsquo;aise. Cependant, certains termes sont susceptibles d&rsquo;offenser. Il est d\u00e8s lors conseill\u00e9 de les \u00e9viter.<\/span><\/p>\n","protected":false},"excerpt":{"rendered":"<p>A l&rsquo;occasion de la Journ\u00e9e mondiale de sensibilisation \u00e0 l&rsquo;autisme c\u00e9l\u00e9br\u00e9e le 2 avril, Autisme-Europe (AE) a lanc\u00e9 une campagne de sensibilisation \u00e0 l&rsquo;\u00e9chelle europ\u00e9enne. Dans le contexte des prochaines &hellip; <\/p>\n<p class=\"link-more\"><a href=\"https:\/\/www.autismeurope.org\/fr\/blog\/2019\/03\/29\/autisme-europe-appelle-a-une-nouvelle-dynamique-de-lautisme\/\" class=\"more-link\">Continue reading<span class=\"screen-reader-text\"> \u00ab\u00a0Autism-Europe appelle \u00e0 une nouvelle dynamique pour l\u2019autisme\u00a0\u00bb<\/span><\/a><\/p>\n","protected":false},"author":32,"featured_media":30292,"comment_status":"closed","ping_status":"closed","sticky":false,"template":"","format":"standard","meta":{"_acf_changed":false,"_bbp_topic_count":0,"_bbp_reply_count":0,"_bbp_total_topic_count":0,"_bbp_total_reply_count":0,"_bbp_voice_count":0,"_bbp_anonymous_reply_count":0,"_bbp_topic_count_hidden":0,"_bbp_reply_count_hidden":0,"_bbp_forum_subforum_count":0,"footnotes":""},"categories":[96],"tags":[2770,2686,2775,2771,2772],"class_list":["post-30290","post","type-post","status-publish","format-standard","has-post-thumbnail","hentry","category-press-release-fr","tag-actions-por-le-bien-etre","tag-activites-ae","tag-organes-internationaux","tag-plaidoyer","tag-sensibilisation"],"acf":[],"_links":{"self":[{"href":"https:\/\/www.autismeurope.org\/fr\/wp-json\/wp\/v2\/posts\/30290","targetHints":{"allow":["GET"]}}],"collection":[{"href":"https:\/\/www.autismeurope.org\/fr\/wp-json\/wp\/v2\/posts"}],"about":[{"href":"https:\/\/www.autismeurope.org\/fr\/wp-json\/wp\/v2\/types\/post"}],"author":[{"embeddable":true,"href":"https:\/\/www.autismeurope.org\/fr\/wp-json\/wp\/v2\/users\/32"}],"replies":[{"embeddable":true,"href":"https:\/\/www.autismeurope.org\/fr\/wp-json\/wp\/v2\/comments?post=30290"}],"version-history":[{"count":8,"href":"https:\/\/www.autismeurope.org\/fr\/wp-json\/wp\/v2\/posts\/30290\/revisions"}],"predecessor-version":[{"id":30301,"href":"https:\/\/www.autismeurope.org\/fr\/wp-json\/wp\/v2\/posts\/30290\/revisions\/30301"}],"wp:featuredmedia":[{"embeddable":true,"href":"https:\/\/www.autismeurope.org\/fr\/wp-json\/wp\/v2\/media\/30292"}],"wp:attachment":[{"href":"https:\/\/www.autismeurope.org\/fr\/wp-json\/wp\/v2\/media?parent=30290"}],"wp:term":[{"taxonomy":"category","embeddable":true,"href":"https:\/\/www.autismeurope.org\/fr\/wp-json\/wp\/v2\/categories?post=30290"},{"taxonomy":"post_tag","embeddable":true,"href":"https:\/\/www.autismeurope.org\/fr\/wp-json\/wp\/v2\/tags?post=30290"}],"curies":[{"name":"wp","href":"https:\/\/api.w.org\/{rel}","templated":true}]}}