{"id":30844,"date":"2019-05-06T15:54:53","date_gmt":"2019-05-06T13:54:53","guid":{"rendered":"https:\/\/www.autismeurope.org\/fr\/blog\/2019\/05\/06\/over-50-members-from-14-countries-met-in-la-spezia-italy-at-aes-general-assembly\/"},"modified":"2019-07-04T10:33:00","modified_gmt":"2019-07-04T08:33:00","slug":"over-50-members-from-14-countries-met-in-la-spezia-italy-at-aes-general-assembly","status":"publish","type":"post","link":"https:\/\/www.autismeurope.org\/fr\/blog\/2019\/05\/06\/over-50-members-from-14-countries-met-in-la-spezia-italy-at-aes-general-assembly\/","title":{"rendered":"Plus de 50 membres de 14 pays se sont r\u00e9unis \u00e0 La Spezia, Italie, lors de l&rsquo;Assembl\u00e9e g\u00e9n\u00e9rale d&rsquo;AE"},"content":{"rendered":"<blockquote><p><span style=\"font-size: 12pt\"><strong>Le 4 mai 2019, Autisme-Europe (AE) a tenu son Assembl\u00e9e G\u00e9n\u00e9rale Annuelle \u00e0 La Spezia, Italie, avec la participation de plus de 50 membres, repr\u00e9sentant des individus et associations de 14 pays diff\u00e9rents. <\/strong><\/span><\/p>\n<p><span style=\"font-size: 12pt\"><strong>Les participants \u00e0 cette r\u00e9union \u2013 accueillie par l\u2019association locale <a href=\"https:\/\/www.facebook.com\/Fondazione-Il-Domani-dellAutismo-1460638740854861\/\" target=\"_blank\" rel=\"noopener noreferrer\"><em>Il domani dell autismo<\/em><\/a>, membre d&rsquo;AE, ont particip\u00e9 \u00e0 une visite d&rsquo;\u00e9tude de deux \u00e9tablissements touristiques inclusifs, Luna Blu et Sant&rsquo;Anna Hostel, qui forment et emploient des personnes autistes.<\/strong><\/span><\/p>\n<p><strong><a href=\"https:\/\/www.autismeurope.org\/fr\/blog\/2019\/05\/05\/ae-visite-des-initiatives-qui-favorisent-linclusion-et-lemploi-a-la-spezia\/\" target=\"_blank\" rel=\"noopener noreferrer\"><span style=\"font-size: 12pt\">En savoir plus sur la visite d&rsquo;\u00e9tude<\/span><\/a><\/strong><\/p><\/blockquote>\n<p><span style=\"font-size: 12pt\">Le rapport d\u2019activit\u00e9s men\u00e9es par Autisme-Europe en 2018, ainsi que le programme de travail 2019 et le rapport financier de l\u2019association ont \u00e9t\u00e9 pr\u00e9sent\u00e9s \u00e0 la r\u00e9union qui s&rsquo;est tenue au Centre Salvador Allende. Aur\u00e9lie Baranger, directrice d\u2019AE, a donn\u00e9 une formation sur le semestre europ\u00e9en et son cycle &#8211; et en particulier sur la mani\u00e8re dont il peut \u00eatre utilis\u00e9 pour soutenir la mise en \u0153uvre du <a href=\"https:\/\/www.autismeurope.org\/fr\/que-faisons-nous\/promotion-des-droits\/socle-europeen-des-droits-sociaux\/\" target=\"_blank\" rel=\"noopener noreferrer\">Socle europ\u00e9en des droits sociaux<\/a>. Ce th\u00e8me est particuli\u00e8rement pertinent pour les organisations de la soci\u00e9t\u00e9 civile, qui peuvent contribuer \u00e0 l&rsquo;\u00e9laboration de recommandations annuelles par pays \u00e0 l\u2019adresse des \u00c9tats membres, dans des domaines prioritaires cl\u00e9s pour AE, notamment l&rsquo;acc\u00e8s \u00e0 l&rsquo;\u00e9ducation.<\/span><\/p>\n<p><span style=\"font-size: 12pt\">Le vice-pr\u00e9sident d&rsquo;AE, Pietro Cirrincione, a \u00e9galement pr\u00e9sent\u00e9 le rapport <a href=\"https:\/\/www.autismresearchethics.net\/single-post\/2019\/02\/08\/8-February-2019\" target=\"_blank\" rel=\"noopener noreferrer\">\u00ab L \u2019\u00e9thique orient\u00e9e vers la personne dans la recherche aur l\u2019autisme \u00bb<\/a>, \u00e9labor\u00e9 en 2019 par un groupe de travail de l&rsquo;organisation Autism Ethics Network (AEN). L\u2019\u00e9thique dans la recherche est un domaine particuli\u00e8rement important qui sera \u00e9galement abord\u00e9 lors du prochain congr\u00e8s AE.<\/span><\/p>\n<blockquote><p><strong><a href=\"https:\/\/www.autismresearchethics.net\/\" target=\"_blank\" rel=\"noopener noreferrer\"><span style=\"font-size: 12pt\">Visitez le site web de l&rsquo;AEN<\/span><\/a><\/strong><\/p><\/blockquote>\n<p><span style=\"font-size: 12pt\">Au cours d&rsquo;un atelier, les participants ont analys\u00e9 l&rsquo;impact de <a href=\"https:\/\/www.autismeurope.org\/fr\/campagne-actuelle\/\" target=\"_blank\" rel=\"noopener noreferrer\">la campagne de sensibilisation d&rsquo;AE en 2019<\/a> et discut\u00e9 des sujets et strat\u00e9gies possibles pour la prochaine \u00e9dition.<\/span><\/p>\n<p><span style=\"font-size: 12pt\">La r\u00e9union s\u2019est termin\u00e9e par l\u2019\u00e9lection d\u2019un nouveau membre affili\u00e9, l\u2019Association espagnole <a href=\"http:\/\/www.autismonavarra.com\/\" target=\"_blank\" rel=\"noopener noreferrer\">Autisme Navarre<\/a>, et une d\u00e9claration du pr\u00e9sident \u00e9lu Harald Neerland, dont le mandat prendra effet le 1er janvier 2020.<\/span><\/p>\n<p><span style=\"font-size: 12pt\">Le lendemain, le 5 mai, les membres du <a href=\"https:\/\/www.autismeurope.org\/fr\/qui-sommes-nous\/notre-structure\/conseil-dadministration\/\" target=\"_blank\" rel=\"noopener noreferrer\">Conseil d&rsquo;administration<\/a> (CA) ont \u00e9t\u00e9 inform\u00e9s de l\u2019avancement de l&rsquo;organisation du XIIe Congr\u00e8s international d&rsquo;AE \u00e0 Nice et ont vot\u00e9 le lieu du prochain congr\u00e8s international qui se tiendra en 2022. Ce dernier sera officiellement annonc\u00e9 lors de la c\u00e9r\u00e9monie de cl\u00f4ture du <a href=\"http:\/\/www.autismeurope-congress2019.com\/fr\/\" target=\"_blank\" rel=\"noopener noreferrer\">Congr\u00e8s d\u2019AE \u00e0 Nice<\/a>, en septembre 2019.<\/span><\/p>\n<p><span style=\"font-size: 12pt\">Le CA a \u00e9galement accueilli deux nouveaux membres par cooptation : d\u00e9l\u00e9gu\u00e9 de l\u2019association-membre irlandaise <a href=\"https:\/\/asiam.ie\/\" target=\"_blank\" rel=\"noopener noreferrer\">AsIam<\/a> et Yevgeniy Bondar, d\u00e9l\u00e9gu\u00e9e de l&rsquo;association-membre russe <a href=\"https:\/\/autismregions.ru\/\" target=\"_blank\" rel=\"noopener noreferrer\">Autism Regions<\/a>.<\/span><\/p>\n","protected":false},"excerpt":{"rendered":"<p>Le 4 mai 2019, Autisme-Europe (AE) a tenu son Assembl\u00e9e G\u00e9n\u00e9rale Annuelle \u00e0 La Spezia, Italie, avec la participation de plus de 50 membres, repr\u00e9sentant des individus et associations de &hellip; <\/p>\n<p class=\"link-more\"><a href=\"https:\/\/www.autismeurope.org\/fr\/blog\/2019\/05\/06\/over-50-members-from-14-countries-met-in-la-spezia-italy-at-aes-general-assembly\/\" class=\"more-link\">Continue reading<span class=\"screen-reader-text\"> \u00ab\u00a0Plus de 50 membres de 14 pays se sont r\u00e9unis \u00e0 La Spezia, Italie, lors de l&rsquo;Assembl\u00e9e g\u00e9n\u00e9rale d&rsquo;AE\u00a0\u00bb<\/span><\/a><\/p>\n","protected":false},"author":32,"featured_media":30631,"comment_status":"closed","ping_status":"closed","sticky":false,"template":"","format":"standard","meta":{"_acf_changed":false,"_bbp_topic_count":0,"_bbp_reply_count":0,"_bbp_total_topic_count":0,"_bbp_total_reply_count":0,"_bbp_voice_count":0,"_bbp_anonymous_reply_count":0,"_bbp_topic_count_hidden":0,"_bbp_reply_count_hidden":0,"_bbp_forum_subforum_count":0,"footnotes":""},"categories":[95],"tags":[2770,2686,2773,2771],"class_list":["post-30844","post","type-post","status-publish","format-standard","has-post-thumbnail","hentry","category-news-fr","tag-actions-por-le-bien-etre","tag-activites-ae","tag-partenariats-et-reseaux-europeens","tag-plaidoyer"],"acf":[],"_links":{"self":[{"href":"https:\/\/www.autismeurope.org\/fr\/wp-json\/wp\/v2\/posts\/30844","targetHints":{"allow":["GET"]}}],"collection":[{"href":"https:\/\/www.autismeurope.org\/fr\/wp-json\/wp\/v2\/posts"}],"about":[{"href":"https:\/\/www.autismeurope.org\/fr\/wp-json\/wp\/v2\/types\/post"}],"author":[{"embeddable":true,"href":"https:\/\/www.autismeurope.org\/fr\/wp-json\/wp\/v2\/users\/32"}],"replies":[{"embeddable":true,"href":"https:\/\/www.autismeurope.org\/fr\/wp-json\/wp\/v2\/comments?post=30844"}],"version-history":[{"count":4,"href":"https:\/\/www.autismeurope.org\/fr\/wp-json\/wp\/v2\/posts\/30844\/revisions"}],"predecessor-version":[{"id":32073,"href":"https:\/\/www.autismeurope.org\/fr\/wp-json\/wp\/v2\/posts\/30844\/revisions\/32073"}],"wp:featuredmedia":[{"embeddable":true,"href":"https:\/\/www.autismeurope.org\/fr\/wp-json\/wp\/v2\/media\/30631"}],"wp:attachment":[{"href":"https:\/\/www.autismeurope.org\/fr\/wp-json\/wp\/v2\/media?parent=30844"}],"wp:term":[{"taxonomy":"category","embeddable":true,"href":"https:\/\/www.autismeurope.org\/fr\/wp-json\/wp\/v2\/categories?post=30844"},{"taxonomy":"post_tag","embeddable":true,"href":"https:\/\/www.autismeurope.org\/fr\/wp-json\/wp\/v2\/tags?post=30844"}],"curies":[{"name":"wp","href":"https:\/\/api.w.org\/{rel}","templated":true}]}}