{"id":32164,"date":"2019-08-27T11:41:29","date_gmt":"2019-08-27T09:41:29","guid":{"rendered":"https:\/\/www.autismeurope.org\/fr\/?p=32164"},"modified":"2019-08-27T11:44:48","modified_gmt":"2019-08-27T09:44:48","slug":"invitation-a-la-presse-12e-congres-international-dautisme-europe-13-15-septembre-2019-nice-france","status":"publish","type":"post","link":"https:\/\/www.autismeurope.org\/fr\/blog\/2019\/08\/27\/invitation-a-la-presse-12e-congres-international-dautisme-europe-13-15-septembre-2019-nice-france\/","title":{"rendered":"Invitation \u00e0 la presse : 12e congr\u00e8s international d\u2019Autisme-Europe. 13- 15 septembre 2019.- Nice, France"},"content":{"rendered":"<table>\n<tbody>\n<tr>\n<td><span style=\"font-size: 12pt\"><strong>Date :<\/strong> du vendredi 13 au dimanche 15 septembre 2019<\/span><\/p>\n<p><span style=\"font-size: 12pt\"><strong>Heure : <\/strong>de 09h00 \u00e0 19h30 (dimanche jusque 14h00).<\/span><\/p>\n<p><span style=\"font-size: 12pt\"><strong>Journ\u00e9e presse :<\/strong> vendredi 13 septembre 2019<\/span><\/p>\n<p><span style=\"font-size: 12pt\"><strong>Lieu : <\/strong>Palais des Congr\u00e8s et des Expositions Nice Acropolis<\/span><\/p>\n<p><span style=\"font-size: 12pt\">1 Esplanade John Fitzgerald Kennedy, 06000 Nice. France<\/span><\/p>\n<p><span style=\"font-size: 12pt\"><strong>Accueil m\u00e9dias :<\/strong> Veuillez-vous pr\u00e9senter au bureau des inscriptions<\/span><\/p>\n<p><span style=\"font-size: 12pt\"><strong>Dossier de presse :<\/strong> \u00a0<a href=\"http:\/\/www.autismeurope-congress2019.com\/fr\/general-information\/pack-presse\/\" target=\"_blank\" rel=\"noopener noreferrer\">Cliquez ici pour t\u00e9l\u00e9charger le dossier<\/a><\/span><\/td>\n<\/tr>\n<\/tbody>\n<\/table>\n<p><!--more--><\/p>\n<blockquote><p><strong><a href=\"https:\/\/www.autismeurope.org\/wp-content\/uploads\/2019\/08\/Invitation-\u00e0-la-presse.pdf\" target=\"_blank\" rel=\"noopener noreferrer\"><span style=\"font-size: 12pt\">T\u00e9l\u00e9charger cet invitation en format PDF<\/span><\/a><\/strong><\/p><\/blockquote>\n<p><span style=\"font-size: 12pt\">Le comit\u00e9 organisateur de la 12e \u00e9dition du prestigieux Congr\u00e8s International d\u2019Autisme-Europe<strong> a l\u2019honneur d\u2019inviter la presse \u00e0 une journ\u00e9e sp\u00e9ciale presse le 13 septembre 2019.<\/strong><\/span><\/p>\n<p><span style=\"font-size: 12pt\">Le Congr\u00e8s, organis\u00e9 cette ann\u00e9e \u00e0 Nice par Autisme France en partenariat avec Autisme-Europe, r\u00e9unira <strong>plus de 2 000 personnes autistes, parents, professionnels, aidants et autres parties int\u00e9ress\u00e9es en provenance de 80 pays \u00e0 travers le monde,<\/strong> afin de diss\u00e9miner les toutes derni\u00e8res connaissances pratiques et scientifiques sur l&rsquo;autisme aupr\u00e8s d\u2019un public aussi large que possible.<\/span><\/p>\n<p><span style=\"font-size: 12pt\">Nos congr\u00e8s internationaux ont lieu tous les trois ans et sont devenus l&rsquo;une des <strong>pierres angulaires de notre travail qui vise \u00e0 r\u00e9unir des personnes autistes, des familles, des chercheurs et des professionnels de toute l&rsquo;Europe et au-del\u00e0<\/strong> pour \u00e9changer les connaissances et exp\u00e9riences les plus r\u00e9centes dans le domaine de l\u2019autisme. Contrairement aux autres congr\u00e8s sur l\u2019autisme, <strong>les n\u00f4tres abordent en particulier les questions sociales qui entourent l&rsquo;autisme, et les moyens pratiques de modeler nos soci\u00e9t\u00e9s pour garantir que personne ne soit laiss\u00e9 pour compte.<\/strong><\/span><\/p>\n<p><span style=\"font-size: 12pt\">Les repr\u00e9sentants des <strong>m\u00e9dias qui souhaitent \u00eatre accr\u00e9dit\u00e9s<\/strong> pour suivre le Congr\u00e8s doivent s&rsquo;inscrire sur le site Web du Congr\u00e8s.<\/span><\/p>\n<h2><span style=\"font-size: 14pt\">Pour tout renseignement et entretien, n\u2019h\u00e9sitez pas \u00e0 contacter :<\/span><\/h2>\n<p><strong><span style=\"font-size: 12pt\">Cristina Fern\u00e1ndez<\/span><\/strong><\/p>\n<p><span style=\"font-size: 12pt\">Charg\u00e9e de communication pour Autisme-Europe<\/span><\/p>\n<p><span style=\"font-size: 12pt\">T\u00e9l. : +32 (0) 487217149<\/span><\/p>\n<p><span style=\"font-size: 12pt\">E-mail\u00a0: communication@autismeurope.org<\/span><\/p>\n<p><!--more--><\/p>\n<p><strong><span style=\"font-size: 12pt\">Anne Freulon<\/span><\/strong><\/p>\n<p><span style=\"font-size: 12pt\">Pr\u00e9sidente du Comit\u00e9 organisateur du 12<sup>e<\/sup> Congr\u00e8s international d\u2019Autisme-Europe<\/span><\/p>\n<p><span style=\"font-size: 12pt\">E-mail : anne.freulon@autisme-france.org<\/span><\/p>\n<blockquote><p><a href=\"http:\/\/www.autismeurope-congress2019.com\/fr\/\" target=\"_blank\" rel=\"noopener noreferrer\"><span style=\"font-size: 12pt\"><strong>Cliquez ici pour visiter le site officiel du Congr\u00e8s<\/strong><\/span><\/a><\/p><\/blockquote>\n","protected":false},"excerpt":{"rendered":"<p>Date : du vendredi 13 au dimanche 15 septembre 2019 Heure : de 09h00 \u00e0 19h30 (dimanche jusque 14h00). Journ\u00e9e presse : vendredi 13 septembre 2019 Lieu : Palais des &hellip; <\/p>\n<p class=\"link-more\"><a href=\"https:\/\/www.autismeurope.org\/fr\/blog\/2019\/08\/27\/invitation-a-la-presse-12e-congres-international-dautisme-europe-13-15-septembre-2019-nice-france\/\" class=\"more-link\">Continue reading<span class=\"screen-reader-text\"> \u00ab\u00a0Invitation \u00e0 la presse : 12e congr\u00e8s international d\u2019Autisme-Europe. 13- 15 septembre 2019.- Nice, France\u00a0\u00bb<\/span><\/a><\/p>\n","protected":false},"author":32,"featured_media":32156,"comment_status":"closed","ping_status":"closed","sticky":false,"template":"","format":"standard","meta":{"_acf_changed":false,"_bbp_topic_count":0,"_bbp_reply_count":0,"_bbp_total_topic_count":0,"_bbp_total_reply_count":0,"_bbp_voice_count":0,"_bbp_anonymous_reply_count":0,"_bbp_topic_count_hidden":0,"_bbp_reply_count_hidden":0,"_bbp_forum_subforum_count":0,"footnotes":""},"categories":[96],"tags":[2686],"class_list":["post-32164","post","type-post","status-publish","format-standard","has-post-thumbnail","hentry","category-press-release-fr","tag-activites-ae"],"acf":[],"_links":{"self":[{"href":"https:\/\/www.autismeurope.org\/fr\/wp-json\/wp\/v2\/posts\/32164","targetHints":{"allow":["GET"]}}],"collection":[{"href":"https:\/\/www.autismeurope.org\/fr\/wp-json\/wp\/v2\/posts"}],"about":[{"href":"https:\/\/www.autismeurope.org\/fr\/wp-json\/wp\/v2\/types\/post"}],"author":[{"embeddable":true,"href":"https:\/\/www.autismeurope.org\/fr\/wp-json\/wp\/v2\/users\/32"}],"replies":[{"embeddable":true,"href":"https:\/\/www.autismeurope.org\/fr\/wp-json\/wp\/v2\/comments?post=32164"}],"version-history":[{"count":4,"href":"https:\/\/www.autismeurope.org\/fr\/wp-json\/wp\/v2\/posts\/32164\/revisions"}],"predecessor-version":[{"id":32169,"href":"https:\/\/www.autismeurope.org\/fr\/wp-json\/wp\/v2\/posts\/32164\/revisions\/32169"}],"wp:featuredmedia":[{"embeddable":true,"href":"https:\/\/www.autismeurope.org\/fr\/wp-json\/wp\/v2\/media\/32156"}],"wp:attachment":[{"href":"https:\/\/www.autismeurope.org\/fr\/wp-json\/wp\/v2\/media?parent=32164"}],"wp:term":[{"taxonomy":"category","embeddable":true,"href":"https:\/\/www.autismeurope.org\/fr\/wp-json\/wp\/v2\/categories?post=32164"},{"taxonomy":"post_tag","embeddable":true,"href":"https:\/\/www.autismeurope.org\/fr\/wp-json\/wp\/v2\/tags?post=32164"}],"curies":[{"name":"wp","href":"https:\/\/api.w.org\/{rel}","templated":true}]}}