{"id":32633,"date":"2019-12-13T16:46:47","date_gmt":"2019-12-13T15:46:47","guid":{"rendered":"https:\/\/www.autismeurope.org\/fr\/?p=32633"},"modified":"2019-12-13T16:46:47","modified_gmt":"2019-12-13T15:46:47","slug":"le-reseau-social-europeen-recompense-un-outil-objectif-capable-de-mesurer-la-qualite-de-vie-des-personnes-autistes","status":"publish","type":"post","link":"https:\/\/www.autismeurope.org\/fr\/blog\/2019\/12\/13\/le-reseau-social-europeen-recompense-un-outil-objectif-capable-de-mesurer-la-qualite-de-vie-des-personnes-autistes\/","title":{"rendered":"Le R\u00e9seau social europ\u00e9en r\u00e9compense un outil objectif capable de mesurer la  qualit\u00e9 de vie des personnes autistes"},"content":{"rendered":"<blockquote><p><span style=\"font-size: 12pt\"><strong>Le 6 d\u00e9cembre, au Comit\u00e9 des R\u00e9gions de l\u2019UE \u00e0 Bruxelles, le \u00ab\u00a0Quality of Life Indicators Guide for People with Autism Spectrum Disorders\u00a0\u00bb, a re\u00e7u le prix d&rsquo;excellence des services<a href=\"https:\/\/essa-eu.org\/\" target=\"_blank\" rel=\"noopener noreferrer\"> Sociaux du R\u00e9seau social europ\u00e9en<\/a> (ESN), dans la cat\u00e9gorie <em>recherche sociale<\/em>. L\u2019outil, r\u00e9dig\u00e9 par le Dr Jos\u00e9 Luis Cuesta G\u00f3mez,<\/strong><strong> partenaire d&rsquo;Autisme-Europe, a \u00e9t\u00e9 adapt\u00e9 et valid\u00e9 au Royaume-Uni.<\/strong><\/span><\/p><\/blockquote>\n<p><span style=\"font-size: 12pt\">Le projet \u00ab\u00a0D\u00e9velopper un outil objectif pour mesurer la qualit\u00e9 de vie des personnes autistes\u00a0\u00bb a \u00e9t\u00e9 adapt\u00e9 et valid\u00e9 par <a href=\"http:\/\/www.mentaur.co.uk\/\" target=\"_blank\" rel=\"noopener noreferrer\">Mentaur,<\/a> une organisation britannique qui soutient les personnes autistes, en collaboration avec l&rsquo;<a href=\"http:\/\/www.autismoburgos.es\/\" target=\"_blank\" rel=\"noopener noreferrer\">association Autismo Burgos<\/a>, membre d&rsquo;Autisme-Europe, et l&rsquo;<a href=\"https:\/\/www.ubu.es\/english-version\" target=\"_blank\" rel=\"noopener noreferrer\">Universit\u00e9 de Burgos<\/a>.<\/span><\/p>\n<p><span style=\"font-size: 12pt\">Le guide des indicateurs a \u00e9t\u00e9 valid\u00e9 par la m\u00e9thode Delphi, une technique de recherche qualitative visant \u00e0 d\u00e9gager un consensus entre les experts. L&rsquo;outil a \u00e9t\u00e9 mis \u00e0 l&rsquo;essai dans des \u00e9coles sp\u00e9cialis\u00e9es, des services de jour pour adultes et des foyers r\u00e9sidentiels pour\u00a0 personnes autistes.<\/span><\/p>\n<p><span style=\"font-size: 12pt\">Docteur en Sciences de l&rsquo;Education et P\u00e9dagogue, Dr. Cuesta G\u00f3mez est Directeur de la Chaire \u00ab\u00a0Miradas por el Autismo\u00a0\u00bb et membre du conseil d&rsquo;administration de l&rsquo;<a href=\"http:\/\/aetapi.org\/\" target=\"_blank\" rel=\"noopener noreferrer\">Association Espagnole des Professionnels de l&rsquo;Autisme<\/a> (AETAPI) dont il a \u00e9t\u00e9 le Pr\u00e9sident pendant six ans.<\/span><\/p>\n<p><span style=\"font-size: 12pt\">Les travaux de recherche de Cuesta G\u00f3mez ont \u00e9galement \u00e9t\u00e9 traduits et adapt\u00e9s en Grande-Bretagne, en Su\u00e8de, en Italie et en Argentine.<\/span><\/p>\n<p><span style=\"font-size: 12pt\">Le Prix europ\u00e9en des services sociaux est organis\u00e9 par l&rsquo;ESN pour r\u00e9compenser l&rsquo;excellence dans le domaine des services sociaux tout mettant en lumi\u00e8re des approches r\u00e9ussies et le travail accompli par ceux qui g\u00e8rent, planifient et fournissent des services sociaux publics en Europe. Parmi les candidats s\u00e9lectionn\u00e9s, le laur\u00e9at a \u00e9t\u00e9 choisi suite \u00e0 un vote populaire et de la d\u00e9cision d&rsquo;un jury.\u00a0<\/span><\/p>\n<blockquote><p><a href=\"https:\/\/essa-eu.org\/\" target=\"_blank\" rel=\"noopener noreferrer\"><span style=\"font-size: 12pt\"><strong>En savoir plus du prix<\/strong><\/span><\/a><\/p><\/blockquote>\n<p><iframe loading=\"lazy\" title=\"European Social Services Awards 2019\" src=\"https:\/\/player.vimeo.com\/video\/356358096?dnt=1&amp;app_id=122963\" width=\"525\" height=\"295\" frameborder=\"0\" allow=\"autoplay; fullscreen; picture-in-picture; clipboard-write\"><\/iframe><\/p>\n","protected":false},"excerpt":{"rendered":"<p>Le 6 d\u00e9cembre, au Comit\u00e9 des R\u00e9gions de l\u2019UE \u00e0 Bruxelles, le \u00ab\u00a0Quality of Life Indicators Guide for People with Autism Spectrum Disorders\u00a0\u00bb, a re\u00e7u le prix d&rsquo;excellence des services &hellip; <\/p>\n<p class=\"link-more\"><a href=\"https:\/\/www.autismeurope.org\/fr\/blog\/2019\/12\/13\/le-reseau-social-europeen-recompense-un-outil-objectif-capable-de-mesurer-la-qualite-de-vie-des-personnes-autistes\/\" class=\"more-link\">Continue reading<span class=\"screen-reader-text\"> \u00ab\u00a0Le R\u00e9seau social europ\u00e9en r\u00e9compense un outil objectif capable de mesurer la  qualit\u00e9 de vie des personnes autistes\u00a0\u00bb<\/span><\/a><\/p>\n","protected":false},"author":32,"featured_media":32610,"comment_status":"closed","ping_status":"closed","sticky":false,"template":"","format":"standard","meta":{"_acf_changed":false,"_bbp_topic_count":0,"_bbp_reply_count":0,"_bbp_total_topic_count":0,"_bbp_total_reply_count":0,"_bbp_voice_count":0,"_bbp_anonymous_reply_count":0,"_bbp_topic_count_hidden":0,"_bbp_reply_count_hidden":0,"_bbp_forum_subforum_count":0,"footnotes":""},"categories":[95],"tags":[2770,2776],"class_list":["post-32633","post","type-post","status-publish","format-standard","has-post-thumbnail","hentry","category-news-fr","tag-actions-por-le-bien-etre","tag-ressources-recherche-et-publications"],"acf":[],"_links":{"self":[{"href":"https:\/\/www.autismeurope.org\/fr\/wp-json\/wp\/v2\/posts\/32633","targetHints":{"allow":["GET"]}}],"collection":[{"href":"https:\/\/www.autismeurope.org\/fr\/wp-json\/wp\/v2\/posts"}],"about":[{"href":"https:\/\/www.autismeurope.org\/fr\/wp-json\/wp\/v2\/types\/post"}],"author":[{"embeddable":true,"href":"https:\/\/www.autismeurope.org\/fr\/wp-json\/wp\/v2\/users\/32"}],"replies":[{"embeddable":true,"href":"https:\/\/www.autismeurope.org\/fr\/wp-json\/wp\/v2\/comments?post=32633"}],"version-history":[{"count":1,"href":"https:\/\/www.autismeurope.org\/fr\/wp-json\/wp\/v2\/posts\/32633\/revisions"}],"predecessor-version":[{"id":32634,"href":"https:\/\/www.autismeurope.org\/fr\/wp-json\/wp\/v2\/posts\/32633\/revisions\/32634"}],"wp:featuredmedia":[{"embeddable":true,"href":"https:\/\/www.autismeurope.org\/fr\/wp-json\/wp\/v2\/media\/32610"}],"wp:attachment":[{"href":"https:\/\/www.autismeurope.org\/fr\/wp-json\/wp\/v2\/media?parent=32633"}],"wp:term":[{"taxonomy":"category","embeddable":true,"href":"https:\/\/www.autismeurope.org\/fr\/wp-json\/wp\/v2\/categories?post=32633"},{"taxonomy":"post_tag","embeddable":true,"href":"https:\/\/www.autismeurope.org\/fr\/wp-json\/wp\/v2\/tags?post=32633"}],"curies":[{"name":"wp","href":"https:\/\/api.w.org\/{rel}","templated":true}]}}