{"id":4058,"date":"2016-09-16T09:00:22","date_gmt":"2016-09-16T07:00:22","guid":{"rendered":"http:\/\/www.autismeurope.org\/fr\/?p=4058"},"modified":"2018-08-13T16:47:22","modified_gmt":"2018-08-13T14:47:22","slug":"des-chercheurs-des-auto-representants-des-familles-de-personnes-autistes-et-des-professionnels-se-reunissent-a-edimbourg","status":"publish","type":"post","link":"https:\/\/www.autismeurope.org\/fr\/blog\/2016\/09\/16\/des-chercheurs-des-auto-representants-des-familles-de-personnes-autistes-et-des-professionnels-se-reunissent-a-edimbourg\/","title":{"rendered":"Des chercheurs, des auto-repr\u00e9sentants, des familles et des professionnels se r\u00e9unissent \u00e0 Edimbourg"},"content":{"rendered":"<blockquote><p><span style=\"font-size: 12pt\"><strong>Dans le cadre de cette onzi\u00e8me \u00e9dition, le th\u00e8me du Congr\u00e8s 2016 est \u00ab\u00a0Heureux, en bonne sant\u00e9 et <em>empowered<\/em>\u00a0\u00bb. Des personnes avec autisme, des chercheurs, des praticiens, des enseignants et autres parties prenantes ont soumis leurs r\u00e9sum\u00e9s, explorant un large \u00e9ventail de perspectives, tant th\u00e9oriques que pratiques. En tout plus de 600 r\u00e9sum\u00e9s ont \u00e9t\u00e9 re\u00e7us. Durant la proc\u00e9dure de s\u00e9lection, l\u2019accent a \u00e9t\u00e9 mis sur la solidit\u00e9 et le caract\u00e8re scientifique des connaissances, y compris la recherche universitaire et l\u2019exp\u00e9rience professionnelle, personnelle et collective dans l\u2019un des trois domaines.<\/strong><\/span><\/p>\n<p><span style=\"font-size: 12pt\"><a href=\"http:\/\/www.autismeurope.org\/wp-content\/uploads\/2017\/09\/PRESS-RELEASE-Congress_2016_FR_web.pdf\" target=\"_blank\" rel=\"noopener\"><strong>T\u00e9l\u00e9chargez la version PDF<\/strong><\/a><\/span><\/p><\/blockquote>\n<p><iframe loading=\"lazy\" title=\"Autism-Europe\u2019s 11th International Congress Edinburgh 2016\" width=\"525\" height=\"295\" src=\"https:\/\/www.youtube.com\/embed\/4yXBMATIOh0?feature=oembed\" frameborder=\"0\" allow=\"accelerometer; autoplay; clipboard-write; encrypted-media; gyroscope; picture-in-picture; web-share\" referrerpolicy=\"strict-origin-when-cross-origin\" allowfullscreen><\/iframe><\/p>\n<p><span style=\"font-size: 12pt\">Le Congr\u00e8s traite des d\u00e9veloppements les plus r\u00e9cents dans le domaine de l&rsquo;autisme, notamment les causes, la g\u00e9n\u00e9tique, le diagnostic, l&rsquo;intervention pr\u00e9coce, les traitements, l&rsquo;\u00e9ducation, le soutien, l&#8217;emploi, les droits et les politiques. Il couvre \u00e9galement l&rsquo;\u00e9volution des connaissances, des droits et des services pour les personnes autistes et fournit un aper\u00e7u des d\u00e9veloppements futurs dans le domaine du savoir et des technologies au service des personnes autistes, qui pourraient bient\u00f4t faire partie de la vie quotidienne.<\/span><\/p>\n<p><span style=\"font-size: 12pt\">La conf\u00e9rence a lieu au Palais des Congr\u00e8s d\u2019Edimbourg (EICC). Situ\u00e9 au c\u0153ur de la capitale de l\u2019Ecosse, une ville \u00e9l\u00e9gante et riche de son pass\u00e9 historique, l\u2019EICC est un des lieux les plus remarquables pour l\u2019organisation de conf\u00e9rences, de congr\u00e8s et d\u2019expositions.<\/span><\/p>\n<p>&nbsp;<\/p>\n<p><span style=\"font-size: 12pt\"><strong>A propos des congr\u00e8s d\u2019Autisme-Europe<\/strong><\/span><\/p>\n<p><span style=\"font-size: 12pt\">Les congr\u00e8s internationaux d\u2019Autisme-Europe sont d\u00e9di\u00e9s \u00e0 la diss\u00e9mination des toutes derni\u00e8res connaissances pratiques et scientifiques de l\u2019autisme \u00e0 une audience aussi large que possible, notamment des personnes autistes, des chercheurs, des professionnels et des parents.<\/span><\/p>\n<p><span style=\"font-size: 12pt\">Les congr\u00e8s d\u2019Autisme-Europe ont lieu tous les trois ans. Chaque congr\u00e8s est accueilli par une association membre nationale d\u2019Autisme-Europe dans un pays diff\u00e9rent. L\u2019association charg\u00e9e d\u2019organiser l\u2019\u00e9v\u00e9nement est \u00e9lue par l\u2019Assembl\u00e9e G\u00e9n\u00e9rale d\u2019Autisme-Europe.<\/span><\/p>\n<p><span style=\"font-size: 12pt\"><strong>\u00a0<\/strong><\/span><\/p>\n<p><span style=\"font-size: 12pt\"><strong>Notes aux \u00e9diteurs\u00a0:<\/strong><\/span><\/p>\n<ul>\n<li><span style=\"font-size: 12pt\"><strong>L\u2019Autisme<\/strong> est un handicap complexe, pr\u00e9sent tout au long de la vie. Les personnes avec autisme ont des difficult\u00e9s permanentes \u00e0 communiquer et \u00e0 interagir avec les autres. Depuis la petite enfance, leurs sch\u00e9mas comportementaux, activit\u00e9s et centres d\u2019int\u00e9r\u00eats sont limitatifs et r\u00e9p\u00e9titifs, entravant les activit\u00e9s de la vie quotidienne. L\u2019autisme est un \u00ab\u00a0trouble du spectre de l\u2019autisme\u00a0\u00bb. Cela signifie que ses caract\u00e9ristiques varient d\u2019une personne \u00e0 l\u2019autre et que les besoins en soutien diff\u00e8rent d\u2019une personne \u00e0 l\u2019autre.<\/span><\/li>\n<\/ul>\n<p><span style=\"font-size: 12pt\"><strong>L\u2019aisbl Autisme-Europe (<\/strong><a href=\"http:\/\/www.autismeurope.org\/\"><strong>AE<\/strong><\/a><strong>)<\/strong> plaide en faveur de politiques europ\u00e9ennes qui prot\u00e8gent les droits des personnes autistes et leurs familles afin de les aider \u00e0 am\u00e9liorer leur qualit\u00e9 de vie. AE joue un r\u00f4le cl\u00e9 dans la sensibilisation et exerce son influence sur les d\u00e9cideurs politiques. AE est compos\u00e9e de plus de 80 associations membres dans plus de 38 pays et repr\u00e9sente un nombre estim\u00e9 de 5 millions de personnes \u00e0 travers l\u2019Europe.<\/span><\/p>\n<p><span style=\"font-size: 12pt\"><strong>La <em>National Autistic Society <\/em>(<\/strong><a href=\"http:\/\/www.autism.org.uk\/\"><strong>NAS<\/strong><\/a><strong>)<\/strong> est la principale association caritative \u0153uvrant pour les personnes autistes et leurs familles au Royaume-Uni. Depuis sa fondation en 1962, elle est le fer de lance d\u2019initiatives nationales et internationales et le solide porte-parole de toutes les personnes avec autisme. La NAS fournit une large gamme de services pour aider les personnes avec autisme et syndrome d\u2019Asperger \u00e0 mener une vie aussi ind\u00e9pendante que possible.<\/span><\/p>\n<p><span style=\"font-size: 12pt\"><strong>Des bourses offertes \u00e0 une trentaine de participants au congr\u00e8s par la Fondation JiM : <\/strong>Cette ann\u00e9e encore, la Fondation JiM (Pologne) a financ\u00e9 une trentaine de places pour le 11<sup>e<\/sup> congr\u00e8s international d\u2019Autisme-Europe. Quinze bourses ont \u00e9t\u00e9 octroy\u00e9es \u00e0 des professionnels\u00a0 travaillant avec des personnes autistes (th\u00e9rapeutes, universitaires, personnel de soutien, enseignants, etc.). Les places restantes ont \u00e9t\u00e9 offertes \u00e0 des parents, des membres de la famille, des \u00e9tudiants et auto-repr\u00e9sentants. La date limite pour d\u00e9poser les candidatures \u00e9tait le 31 mai 2016.<\/span><\/p>\n<ul>\n<li><span style=\"font-size: 12pt\"><strong>Pour recevoir de plus amples informations sur le congr\u00e8s, <\/strong><a href=\"http:\/\/www.autism.org.uk\/professionals\/conferences\/xi-congress.aspx\"><strong>cliquez ici<\/strong><\/a><strong>. Le programme complet du congr\u00e8s <\/strong>est disponible <a href=\"http:\/\/programme.exordo.com\/autismeurope2016\/\">ici<\/a>.<\/span><\/li>\n<li><span style=\"font-size: 12pt\">Suivez le 11<sup>e<\/sup> Congr\u00e8s International d\u2019Autisme-Europe avec le hashtag <strong>#AECongress16<\/strong><\/span><\/li>\n<li><span style=\"font-size: 12pt\"><strong>Suivez Autisme-Europe <\/strong>sur Twitter (@AutismEurope) ou sur Facebook (\/autismeurope.AE).<\/span><\/li>\n<\/ul>\n<p>&nbsp;<\/p>\n<p><span style=\"font-size: 12pt\"><strong>Informations et interviews :<\/strong><\/span><\/p>\n<p><span style=\"font-size: 12pt\"><strong>Cristina Fern\u00e1ndez<\/strong><\/span><\/p>\n<p><span style=\"font-size: 12pt\">Charg\u00e9e de communication chez Autism-Europe<\/span><\/p>\n<p><span style=\"font-size: 12pt\">T\u00e9l : +32 (0) 2 675 75 05<\/span><\/p>\n<p><span style=\"font-size: 12pt\">E-mail : <a href=\"mailto:communication@autismeurope.org\">communication@autismeurope.org<\/a><\/span><\/p>\n<p><span style=\"font-size: 12pt\">Site Internet : <a href=\"http:\/\/www.autismeurope.org\">www.autismeurope.org<\/a><\/span><\/p>\n<p><span style=\"font-size: 12pt\"><strong>\u00a0<\/strong><\/span><\/p>\n<p><span style=\"font-size: 12pt\"><strong>NAS Press Office<\/strong><\/span><\/p>\n<p><span style=\"font-size: 12pt\">T\u00e9l : +44 (0) 20 7903 3593<\/span><\/p>\n<p><span style=\"font-size: 12pt\">E-mail : <a href=\"mailto:press@nas.org.uk\">press@nas.org.uk<\/a><\/span><\/p>\n<p><span style=\"font-size: 12pt\">Site Internet : www.autism.org.uk<\/span><\/p>\n","protected":false},"excerpt":{"rendered":"<p>Dans le cadre de cette onzi\u00e8me \u00e9dition, le th\u00e8me du Congr\u00e8s 2016 est \u00ab\u00a0Heureux, en bonne sant\u00e9 et empowered\u00a0\u00bb. Des personnes avec autisme, des chercheurs, des praticiens, des enseignants et &hellip; <\/p>\n<p class=\"link-more\"><a href=\"https:\/\/www.autismeurope.org\/fr\/blog\/2016\/09\/16\/des-chercheurs-des-auto-representants-des-familles-de-personnes-autistes-et-des-professionnels-se-reunissent-a-edimbourg\/\" class=\"more-link\">Continue reading<span class=\"screen-reader-text\"> \u00ab\u00a0Des chercheurs, des auto-repr\u00e9sentants, des familles et des professionnels se r\u00e9unissent \u00e0 Edimbourg\u00a0\u00bb<\/span><\/a><\/p>\n","protected":false},"author":32,"featured_media":2092,"comment_status":"closed","ping_status":"closed","sticky":false,"template":"","format":"standard","meta":{"_acf_changed":false,"_bbp_topic_count":0,"_bbp_reply_count":0,"_bbp_total_topic_count":0,"_bbp_total_reply_count":0,"_bbp_voice_count":0,"_bbp_anonymous_reply_count":0,"_bbp_topic_count_hidden":0,"_bbp_reply_count_hidden":0,"_bbp_forum_subforum_count":0,"footnotes":""},"categories":[96],"tags":[2770,2686,2774,2773,2776],"class_list":["post-4058","post","type-post","status-publish","format-standard","has-post-thumbnail","hentry","category-press-release-fr","tag-actions-por-le-bien-etre","tag-activites-ae","tag-evenements-et-formations","tag-partenariats-et-reseaux-europeens","tag-ressources-recherche-et-publications"],"acf":[],"_links":{"self":[{"href":"https:\/\/www.autismeurope.org\/fr\/wp-json\/wp\/v2\/posts\/4058","targetHints":{"allow":["GET"]}}],"collection":[{"href":"https:\/\/www.autismeurope.org\/fr\/wp-json\/wp\/v2\/posts"}],"about":[{"href":"https:\/\/www.autismeurope.org\/fr\/wp-json\/wp\/v2\/types\/post"}],"author":[{"embeddable":true,"href":"https:\/\/www.autismeurope.org\/fr\/wp-json\/wp\/v2\/users\/32"}],"replies":[{"embeddable":true,"href":"https:\/\/www.autismeurope.org\/fr\/wp-json\/wp\/v2\/comments?post=4058"}],"version-history":[{"count":4,"href":"https:\/\/www.autismeurope.org\/fr\/wp-json\/wp\/v2\/posts\/4058\/revisions"}],"predecessor-version":[{"id":27406,"href":"https:\/\/www.autismeurope.org\/fr\/wp-json\/wp\/v2\/posts\/4058\/revisions\/27406"}],"wp:featuredmedia":[{"embeddable":true,"href":"https:\/\/www.autismeurope.org\/fr\/wp-json\/wp\/v2\/media\/2092"}],"wp:attachment":[{"href":"https:\/\/www.autismeurope.org\/fr\/wp-json\/wp\/v2\/media?parent=4058"}],"wp:term":[{"taxonomy":"category","embeddable":true,"href":"https:\/\/www.autismeurope.org\/fr\/wp-json\/wp\/v2\/categories?post=4058"},{"taxonomy":"post_tag","embeddable":true,"href":"https:\/\/www.autismeurope.org\/fr\/wp-json\/wp\/v2\/tags?post=4058"}],"curies":[{"name":"wp","href":"https:\/\/api.w.org\/{rel}","templated":true}]}}