{"id":4080,"date":"2017-07-04T15:48:27","date_gmt":"2017-07-04T13:48:27","guid":{"rendered":"http:\/\/www.autismeurope.org\/fr\/?p=4080"},"modified":"2018-08-13T12:47:11","modified_gmt":"2018-08-13T10:47:11","slug":"lapplication-lets-go-shopping-familiarise-les-enfants-autistes-avec-le-supermarche","status":"publish","type":"post","link":"https:\/\/www.autismeurope.org\/fr\/blog\/2017\/07\/04\/lapplication-lets-go-shopping-familiarise-les-enfants-autistes-avec-le-supermarche\/","title":{"rendered":"L\u2019application \u201cLet\u2019s Go Shopping\u201d familiarise les enfants autistes avec le supermarch\u00e9"},"content":{"rendered":"<p><strong style=\"font-size: 12pt;color: #666666;font-style: italic\">Candice Taylor, m\u00e8re australienne d\u2019un enfant autiste, a d\u00e9velopp\u00e9 et lanc\u00e9 l\u2019application \u201cLet\u2019s Go Shopping!\u201d afin d\u2019encourager les enfants autistes \u00e0 explorer et \u00e0 se familiariser \u00e0 l\u2019environnement d\u2019un supermarch\u00e9 \u00e0 leur propre rythme, tout en \u00e9tant \u00e0 l\u2019\u00e9coute de leur pens\u00e9es et ressentis.<\/strong><\/p>\n<p><span style=\"font-size: 12pt\">L\u2019application introduit progressivement les sons, les couleurs et les exp\u00e9riences que l\u2019on peut rencontrer dans un supermarch\u00e9 tout en laissant \u00e0 l\u2019enfant la possibilit\u00e9 de tout contr\u00f4ler. Cette application lui permet de visualiser des \u00e9l\u00e9ments du supermarch\u00e9\u00a0et d\u2019en \u00e9couter les sons autant que voulu, afin de le pr\u00e9parer aux stimuli sonores et aux bruits d\u2019un vrai supermarch\u00e9.<\/span><\/p>\n<p><span style=\"font-size: 12pt\">Cette application donne \u00e0 l\u2019enfant le contr\u00f4le de son apprentissage et l\u2019am\u00e8ne \u00e0 consid\u00e9rer le shopping comme une exp\u00e9rience calme et agr\u00e9able pour toute la famille. \u00ab\u00a0Tous les enfants ont une fa\u00e7on unique de voir le monde et d\u2019en faire l\u2019exp\u00e9rience. Il est de notre responsabilit\u00e9, en tant que parents, aidants et \u00e9ducateurs, d\u2019encourager et de soutenir leurs capacit\u00e9s et leurs points forts, de les aider \u00e0 grandir en toute confiance afin de leur donner envie d\u2019explorer et d\u2019apprendre\u00a0tout en les aidant \u00e0 surmonter les d\u00e9fis de tous les jours\u00a0\u00bb, a d\u00e9clar\u00e9 Taylor.<\/span><\/p>\n<blockquote><p><span style=\"font-size: 12pt\"><strong><a href=\"http:\/\/www.letsgoapps.com.au.\">En savoir plus<\/a> (en anglais)<\/strong><\/span><\/p><\/blockquote>\n","protected":false},"excerpt":{"rendered":"<p>Candice Taylor, m\u00e8re australienne d\u2019un enfant autiste, a d\u00e9velopp\u00e9 et lanc\u00e9 l\u2019application \u201cLet\u2019s Go Shopping!\u201d afin d\u2019encourager les enfants autistes \u00e0 explorer et \u00e0 se familiariser \u00e0 l\u2019environnement d\u2019un supermarch\u00e9 &hellip; <\/p>\n<p class=\"link-more\"><a href=\"https:\/\/www.autismeurope.org\/fr\/blog\/2017\/07\/04\/lapplication-lets-go-shopping-familiarise-les-enfants-autistes-avec-le-supermarche\/\" class=\"more-link\">Continue reading<span class=\"screen-reader-text\"> \u00ab\u00a0L\u2019application \u201cLet\u2019s Go Shopping\u201d familiarise les enfants autistes avec le supermarch\u00e9\u00a0\u00bb<\/span><\/a><\/p>\n","protected":false},"author":32,"featured_media":1845,"comment_status":"closed","ping_status":"closed","sticky":false,"template":"","format":"standard","meta":{"_acf_changed":false,"_bbp_topic_count":0,"_bbp_reply_count":0,"_bbp_total_topic_count":0,"_bbp_total_reply_count":0,"_bbp_voice_count":0,"_bbp_anonymous_reply_count":0,"_bbp_topic_count_hidden":0,"_bbp_reply_count_hidden":0,"_bbp_forum_subforum_count":0,"footnotes":""},"categories":[95],"tags":[2770,2766],"class_list":["post-4080","post","type-post","status-publish","format-standard","has-post-thumbnail","hentry","category-news-fr","tag-actions-por-le-bien-etre","tag-lifestyle-fr"],"acf":[],"_links":{"self":[{"href":"https:\/\/www.autismeurope.org\/fr\/wp-json\/wp\/v2\/posts\/4080","targetHints":{"allow":["GET"]}}],"collection":[{"href":"https:\/\/www.autismeurope.org\/fr\/wp-json\/wp\/v2\/posts"}],"about":[{"href":"https:\/\/www.autismeurope.org\/fr\/wp-json\/wp\/v2\/types\/post"}],"author":[{"embeddable":true,"href":"https:\/\/www.autismeurope.org\/fr\/wp-json\/wp\/v2\/users\/32"}],"replies":[{"embeddable":true,"href":"https:\/\/www.autismeurope.org\/fr\/wp-json\/wp\/v2\/comments?post=4080"}],"version-history":[{"count":5,"href":"https:\/\/www.autismeurope.org\/fr\/wp-json\/wp\/v2\/posts\/4080\/revisions"}],"predecessor-version":[{"id":27307,"href":"https:\/\/www.autismeurope.org\/fr\/wp-json\/wp\/v2\/posts\/4080\/revisions\/27307"}],"wp:featuredmedia":[{"embeddable":true,"href":"https:\/\/www.autismeurope.org\/fr\/wp-json\/wp\/v2\/media\/1845"}],"wp:attachment":[{"href":"https:\/\/www.autismeurope.org\/fr\/wp-json\/wp\/v2\/media?parent=4080"}],"wp:term":[{"taxonomy":"category","embeddable":true,"href":"https:\/\/www.autismeurope.org\/fr\/wp-json\/wp\/v2\/categories?post=4080"},{"taxonomy":"post_tag","embeddable":true,"href":"https:\/\/www.autismeurope.org\/fr\/wp-json\/wp\/v2\/tags?post=4080"}],"curies":[{"name":"wp","href":"https:\/\/api.w.org\/{rel}","templated":true}]}}