{"id":43530,"date":"2020-01-29T17:38:23","date_gmt":"2020-01-29T16:38:23","guid":{"rendered":"https:\/\/www.autismeurope.org\/fr\/?p=43530"},"modified":"2020-03-13T17:42:05","modified_gmt":"2020-03-13T16:42:05","slug":"autisme-europe-rejoint-le-projet-ymi-pour-renforcer-lintegration-des-jeunes-autistes-dans-la-communaute","status":"publish","type":"post","link":"https:\/\/www.autismeurope.org\/fr\/blog\/2020\/01\/29\/autisme-europe-rejoint-le-projet-ymi-pour-renforcer-lintegration-des-jeunes-autistes-dans-la-communaute\/","title":{"rendered":"Autisme-Europe rejoint le projet YMI pour renforcer l&rsquo;int\u00e9gration des jeunes autistes dans la communaut\u00e9"},"content":{"rendered":"<blockquote><p><strong><span style=\"font-size: 12pt\">Ce projet Erasmus+ de deux ans et demi, qui a d\u00e9marr\u00e9 en d\u00e9cembre 2019, vise \u00e0 mettre en place une formation pour de jeunes m\u00e9diateurs afin de soutenir et de favoriser l&rsquo;int\u00e9gration des enfants et des jeunes autistes dans les structures de proximit\u00e9 au Portugal, en Espagne et en Italie.<\/span><\/strong><\/p><\/blockquote>\n<p><span style=\"font-size: 12pt\">Financ\u00e9 par la Commission europ\u00e9enne, le projet Young Mediators for Inclusion (YMI) a \u00e9t\u00e9 lanc\u00e9 \u00e0 Set\u00fabal (Portugal) et compte, comme partenaires, des repr\u00e9sentant d&rsquo;organisations de l&rsquo;autisme, des universitaires et des professionnels de l&rsquo;autisme du Portugal, d&rsquo;Espagne, d&rsquo;Italie et de Gr\u00e8ce, ainsi qu&rsquo;Autisme-Europe.<\/span><\/p>\n<p><span style=\"font-size: 12pt\">\u00ab\u00a0Lorsque les jeunes autistes ne sont pas en institutions, ils sont simplement int\u00e9gr\u00e9s dans la soci\u00e9t\u00e9. Or, ce que nous voulons, c&rsquo;est une v\u00e9ritable inclusion\u00a0\u00bb, ont soulign\u00e9 les coordinateurs du projet de l&rsquo;organisation portugaise <em>Innovar Autismo<\/em> \u00e0 la r\u00e9union de lancement qui a eu lieu les 27 et 28 janvier 2020.<\/span><\/p>\n<p><span style=\"font-size: 12pt\">Les coordinateurs ont \u00e9galement soulign\u00e9 le fait que si certaines personnes autistes \u00e9taient accompagn\u00e9es par des assistants personnels, ce soutien se limitait g\u00e9n\u00e9ralement au milieu scolaire. Cependant, lorsqu&rsquo;un enfant ou un jeune autiste suit un entrainement sportif, par exemple, dans son club de football pr\u00e9f\u00e9r\u00e9, les assistants personnels sont rarement pr\u00e9sents. C&rsquo;est donc \u00e0 ce niveau que les jeunes m\u00e9diateurs pourraient \u00eatre utiles. Ces m\u00e9diateurs pourraient faire partie de la m\u00eame \u00e9quipe de foot que le jeune autiste ou fr\u00e9quenter les m\u00eames activit\u00e9s de loisirs.<\/span><\/p>\n<p><span style=\"font-size: 12pt\">Pour illustrer les difficult\u00e9s li\u00e9es \u00e0 la mise en \u0153uvre d\u2019un tel projet, en particulier dans les zones rurales, la r\u00e9union de lancement a eu lieu dans une petite ville, \u00e0 la p\u00e9riph\u00e9rie de la zone m\u00e9tropolitaine de Lisbonne.<\/span><\/p>\n<p><span style=\"font-size: 12pt\">Afin de d\u00e9velopper et de mettre en \u0153uvre une formation pour les m\u00e9diateurs, les coordinateurs du projet feront \u00e9quipe avec les organisations de l&rsquo;autisme <em>Autismo Burgos<\/em> et <em>Diversamente Onlus ODV,<\/em> respectivement d&rsquo;Espagne et d&rsquo;Italie. L\u2019<em>Insituto Universitario de Lisboa &#8211; ISCTE<\/em>, partenaire acad\u00e9mique du projet, se chargera d\u2019\u00e9valuer la formation tandis que le partenaire grec des technologies de l\u2019information <em>InterMediaKT<\/em> apportera un soutien technique aux r\u00e9sultats.<\/span><\/p>\n<p><span style=\"font-size: 12pt\">Autisme-Europe diss\u00e9minera les informations concernant le projet et contribuera au d\u00e9veloppement de lignes directrices europ\u00e9ennes relatives \u00e0 la formation de jeunes m\u00e9diateurs en vue de renforcer l\u2019inclusion des jeunes autistes.<\/span><\/p>\n<p><span style=\"font-size: 12pt\">Les partenaires se r\u00e9uniront \u00e0 nouveau \u00e0 Burgos, en Espagne, en septembre 2020\u00a0; \u00e0 Cagliari, en Sardaigne, en janvier 2021 et \u00e0 Patras, en Gr\u00e8ce, en juin 2021. Le projet sera finalement cl\u00f4tur\u00e9 par une r\u00e9union internationale qui aura lieu \u00e0 Bruxelles au d\u00e9but de l&rsquo;ann\u00e9e 2022.<\/span><\/p>\n<blockquote><p><strong><span style=\"font-size: 12pt\"><a href=\"https:\/\/www.autismeurope.org\/eu-project-ymi-young-mediators-for-inclusion-2019-2022\/\">En savoir plus sur le projet YMI<\/a><\/span><\/strong><\/p><\/blockquote>\n","protected":false},"excerpt":{"rendered":"<p>Ce projet Erasmus+ de deux ans et demi, qui a d\u00e9marr\u00e9 en d\u00e9cembre 2019, vise \u00e0 mettre en place une formation pour de jeunes m\u00e9diateurs afin de soutenir et de &hellip; <\/p>\n<p class=\"link-more\"><a href=\"https:\/\/www.autismeurope.org\/fr\/blog\/2020\/01\/29\/autisme-europe-rejoint-le-projet-ymi-pour-renforcer-lintegration-des-jeunes-autistes-dans-la-communaute\/\" class=\"more-link\">Continue reading<span class=\"screen-reader-text\"> \u00ab\u00a0Autisme-Europe rejoint le projet YMI pour renforcer l&rsquo;int\u00e9gration des jeunes autistes dans la communaut\u00e9\u00a0\u00bb<\/span><\/a><\/p>\n","protected":false},"author":32,"featured_media":43237,"comment_status":"closed","ping_status":"closed","sticky":false,"template":"","format":"standard","meta":{"_acf_changed":false,"_bbp_topic_count":0,"_bbp_reply_count":0,"_bbp_total_topic_count":0,"_bbp_total_reply_count":0,"_bbp_voice_count":0,"_bbp_anonymous_reply_count":0,"_bbp_topic_count_hidden":0,"_bbp_reply_count_hidden":0,"_bbp_forum_subforum_count":0,"footnotes":""},"categories":[95],"tags":[2686,2699],"class_list":["post-43530","post","type-post","status-publish","format-standard","has-post-thumbnail","hentry","category-news-fr","tag-activites-ae","tag-projets-europeens"],"acf":[],"_links":{"self":[{"href":"https:\/\/www.autismeurope.org\/fr\/wp-json\/wp\/v2\/posts\/43530","targetHints":{"allow":["GET"]}}],"collection":[{"href":"https:\/\/www.autismeurope.org\/fr\/wp-json\/wp\/v2\/posts"}],"about":[{"href":"https:\/\/www.autismeurope.org\/fr\/wp-json\/wp\/v2\/types\/post"}],"author":[{"embeddable":true,"href":"https:\/\/www.autismeurope.org\/fr\/wp-json\/wp\/v2\/users\/32"}],"replies":[{"embeddable":true,"href":"https:\/\/www.autismeurope.org\/fr\/wp-json\/wp\/v2\/comments?post=43530"}],"version-history":[{"count":1,"href":"https:\/\/www.autismeurope.org\/fr\/wp-json\/wp\/v2\/posts\/43530\/revisions"}],"predecessor-version":[{"id":43531,"href":"https:\/\/www.autismeurope.org\/fr\/wp-json\/wp\/v2\/posts\/43530\/revisions\/43531"}],"wp:featuredmedia":[{"embeddable":true,"href":"https:\/\/www.autismeurope.org\/fr\/wp-json\/wp\/v2\/media\/43237"}],"wp:attachment":[{"href":"https:\/\/www.autismeurope.org\/fr\/wp-json\/wp\/v2\/media?parent=43530"}],"wp:term":[{"taxonomy":"category","embeddable":true,"href":"https:\/\/www.autismeurope.org\/fr\/wp-json\/wp\/v2\/categories?post=43530"},{"taxonomy":"post_tag","embeddable":true,"href":"https:\/\/www.autismeurope.org\/fr\/wp-json\/wp\/v2\/tags?post=43530"}],"curies":[{"name":"wp","href":"https:\/\/api.w.org\/{rel}","templated":true}]}}