{"id":44000,"date":"2020-06-05T21:00:32","date_gmt":"2020-06-05T19:00:32","guid":{"rendered":"https:\/\/www.autismeurope.org\/fr\/?p=44000"},"modified":"2020-06-05T21:00:32","modified_gmt":"2020-06-05T19:00:32","slug":"le-nouveau-rapport-sur-la-desinstitutionalisation-en-europe-denonce-un-manque-de-progres-depuis-2010","status":"publish","type":"post","link":"https:\/\/www.autismeurope.org\/fr\/blog\/2020\/06\/05\/le-nouveau-rapport-sur-la-desinstitutionalisation-en-europe-denonce-un-manque-de-progres-depuis-2010\/","title":{"rendered":"Le nouveau rapport sur la d\u00e9sinstitutionalisation en Europe d\u00e9nonce un manque de progr\u00e8s depuis 2010"},"content":{"rendered":"<blockquote><p><strong><span style=\"font-size: 12pt\"><span lang=\"FR-BE\">Le Groupe d&rsquo;experts europ\u00e9ens sur la transition des soins en institution vers les soins de proximit\u00e9 (GEE), dont Autisme-Europe est membre, a pr\u00e9sent\u00e9 un rapport sur la transition des soins en institution vers les services de proximit\u00e9 dans les 27 \u00c9tats membres de l&rsquo;UE. Cette <\/span><span lang=\"FR-BE\"><a href=\"https:\/\/deinstitutionalisationdotcom.files.wordpress.com\/2020\/05\/di-report-final_with-foreword-2.pdf\">\u00e9tude<\/a><\/span><span lang=\"FR-BE\"> marque le dixi\u00e8me anniversaire de la publication d&rsquo;un premier <\/span><span lang=\"FR-BE\"><a href=\"https:\/\/ec.europa.eu\/social\/main.jsp?langId=en&amp;catId=89&amp;newsId=614&amp;furtherNew\">rapport<\/a><\/span><span lang=\"FR-BE\"> important, mandat\u00e9 par le commissaire europ\u00e9en Vladimir \u0160pidla pour aborder les questions li\u00e9es aux r\u00e9formes des soins en institution et trouver des solutions pour obtenir des mod\u00e8les de soins plus humains, centr\u00e9s sur la personne et individualis\u00e9s. <\/span><\/span><\/strong><\/p><\/blockquote>\n<p><span style=\"font-size: 12pt\">En cette p\u00e9riode de pand\u00e9mie de COVID-19 et de confinement, ce nouveau rapport arrive \u00e0 un moment critique, o\u00f9 les aspects n\u00e9gatifs d\u00e9terminants de l&rsquo;institutionnalisation (le rassemblement d&rsquo;un grand nombre de personnes dans un m\u00eame b\u00e2timent et la privation de contacts sociaux, etc.) sont de plus en plus flagrants et ne font que s&rsquo;aggraver face au virus. Comme l&rsquo;a r\u00e9cemment soulign\u00e9 le GEE, <a href=\"https:\/\/deinstitutionalisation.com\/2020\/04\/24\/covid-19-crisis-people-living-in-institutions-must-not-be-written-off\/\">la mani\u00e8re dont cette crise affecte ceux qui ont besoin de soins quotidiens<\/a> et leurs syst\u00e8mes de soutien d\u00e9coule d&rsquo;un sous-investissement structurel dans l&rsquo;inclusion et le bien-\u00eatre de tous, et dans la promotion de diff\u00e9rents mod\u00e8les de soutien dans la communaut\u00e9. Cela se refl\u00e8te \u00e9galement dans les conclusions du pr\u00e9sent rapport. Si rien ne change, les cons\u00e9quences de cette crise risquent d&rsquo;\u00eatre d\u00e9vastatrices pour les plus vuln\u00e9rables, avec des cons\u00e9quences \u00e0 long terme sur leur bien-\u00eatre et leur d\u00e9veloppement.<\/span><\/p>\n<p><span style=\"font-size: 12pt\">Toujours sur mandat de la Commission europ\u00e9enne et en consultation avec les membres du GEE, les auteurs du pr\u00e9sent rapport, Jan \u0160i\u0161ka et Julie Beadle-Brown, ont cherch\u00e9 \u00e0 savoir dans quelle mesure la transition de la prise en charge en institution vers du soutien au sein des familles et via des services de proximit\u00e9 au sein de la communaut\u00e9 a progress\u00e9 au cours des dix derni\u00e8res ann\u00e9es. Ce rapport offre une vue d&rsquo;ensemble des situations, solutions et tendances en mati\u00e8re de d\u00e9sinstitutionnalisation (DI) et de vie au sein de la communaut\u00e9 pour les personnes handicap\u00e9es, les personnes ayant des probl\u00e8mes de sant\u00e9 mentale, les sans-abri, les enfants (y compris les enfants handicap\u00e9s et les enfants migrants non accompagn\u00e9s ou s\u00e9par\u00e9s) et les personnes \u00e2g\u00e9es dans les 27 pays de l&rsquo;UE. Le tableau dress\u00e9 en Europe met en \u00e9vidence les tendances suivantes :<\/span><\/p>\n<ul>\n<li><span style=\"text-align: left;color: #333333;text-transform: none;text-indent: 0px;letter-spacing: normal;font-family: 'Libre Franklin','Helvetica Neue',helvetica,arial,sans-serif;font-size: 12pt;font-style: normal;font-variant: normal;font-weight: 400;text-decoration: none;cursor: text;float: none;background-color: #ffffff\">Au moins 1&rsquo;438&rsquo;696 personnes vivent encore dans des institutions ;<\/span><\/li>\n<li><span style=\"font-size: 12pt\">Le nombre de personnes vivant en institution ne semble pas avoir beaucoup chang\u00e9 au cours des dix derni\u00e8res ann\u00e9es ;<\/span><\/li>\n<li><span style=\"font-size: 12pt\">Le nombre d&rsquo;enfants plac\u00e9s en institution a l\u00e9g\u00e8rement diminu\u00e9. Ces derniers ont emm\u00e9nag\u00e9 avec leur famille, ont \u00e9t\u00e9 plac\u00e9s en famille<\/span><\/li>\n<li><span style=\"font-size: 12pt\">d&rsquo;accueil, adopt\u00e9s ou ont atteint la majorit\u00e9 et ont donc quitt\u00e9 les institutions pour enfants ;<\/span><\/li>\n<li><span style=\"font-size: 12pt\">Dans les 27 pays de l&rsquo;UE, des personnes vivent dans des services r\u00e9sidentiels, dont une minorit\u00e9 seulement sont de petite taille et implant\u00e9s dans la communaut\u00e9. Les services r\u00e9sidentiels de petite \u00e9chelle sont encore en minorit\u00e9 dans la plupart des 27 Etats membres\u00a0;<\/span><\/li>\n<li><span style=\"font-size: 12pt\">Dans certains pays, les individus restent plus longtemps en prison et \u00e0 l&rsquo;h\u00f4pital que n\u00e9cessaire en raison du manque d&rsquo;h\u00e9bergement au sein de la communaut\u00e9, tandis que dans d&rsquo;autres, le placement en institution est la principale forme de prise en charge des enfants sans prise en charge parentale\u00a0;<\/span><\/li>\n<li><span style=\"font-size: 12pt\">Dans de nombreux pays, et en particulier ceux qui ont entam\u00e9 le processus de d\u00e9sinstitutionalisation (ou DI) il y a quelque temps, les personnes qui ont un handicap intellectuel et des besoins complexes sont les plus susceptibles de continuer \u00e0 vivre en institution.<\/span><\/li>\n<\/ul>\n<p><span style=\"font-size: 12pt\">Sur la base de ces conclusions, le rapport met en outre en \u00e9vidence les principales pr\u00e9occupations et les solutions potentielles qui ressortent de son analyse\u00a0:<\/span><\/p>\n<ul>\n<li><span style=\"font-size: 12pt\">L&rsquo;importance d&rsquo;un <em>soutien centr\u00e9 sur la personne et individualis\u00e9 pour tous<\/em>, y compris les personnes ayant des besoins complexes, est la seule fa\u00e7on de garantir une pleine inclusion et participation \u00e0 la communaut\u00e9. La <em>mani\u00e8re<\/em> dont les soins sont dispens\u00e9s, la <em>qualit\u00e9 de l&rsquo;aide<\/em> et leurs r\u00e9sultats en termes de qualit\u00e9 de vie sont des indicateurs cl\u00e9s\u00a0;<\/span><\/li>\n<li><span style=\"font-size: 12pt\">Bien que la d\u00e9sinstitutionalisation concerne \u00e9galement la mise en \u0153uvre de l&rsquo;article 19 de la Convention des Nations unies sur les droits des personnes handicap\u00e9es, il existe tr\u00e8s peu d&rsquo;informations disponibles sur les exp\u00e9riences v\u00e9cues par les personnes en termes de choix et de contr\u00f4le, d&rsquo;inclusion et de participation. La compr\u00e9hension de l&rsquo;impact des politiques sur la vie des gens devrait \u00eatre un objectif cl\u00e9. Des d\u00e9finitions claires, une terminologie commune et des recherches ind\u00e9pendantes sont des \u00e9l\u00e9ments fondamentaux pour y parvenir\u00a0;<\/span><\/li>\n<li><span style=\"font-size: 12pt\">Dans presque tous les pays, le <em>manque de logements sociaux ou de logements abordables, implant\u00e9s dans la communaut\u00e9<\/em>, constitue l&rsquo;un des principaux obstacles au d\u00e9veloppement de la vie au sein de la communaut\u00e9 et \u00e0 la lutte contre le sans-abrisme. Des <em>politiques, des strat\u00e9gies et des pratiques appropri\u00e9es en mati\u00e8re de logement<\/em> sont essentielles pour soutenir les efforts de d\u00e9sinstitutionalisation;<\/span><\/li>\n<li><span style=\"font-size: 12pt\">De nombreux <em>\u00e9tablissements de soins r\u00e9sidentiels dits \u00ab\u00a0\u00e0 petite \u00e9chelle\u00a0\u00bb continuent d&rsquo;accueillir de grands groupes de personnes<\/em>, ce qui rend plut\u00f4t difficile l&rsquo;attention individualis\u00e9e et l&rsquo;inclusion dans la communaut\u00e9 et, par cons\u00e9quent, perp\u00e9tue une culture de s\u00e9gr\u00e9gation, au lieu de promouvoir des alternatives dans la communaut\u00e9.<\/span><\/li>\n<li><span style=\"font-size: 12pt\">La <em>responsabilit\u00e9<\/em> pose probl\u00e8me. Dans de nombreux pays o\u00f9 la d\u00e9sinstitutionnalisation est l&rsquo;un des domaines prioritaires de l&rsquo;UE, la transition risque d&rsquo;\u00eatre per\u00e7ue en tant que \u00ab\u00a0projet financ\u00e9 par l&rsquo;UE\u00a0\u00bb, de manquer de durabilit\u00e9 \u00e0 long terme et de ne pas pouvoir se passer du financement de l&rsquo;UE pour fournir des r\u00e9sultats. En outre, il existe un <em>transfert de responsabilit\u00e9s<\/em> largement r\u00e9pandu du niveau national au niveau local, <em>qui ne s&rsquo;accompagne pas n\u00e9cessairement d&rsquo;un financement<\/em>, ce qui peut poser des probl\u00e8mes en termes de coordination, de coh\u00e9rence et de comp\u00e9tence des services. Le leadership national est essentiel pour apporter des changements \u00e0 grande \u00e9chelle, impliquant une coordination intersectorielle et \u00e0 de multiples niveaux. <em>Les strat\u00e9gies nationales en mati\u00e8re de d\u00e9sinstitutionalisation doivent comprendre un financement ad\u00e9quat, une mise en \u0153uvre concr\u00e8te et des m\u00e9canismes de suivi<\/em>. <\/span><\/li>\n<\/ul>\n<p><span style=\"font-size: 12pt\">\u00c9tant donn\u00e9 que le semestre europ\u00e9en, y compris les recommandations sp\u00e9cifiques par pays (RSE), fournit le cadre pour la coordination continue des politiques \u00e9conomiques, sociales et de l&#8217;emploi dans l&rsquo;Union, le GEE se r\u00e9jouit de constater que cette ann\u00e9e, la protection sociale et le logement social sont consid\u00e9r\u00e9s comme prioritaires dans plusieurs RSE. Le GEE regrette toutefois qu&rsquo;aucune des RSE de 2020 ne traite de la n\u00e9cessit\u00e9 de la d\u00e9sinstitutionalisation. La population la plus vuln\u00e9rable m\u00e9rite une r\u00e9ponse ad\u00e9quate de relance post COVID-19 qui inclurait le d\u00e9veloppement de services de pr\u00e9vention et de proximit\u00e9.<\/span><\/p>\n<p><span style=\"font-size: 12pt\">Le GEE se f\u00e9licite de l&rsquo;intention de la Commission de transformer cette crise en opportunit\u00e9 en investissant dans un Plan de Relance et en actualisant le cadre financier pluriannuel. Ces investissements doivent mettre au centre les enfants et les adultes ayant besoin de soins et de soutien, leurs familles, les aidants informels et les syst\u00e8mes de soins et de soutien implant\u00e9s dans la communaut\u00e9 et centr\u00e9s sur la personne et le soutien aux familles.<\/span><\/p>\n<p><span style=\"font-size: 12pt\">Le GEE et ses membres s&rsquo;engagent \u00e0 poursuivre leurs efforts de sensibilisation et \u00e0 soutenir l&rsquo;UE, les \u00c9tats membres et d&rsquo;autres acteurs cl\u00e9s dans leurs efforts de d\u00e9sinstitutionalisation. Il les appelle vivement \u00e0 faire en sorte que les droits des personnes ayant besoin de soins et de soutien ne soient pas davantage compromis par les cons\u00e9quences de la pand\u00e9mie de COVID-19.<\/span><\/p>\n<blockquote>\n<h4><span style=\"font-size: 12pt\"><a href=\"https:\/\/deinstitutionalisationdotcom.files.wordpress.com\/2020\/05\/eeg-di-report-2020-1.pdf\">Rapport sur la transition des soins en institutions vers des services de proximit\u00e9 dans les 27 Etats membres de l\u2019UE, 2020, <strong>Jan \u0160i\u0161ka and Julie Beadle-Brown (en anglais)<\/strong> <\/a><\/span><\/h4>\n<h4><span style=\"font-size: 12pt\"><strong>En savoir plus sur le GEE :\u00a0<\/strong><a href=\"https:\/\/deinstitutionalisation.com\/\">https:\/\/deinstitutionalisation.com\/<\/a><\/span><\/h4>\n<\/blockquote>\n<p>&nbsp;<\/p>\n","protected":false},"excerpt":{"rendered":"<p>Le Groupe d&rsquo;experts europ\u00e9ens sur la transition des soins en institution vers les soins de proximit\u00e9 (GEE), dont Autisme-Europe est membre, a pr\u00e9sent\u00e9 un rapport sur la transition des soins &hellip; <\/p>\n<p class=\"link-more\"><a href=\"https:\/\/www.autismeurope.org\/fr\/blog\/2020\/06\/05\/le-nouveau-rapport-sur-la-desinstitutionalisation-en-europe-denonce-un-manque-de-progres-depuis-2010\/\" class=\"more-link\">Continue reading<span class=\"screen-reader-text\"> \u00ab\u00a0Le nouveau rapport sur la d\u00e9sinstitutionalisation en Europe d\u00e9nonce un manque de progr\u00e8s depuis 2010\u00a0\u00bb<\/span><\/a><\/p>\n","protected":false},"author":32,"featured_media":43976,"comment_status":"closed","ping_status":"closed","sticky":false,"template":"","format":"standard","meta":{"_acf_changed":false,"_bbp_topic_count":0,"_bbp_reply_count":0,"_bbp_total_topic_count":0,"_bbp_total_reply_count":0,"_bbp_voice_count":0,"_bbp_anonymous_reply_count":0,"_bbp_topic_count_hidden":0,"_bbp_reply_count_hidden":0,"_bbp_forum_subforum_count":0,"footnotes":""},"categories":[95],"tags":[2770,3705,2698,2777],"class_list":["post-44000","post","type-post","status-publish","format-standard","has-post-thumbnail","hentry","category-news-fr","tag-actions-por-le-bien-etre","tag-european-institutions-fr","tag-institutions-europeennes","tag-promotion-des-droits"],"acf":[],"_links":{"self":[{"href":"https:\/\/www.autismeurope.org\/fr\/wp-json\/wp\/v2\/posts\/44000","targetHints":{"allow":["GET"]}}],"collection":[{"href":"https:\/\/www.autismeurope.org\/fr\/wp-json\/wp\/v2\/posts"}],"about":[{"href":"https:\/\/www.autismeurope.org\/fr\/wp-json\/wp\/v2\/types\/post"}],"author":[{"embeddable":true,"href":"https:\/\/www.autismeurope.org\/fr\/wp-json\/wp\/v2\/users\/32"}],"replies":[{"embeddable":true,"href":"https:\/\/www.autismeurope.org\/fr\/wp-json\/wp\/v2\/comments?post=44000"}],"version-history":[{"count":5,"href":"https:\/\/www.autismeurope.org\/fr\/wp-json\/wp\/v2\/posts\/44000\/revisions"}],"predecessor-version":[{"id":44005,"href":"https:\/\/www.autismeurope.org\/fr\/wp-json\/wp\/v2\/posts\/44000\/revisions\/44005"}],"wp:featuredmedia":[{"embeddable":true,"href":"https:\/\/www.autismeurope.org\/fr\/wp-json\/wp\/v2\/media\/43976"}],"wp:attachment":[{"href":"https:\/\/www.autismeurope.org\/fr\/wp-json\/wp\/v2\/media?parent=44000"}],"wp:term":[{"taxonomy":"category","embeddable":true,"href":"https:\/\/www.autismeurope.org\/fr\/wp-json\/wp\/v2\/categories?post=44000"},{"taxonomy":"post_tag","embeddable":true,"href":"https:\/\/www.autismeurope.org\/fr\/wp-json\/wp\/v2\/tags?post=44000"}],"curies":[{"name":"wp","href":"https:\/\/api.w.org\/{rel}","templated":true}]}}