{"id":44288,"date":"2020-07-01T10:43:59","date_gmt":"2020-07-01T08:43:59","guid":{"rendered":"https:\/\/www.autismeurope.org\/fr\/?p=44288"},"modified":"2024-09-27T16:00:18","modified_gmt":"2024-09-27T14:00:18","slug":"guide-pratique-de-lescap-pour-lautisme-une-synthese-des-recommandations-fondees-sur-des-donnees-probantes-pour-le-diagnostic-et-le-traitement","status":"publish","type":"post","link":"https:\/\/www.autismeurope.org\/fr\/blog\/2020\/07\/01\/guide-pratique-de-lescap-pour-lautisme-une-synthese-des-recommandations-fondees-sur-des-donnees-probantes-pour-le-diagnostic-et-le-traitement\/","title":{"rendered":"Guide pratique de l&rsquo;ESCAP pour l&rsquo;autisme: une synth\u00e8se des recommandations fond\u00e9es sur des donn\u00e9es probantes pour le diagnostic et le traitement (2020)"},"content":{"rendered":"","protected":false},"excerpt":{"rendered":"","protected":false},"author":32,"featured_media":44283,"comment_status":"closed","ping_status":"closed","sticky":false,"template":"single-post.php","format":"standard","meta":{"_acf_changed":false,"_bbp_topic_count":0,"_bbp_reply_count":0,"_bbp_total_topic_count":0,"_bbp_total_reply_count":0,"_bbp_voice_count":0,"_bbp_anonymous_reply_count":0,"_bbp_topic_count_hidden":0,"_bbp_reply_count_hidden":0,"_bbp_forum_subforum_count":0,"footnotes":""},"categories":[129],"tags":[],"class_list":["post-44288","post","type-post","status-publish","format-standard","has-post-thumbnail","hentry","category-publication-externe"],"acf":[],"_links":{"self":[{"href":"https:\/\/www.autismeurope.org\/fr\/wp-json\/wp\/v2\/posts\/44288","targetHints":{"allow":["GET"]}}],"collection":[{"href":"https:\/\/www.autismeurope.org\/fr\/wp-json\/wp\/v2\/posts"}],"about":[{"href":"https:\/\/www.autismeurope.org\/fr\/wp-json\/wp\/v2\/types\/post"}],"author":[{"embeddable":true,"href":"https:\/\/www.autismeurope.org\/fr\/wp-json\/wp\/v2\/users\/32"}],"replies":[{"embeddable":true,"href":"https:\/\/www.autismeurope.org\/fr\/wp-json\/wp\/v2\/comments?post=44288"}],"version-history":[{"count":4,"href":"https:\/\/www.autismeurope.org\/fr\/wp-json\/wp\/v2\/posts\/44288\/revisions"}],"predecessor-version":[{"id":49656,"href":"https:\/\/www.autismeurope.org\/fr\/wp-json\/wp\/v2\/posts\/44288\/revisions\/49656"}],"wp:featuredmedia":[{"embeddable":true,"href":"https:\/\/www.autismeurope.org\/fr\/wp-json\/wp\/v2\/media\/44283"}],"wp:attachment":[{"href":"https:\/\/www.autismeurope.org\/fr\/wp-json\/wp\/v2\/media?parent=44288"}],"wp:term":[{"taxonomy":"category","embeddable":true,"href":"https:\/\/www.autismeurope.org\/fr\/wp-json\/wp\/v2\/categories?post=44288"},{"taxonomy":"post_tag","embeddable":true,"href":"https:\/\/www.autismeurope.org\/fr\/wp-json\/wp\/v2\/tags?post=44288"}],"curies":[{"name":"wp","href":"https:\/\/api.w.org\/{rel}","templated":true}]}}