{"id":45360,"date":"2021-03-03T20:25:49","date_gmt":"2021-03-03T19:25:49","guid":{"rendered":"https:\/\/www.autismeurope.org\/fr\/?p=45360"},"modified":"2021-04-13T13:29:09","modified_gmt":"2021-04-13T11:29:09","slug":"la-strategie-europeenne-relative-aux-droits-des-personnes-handicapees-2021-2030","status":"publish","type":"post","link":"https:\/\/www.autismeurope.org\/fr\/blog\/2021\/03\/03\/la-strategie-europeenne-relative-aux-droits-des-personnes-handicapees-2021-2030\/","title":{"rendered":"La strat\u00e9gie europ\u00e9enne relative aux droits des personnes handicap\u00e9es 2021-2030"},"content":{"rendered":"<p><span style=\"font-size: 12pt\">La r\u00e9alisation des initiatives envisag\u00e9es dans cette strat\u00e9gie contribuera \u00e0 r\u00e9duire les discriminations et les in\u00e9galit\u00e9s et aidera les personnes handicap\u00e9es \u00e0 jouir pleinement de leurs droits humains, de leurs libert\u00e9s fondamentales et de leurs droits europ\u00e9ens sur la base de l&rsquo;\u00e9galit\u00e9 avec les autres d&rsquo;ici 2030, en vue de favoriser leur ind\u00e9pendance, leur participation et des conditions de vie d\u00e9centes.<\/span><\/p>\n<p><span style=\"font-size: 12pt\">Les objectifs de cette strat\u00e9gie devront \u00eatre atteints par le biais d\u2019un engagement fort des \u00c9tats membres, gr\u00e2ce \u00e0 la promotion de politiques et d\u2019actions qui permettront de cr\u00e9er des environnements accessibles, des syst\u00e8mes d&rsquo;\u00e9ducation inclusifs ainsi que des syst\u00e8mes de soins de sant\u00e9 de haute qualit\u00e9 et des possibilit\u00e9 d\u2019emploi dans des conditions d\u2019\u00e9galit\u00e9.<\/span><\/p>\n<p><span style=\"font-size: 12pt\">Donner aux personnes handicap\u00e9es les moyens de contribuer \u00e0 la transition vers une \u00e9conomie et une soci\u00e9t\u00e9 inclusives, vertes et num\u00e9riques et de participer pleinement \u00e0 la d\u00e9mocratie permettra de r\u00e9affirmer les valeurs de l&rsquo;UE \u00e9nonc\u00e9es dans les trait\u00e9s. Cela apportera une contribution majeure \u00e0 l&rsquo;Union pour l&rsquo;\u00e9galit\u00e9 et renforcera les droits des personnes handicap\u00e9es \u00e0 travers le monde.<\/span><\/p>\n<p><iframe loading=\"lazy\" title=\"Strategy for the Rights of Persons with Disabilities 2021-2030\" width=\"525\" height=\"295\" src=\"https:\/\/www.youtube.com\/embed\/kf69DQFy7zI?feature=oembed\" frameborder=\"0\" allow=\"accelerometer; autoplay; clipboard-write; encrypted-media; gyroscope; picture-in-picture; web-share\" referrerpolicy=\"strict-origin-when-cross-origin\" allowfullscreen><\/iframe><\/p>\n<h2><span style=\"font-size: 14pt\"><strong>En savoir plus<\/strong><\/span><\/h2>\n<blockquote><p><span style=\"font-size: 12pt\"><a href=\"https:\/\/europa.eu\/!hV34QK\"><strong>Communication de l\u2019Union europ\u00e9enne sur la strat\u00e9gie<\/strong><\/a><\/span><\/p>\n<p><span style=\"font-size: 12pt\"><a href=\"https:\/\/europa.eu\/!Rw36Xy\"><strong>Version<\/strong><\/a><strong> facile \u00e0 lire (en anglais)<\/strong><\/span><\/p>\n<p><span style=\"font-size: 12pt\"><a href=\"https:\/\/ec.europa.eu\/commission\/presscorner\/detail\/fr\/qanda_21_813\"><strong>Foire aux questions<\/strong><\/a><\/span><\/p>\n<p><span style=\"font-size: 12pt\"><a href=\"https:\/\/europa.eu\/!TK87xR\"><strong>Nouvelles en version facile-\u00e0-lire (en anglais)<\/strong><\/a><\/span><\/p><\/blockquote>\n","protected":false},"excerpt":{"rendered":"<p>La r\u00e9alisation des initiatives envisag\u00e9es dans cette strat\u00e9gie contribuera \u00e0 r\u00e9duire les discriminations et les in\u00e9galit\u00e9s et aidera les personnes handicap\u00e9es \u00e0 jouir pleinement de leurs droits humains, de leurs &hellip; <\/p>\n<p class=\"link-more\"><a href=\"https:\/\/www.autismeurope.org\/fr\/blog\/2021\/03\/03\/la-strategie-europeenne-relative-aux-droits-des-personnes-handicapees-2021-2030\/\" class=\"more-link\">Continue reading<span class=\"screen-reader-text\"> \u00ab\u00a0La strat\u00e9gie europ\u00e9enne relative aux droits des personnes handicap\u00e9es 2021-2030\u00a0\u00bb<\/span><\/a><\/p>\n","protected":false},"author":32,"featured_media":45186,"comment_status":"closed","ping_status":"closed","sticky":false,"template":"single-post.php","format":"standard","meta":{"_acf_changed":false,"_bbp_topic_count":0,"_bbp_reply_count":0,"_bbp_total_topic_count":0,"_bbp_total_reply_count":0,"_bbp_voice_count":0,"_bbp_anonymous_reply_count":0,"_bbp_topic_count_hidden":0,"_bbp_reply_count_hidden":0,"_bbp_forum_subforum_count":0,"footnotes":""},"categories":[129],"tags":[2761,2696,2698,2771,2777,2776],"class_list":["post-45360","post","type-post","status-publish","format-standard","has-post-thumbnail","hentry","category-publication-externe","tag-education-fr-2","tag-emploi","tag-institutions-europeennes","tag-plaidoyer","tag-promotion-des-droits","tag-ressources-recherche-et-publications"],"acf":[],"_links":{"self":[{"href":"https:\/\/www.autismeurope.org\/fr\/wp-json\/wp\/v2\/posts\/45360","targetHints":{"allow":["GET"]}}],"collection":[{"href":"https:\/\/www.autismeurope.org\/fr\/wp-json\/wp\/v2\/posts"}],"about":[{"href":"https:\/\/www.autismeurope.org\/fr\/wp-json\/wp\/v2\/types\/post"}],"author":[{"embeddable":true,"href":"https:\/\/www.autismeurope.org\/fr\/wp-json\/wp\/v2\/users\/32"}],"replies":[{"embeddable":true,"href":"https:\/\/www.autismeurope.org\/fr\/wp-json\/wp\/v2\/comments?post=45360"}],"version-history":[{"count":3,"href":"https:\/\/www.autismeurope.org\/fr\/wp-json\/wp\/v2\/posts\/45360\/revisions"}],"predecessor-version":[{"id":45829,"href":"https:\/\/www.autismeurope.org\/fr\/wp-json\/wp\/v2\/posts\/45360\/revisions\/45829"}],"wp:featuredmedia":[{"embeddable":true,"href":"https:\/\/www.autismeurope.org\/fr\/wp-json\/wp\/v2\/media\/45186"}],"wp:attachment":[{"href":"https:\/\/www.autismeurope.org\/fr\/wp-json\/wp\/v2\/media?parent=45360"}],"wp:term":[{"taxonomy":"category","embeddable":true,"href":"https:\/\/www.autismeurope.org\/fr\/wp-json\/wp\/v2\/categories?post=45360"},{"taxonomy":"post_tag","embeddable":true,"href":"https:\/\/www.autismeurope.org\/fr\/wp-json\/wp\/v2\/tags?post=45360"}],"curies":[{"name":"wp","href":"https:\/\/api.w.org\/{rel}","templated":true}]}}