{"id":46304,"date":"2021-09-28T16:06:51","date_gmt":"2021-09-28T14:06:51","guid":{"rendered":"https:\/\/www.autismeurope.org\/fr\/?p=46304"},"modified":"2021-10-04T16:08:39","modified_gmt":"2021-10-04T14:08:39","slug":"le-13e-congres-international-dautisme-europe-un-parcours-de-vie-heureux","status":"publish","type":"post","link":"https:\/\/www.autismeurope.org\/fr\/blog\/2021\/09\/28\/le-13e-congres-international-dautisme-europe-un-parcours-de-vie-heureux\/","title":{"rendered":"Le 13e Congr\u00e8s international d\u2019Autisme-Europe \u00ab\u00a0Un parcours de vie heureux\u00a0\u00bb"},"content":{"rendered":"<blockquote><p><span style=\"font-size: 12pt\"><strong>Le 13e Congr\u00e8s international d\u2019Autisme-Europe dont le fil conducteur sera \u00ab\u00a0un parcours de vie heureux\u00a0\u00bb,\u00a0 se tiendra \u00e0 Cracovie, en Pologne, du 7 au 9 octobre 2022. L\u2019\u00e9v\u00e9nement, qui aura lieu sous format hybride, est organis\u00e9 par la Fondation JiM.<\/strong><\/span><\/p><\/blockquote>\n<p><span style=\"font-size: 12pt\">Autisme-Europe a le plaisir de vous pr\u00e9senter les 7 orateurs principaux confirm\u00e9s, \u00e0 savoir\u00a0:<\/span><\/p>\n<ul>\n<li><span style=\"font-size: 12pt\"><strong>Brian Boyd<\/strong>: Professeur et directeur du projet \u00ab\u00a0Juniper Gardens Children\u00a0\u00bb \u00e0 l&rsquo;universit\u00e9 du Kansas. Il s&rsquo;est beaucoup investi dans la recherche sur les populations les plus vuln\u00e9rables et marginalis\u00e9es.<\/span><\/li>\n<li><span style=\"font-size: 12pt\"><strong>Isabel Dziobek<\/strong> : Professeur de psychologie clinique de l&rsquo;interaction sociale et directrice de la clinique universitaire ambulatoire pour l&rsquo;interaction sociale \u00e0 l&rsquo;Universit\u00e9 Humboldt de Berlin. Elle est psychoth\u00e9rapeute et s&rsquo;int\u00e9resse \u00e0 la compr\u00e9hension des m\u00e9canismes de traitement des informations sociales.<\/span><\/li>\n<li><span style=\"font-size: 12pt\"><strong>Ewa Furgal<\/strong> : Fondatrice et pr\u00e9sidente de la Fondation \u00ab\u00a0Girls on the Spectrum\u00a0\u00bb, une organisation polonaise qui donne des moyens d&rsquo;action aux filles et aux femmes autistes. A la fois militante et \u00e9ducatrice, elle est l&rsquo;une des femmes autistes les plus connues de Pologne.<\/span><\/li>\n<li><span style=\"font-size: 12pt\"><strong>Connie Kasari \u2013<\/strong>Professor of\u00a0Psychiatry\u00a0at the David Geffen School of Medicine at UCLA. She has published widely on topics related to social, emotional, and communication development.\u00a0\u00a0<\/span><\/li>\n<li><span style=\"font-size: 12pt\"><strong>Connie Kasari<\/strong>: Professeur de psychiatrie \u00e0 la Facult\u00e9 de M\u00e9decine David Geffen de l&rsquo;UCLA. Elle a publi\u00e9 de nombreux articles sur des sujets li\u00e9s au d\u00e9veloppement social, \u00e9motionnel et de la communication.\u00a0<\/span><\/li>\n<li><span style=\"font-size: 12pt\"><strong>Catherine Lord<\/strong>: Professeur distingu\u00e9e en r\u00e9sidence \u00e0 la facult\u00e9 de m\u00e9decine de l&rsquo;UCLA et chercheur scientifique principal \u00e0 l\u2019Institut Semel des Neurosciences et du Comportement humain. Elle a particip\u00e9 \u00e0 l&rsquo;\u00e9laboration d&rsquo;instruments de diagnostic normalis\u00e9s tels que l&rsquo;ADOS et l&rsquo;ADI-R.<\/span><\/li>\n<li><span style=\"font-size: 12pt\"><strong>Emily Simonoff<\/strong> : Professeur de psychiatrie de l&rsquo;enfant et de l&rsquo;adolescent dans le d\u00e9partement de Psychiatrie de l&rsquo;enfant et de l&rsquo;adolescent, chef du d\u00e9partement et responsable acad\u00e9mique du groupe acad\u00e9mique clinique CAMHS de King&rsquo;s Health Partners. Elle est surtout connue pour ses travaux sur les difficult\u00e9s de sant\u00e9 mentale (en particulier l&rsquo;anxi\u00e9t\u00e9) concomitantes \u00e0 l&rsquo;autisme.<\/span><\/li>\n<li><span style=\"font-size: 12pt\"><strong>Petrus de Vries<\/strong> : Professeur Sue Struengmann de psychiatrie de l&rsquo;enfant et de l&rsquo;adolescent, directeur du Centre de recherche sur l&rsquo;autisme en Afrique et de l&rsquo;Unit\u00e9 de recherche sur la sant\u00e9 des adolescents \u00e0 l&rsquo;Universit\u00e9 de Cap Town. Il est surtout connu pour son travail de formation et de soutien aux familles dans les pays \u00e0 faibles revenus.<\/span><\/li>\n<\/ul>\n<p><span style=\"font-size: 12pt\">Nous travaillons au lancement du site web du congr\u00e8s qui sera pr\u00eat dans les semaines \u00e0 venir. Nous vous tiendrons inform\u00e9s!<\/span><\/p>\n<blockquote><p><span style=\"font-size: 12pt\">Pour en savoir plus sur les orateur principaux, <strong><a href=\"https:\/\/www.autismeurope.org\/what-we-do\/international-congresses\/next-congress\/keynotes\/\">cliquez ici<\/a>.<\/strong><\/span><\/p><\/blockquote>\n","protected":false},"excerpt":{"rendered":"<p>Le 13e Congr\u00e8s international d\u2019Autisme-Europe dont le fil conducteur sera \u00ab\u00a0un parcours de vie heureux\u00a0\u00bb,\u00a0 se tiendra \u00e0 Cracovie, en Pologne, du 7 au 9 octobre 2022. L\u2019\u00e9v\u00e9nement, qui aura &hellip; <\/p>\n<p class=\"link-more\"><a href=\"https:\/\/www.autismeurope.org\/fr\/blog\/2021\/09\/28\/le-13e-congres-international-dautisme-europe-un-parcours-de-vie-heureux\/\" class=\"more-link\">Continue reading<span class=\"screen-reader-text\"> \u00ab\u00a0Le 13e Congr\u00e8s international d\u2019Autisme-Europe \u00ab\u00a0Un parcours de vie heureux\u00a0\u00bb\u00a0\u00bb<\/span><\/a><\/p>\n","protected":false},"author":32,"featured_media":46246,"comment_status":"closed","ping_status":"closed","sticky":false,"template":"","format":"standard","meta":{"_acf_changed":false,"_bbp_topic_count":0,"_bbp_reply_count":0,"_bbp_total_topic_count":0,"_bbp_total_reply_count":0,"_bbp_voice_count":0,"_bbp_anonymous_reply_count":0,"_bbp_topic_count_hidden":0,"_bbp_reply_count_hidden":0,"_bbp_forum_subforum_count":0,"footnotes":""},"categories":[95],"tags":[],"class_list":["post-46304","post","type-post","status-publish","format-standard","has-post-thumbnail","hentry","category-news-fr"],"acf":[],"_links":{"self":[{"href":"https:\/\/www.autismeurope.org\/fr\/wp-json\/wp\/v2\/posts\/46304","targetHints":{"allow":["GET"]}}],"collection":[{"href":"https:\/\/www.autismeurope.org\/fr\/wp-json\/wp\/v2\/posts"}],"about":[{"href":"https:\/\/www.autismeurope.org\/fr\/wp-json\/wp\/v2\/types\/post"}],"author":[{"embeddable":true,"href":"https:\/\/www.autismeurope.org\/fr\/wp-json\/wp\/v2\/users\/32"}],"replies":[{"embeddable":true,"href":"https:\/\/www.autismeurope.org\/fr\/wp-json\/wp\/v2\/comments?post=46304"}],"version-history":[{"count":2,"href":"https:\/\/www.autismeurope.org\/fr\/wp-json\/wp\/v2\/posts\/46304\/revisions"}],"predecessor-version":[{"id":46306,"href":"https:\/\/www.autismeurope.org\/fr\/wp-json\/wp\/v2\/posts\/46304\/revisions\/46306"}],"wp:featuredmedia":[{"embeddable":true,"href":"https:\/\/www.autismeurope.org\/fr\/wp-json\/wp\/v2\/media\/46246"}],"wp:attachment":[{"href":"https:\/\/www.autismeurope.org\/fr\/wp-json\/wp\/v2\/media?parent=46304"}],"wp:term":[{"taxonomy":"category","embeddable":true,"href":"https:\/\/www.autismeurope.org\/fr\/wp-json\/wp\/v2\/categories?post=46304"},{"taxonomy":"post_tag","embeddable":true,"href":"https:\/\/www.autismeurope.org\/fr\/wp-json\/wp\/v2\/tags?post=46304"}],"curies":[{"name":"wp","href":"https:\/\/api.w.org\/{rel}","templated":true}]}}