{"id":46373,"date":"2021-11-23T14:43:36","date_gmt":"2021-11-23T13:43:36","guid":{"rendered":"https:\/\/www.autismeurope.org\/fr\/?p=46373"},"modified":"2021-11-23T14:43:36","modified_gmt":"2021-11-23T13:43:36","slug":"a-la-memoire-de-la-prof-isabel-cottinelli-telmo-1930-2021","status":"publish","type":"post","link":"https:\/\/www.autismeurope.org\/fr\/blog\/2021\/11\/23\/a-la-memoire-de-la-prof-isabel-cottinelli-telmo-1930-2021\/","title":{"rendered":"A la m\u00e9moire de la Prof. Isabel Cottinelli Telmo (1930-2021)"},"content":{"rendered":"<p><span style=\"font-size: 12pt\"><strong>Autisme-Europe est tr\u00e8s attrist\u00e9 d&rsquo;apprendre le d\u00e9c\u00e8s de notre amie Prof. Isabel Cottinelli Telmo. Elle \u00e9tait membre du conseil d&rsquo;administration d&rsquo;Autisme-Europe depuis 1986 et vice-pr\u00e9sidente d&rsquo;Autisme-Europe de 1990 \u00e0 2008. Isabel \u00e9tait une d\u00e9fenseuse infatigable des droits des personnes autistes au Portugal et au niveau europ\u00e9en. \u00c0 ce titre, elle a eu un grand impact sur la vie de nombreuses personnes. Il y a quelques semaines encore, elle coordonnait notre projet IVEA visant \u00e0 favoriser l&rsquo;acc\u00e8s des personnes autistes \u00e0 la formation professionnelle et \u00e0 l&#8217;emploi. Sa force, sa d\u00e9termination in\u00e9branlable et sa gentillesse \u00e9taient une source d&rsquo;inspiration. Voici quelques-uns des hommages \u00e0 Isabel que nous avons re\u00e7us.<\/strong><\/span><\/p>\n<blockquote><p><span style=\"font-size: 12pt\"><strong>Donata Vivanti, former President of Autism-Europe from 2000 to 2007:<\/strong><\/span><\/p><\/blockquote>\n<p><span style=\"font-size: 12pt\">Dans les tristes circonstances de son d\u00e9c\u00e8s, le 15 novembre 2021, \u00e0 l\u2019\u00e2ge de 91 ans, je voudrais rendre hommage \u00e0 la vie et \u00e0 l&rsquo;\u0153uvre d&rsquo;une personne sp\u00e9ciale, Isabel Cottinelli Telmo. \u00bb indique Donata Vivanti Ancienne Pr\u00e9sidente d\u2019Autisme-Europe de 2000-2007.<\/span><\/p>\n<p><span style=\"font-size: 12pt\">\u00ab Pr\u00e9sidente de l\u2019association portugaise pour l\u2019autisme APPDA depuis 1984, membre fondateur et vice-pr\u00e9sidente d\u2019Autisme-Europe de 1990 jusqu\u2019\u00e0 2008, Isabel a d\u00e9di\u00e9 sa vie, son \u00e9nergie et ses ressources pour am\u00e9liorer la condition des personnes avec Autisme, au Portugal et en Europe.\u00a0 Professeur d\u2019Architecture, experte en autisme et polyglotte, elle \u00e9t\u00e9 une vraie citoyenne du monde, dot\u00e9e d&rsquo;une vaste culture issue non seulement de ses \u00e9tudes, au Portugal et \u00e0 l\u2019\u00e9tranger, mais aussi des voyages et des contacts humains et professionnels qu&rsquo;elle a su \u00e9tablir et entretenir toute au long de sa vie.<\/span><\/p>\n<p><span style=\"font-size: 12pt\">M\u00e8re de 7 enfants, dont un autiste, \u00e0 une \u00e9poque o\u00f9 les parents \u00e9taient mis en cause, elle n&rsquo;a pas perdu courage face aux pr\u00e9jug\u00e9s et au manque de services et d&rsquo;accompagnement adapt\u00e9s dans son pays. Gr\u00e2ce \u00e0 sa vive intelligence, son militantisme et sa t\u00e9nacit\u00e9, \u00e0 partir des ann\u00e9es 1980 elle a su construire des services innovants pour les personnes autistes, luttant pour la reconnaissance de leurs droits et besoins, impliquant les institutions publiques et influen\u00e7ant significativement les politiques sociales de son pays,\u00a0 au point d&rsquo;obtenir une prestigieuse M\u00e9daille du M\u00e9rite de la ville de Lisbonne.<\/span><\/p>\n<p><span style=\"font-size: 12pt\">Il serait trop long rappeler ici toutes les initiatives dans le domaine de l\u2019autisme et du handicap qu&rsquo;elle a anim\u00e9s au cours de sa vie de militante, des nombreux projets aux \u00e9v\u00e9nements et congr\u00e8s au niveau national et europ\u00e9en. Cependant, malgr\u00e9 la qualit\u00e9 et le succ\u00e8s de son engagement, Isabel est toujours rest\u00e9e une personne humble et timide, qui fuyait les reconnaissances et les postes prestigieux, pr\u00e9f\u00e9rant les actions concr\u00e8tes. Bien qu&rsquo;en raison de son \u00e9norme exp\u00e9rience elle l&rsquo;ait m\u00e9rit\u00e9 plus que quiconque, elle a toujours refus\u00e9 la pr\u00e9sidence d&rsquo;Autisme-Europe, tout en restant toujours disponible \u00e0 contribuer de mani\u00e8re significative \u00e0 ses actions et politiques et \u00e0 soutenir es membres dans leurs travaux.<\/span><\/p>\n<p><span style=\"font-size: 12pt\">Un point de r\u00e9f\u00e9rence essentiel pour tous les membres d\u2019Autisme-Europe disparait avec elle.<\/span><\/p>\n<p><span style=\"font-size: 12pt\">Elle laisse un grand vide dans nos c\u0153urs, mais aussi un h\u00e9ritage exemplaire de courage et d&rsquo;engagement pour la cause de l\u2019autisme qui ne faillira jamais.<\/span><\/p>\n<p><span style=\"font-size: 12pt\">Quant \u00e0 moi, j&rsquo;ai perdu une amie ch\u00e8re dont j&rsquo;aime me souvenir de l&rsquo;harmonie qui nous unissait lors des nombreuses occasions de rencontre et de travail, enrichies per sa comp\u00e9tence et \u00e9clair\u00e9es par son humour. Mais encore plus j\u2019aime me souvenir de la chaleur de sa grande famille autour d&rsquo;une table, pour d\u00e9guster ensemble la tourte \u00e0 la morue pr\u00e9par\u00e9e par Isabel avec tout l\u2019amour et l\u2019humilit\u00e9 d\u2019une grande femme.<\/span><\/p>\n<p><span style=\"font-size: 12pt\">Au revoir ch\u00e8re Isabel, tu seras toujours aux c\u00f4t\u00e9s de ceux qui t&rsquo;ont connu et aim\u00e9 pour ton esprit indomptable et l\u2019exemple que tu nous montrais. \u00bb<\/span><\/p>\n<blockquote><p><span style=\"font-size: 12pt\"><strong>\u00a0Juan Cid, Gautena: <\/strong><\/span><\/p><\/blockquote>\n<p><span style=\"font-size: 12pt\">\u00a0\u00bb Pour les jeunes parents confront\u00e9s pour la premi\u00e8re fois au monde de l&rsquo;autisme, vous \u00e9tiez une lueur d&rsquo;espoir dans les multiples congr\u00e8s et r\u00e9unions o\u00f9 nous avons eu la chance de partager vos \u00e9normes connaissances et votre sagesse, non seulement dans le domaine de l&rsquo;autisme, mais aussi, et surtout, de la vie. Toujours souriante, pleine d&rsquo;\u00e9nergie, totalement confiante dans la recherche et dans l&rsquo;avenir, avec un esprit combatif en faveur des pays du Sud, et votre terre portugaise bien-aim\u00e9e toujours \u00e0 l&rsquo;esprit&#8230; Votre \u00e2me avait une vision europ\u00e9enne et \u00e9tait ouverte au monde et aux connexions humaines que vous avez construites et d\u00e9velopp\u00e9es avec un si grand amour.<\/span><\/p>\n<p><span style=\"font-size: 12pt\">Profond\u00e9ment attrist\u00e9s, nous tenons \u00e0 adresser nos condol\u00e9ances \u00e0 sa famille et \u00e0 Autisme-Europe. Isabel nous manquera en tant que r\u00e9f\u00e9rente, mais sa lumi\u00e8re et son amour resteront avec nous.<\/span><\/p>\n<p><span style=\"font-size: 12pt\">Toujours dans nos pens\u00e9es, bihotz bihotzez\u00a0\u00bb.\u00a0<\/span><\/p>\n<blockquote><p><span style=\"font-size: 12pt\"><strong>Maria Wroniszewska, Fondation SYNAPSIS :<\/strong><\/span><\/p><\/blockquote>\n<p><span style=\"font-size: 12pt\">\u00a0\u00ab\u00a0J&rsquo;ai rencontr\u00e9 Isabel lors de mes premi\u00e8res r\u00e9unions au sein d&rsquo;Autisme-Europe et je me souviens de sa participation active \u00e0 toutes les r\u00e9unions, de son optimisme \u00e0 changer le monde pour les personnes autistes et de sa persistance \u00e0 atteindre des objectifs ambitieux. Et elle \u00e9tait si active dans les derniers projets !<\/span><\/p>\n<p><span style=\"font-size: 12pt\">Nous lui sommes tr\u00e8s reconnaissants de son engagement pour les personnes autistes et leurs familles et de son action pour soutenir l&rsquo;ensemble de notre communaut\u00e9 internationale.<\/span><\/p>\n<p><span style=\"font-size: 12pt\">Mes plus sinc\u00e8res condol\u00e9ances \u00e0 sa famille et \u00e0 ses amis ainsi qu&rsquo;aux organisations du Portugal.\u00a0\u00bb<\/span><\/p>\n<blockquote><p><span style=\"font-size: 12pt\"><strong>Autismo Burgos : <\/strong><\/span><\/p><\/blockquote>\n<p><span style=\"font-size: 12pt\">\u00ab\u00a0Nous avons re\u00e7u la nouvelle avec une grande tristesse. Pour nous, la Professeure Isabel, outre son r\u00f4le important de d\u00e9fenseuse des droits des personnes autistes et de leurs familles, a \u00e9t\u00e9 la promotrice et la partenaire de plusieurs projets auxquels Autismo Burgos a particip\u00e9. Isabel \u00e9tait un exemple \u00e0 suivre et surtout une amie avec qui nous avons partag\u00e9 de nombreux moments. Nous regrettons sa disparition, nous pr\u00e9sentons nos sinc\u00e8res condol\u00e9ances aux membres de sa famille et \u00e0 ses proches.\u00a0\u00bb<\/span><\/p>\n<p><span style=\"font-size: 12pt\">Autisme-Europe et tous ses membres adressent leurs sinc\u00e8res condol\u00e9ances \u00e0 la famille et aux amis d&rsquo;Isabel.<\/span><\/p>\n","protected":false},"excerpt":{"rendered":"<p>Autisme-Europe est tr\u00e8s attrist\u00e9 d&rsquo;apprendre le d\u00e9c\u00e8s de notre amie Prof. Isabel Cottinelli Telmo. Elle \u00e9tait membre du conseil d&rsquo;administration d&rsquo;Autisme-Europe depuis 1986 et vice-pr\u00e9sidente d&rsquo;Autisme-Europe de 1990 \u00e0 2008. &hellip; <\/p>\n<p class=\"link-more\"><a href=\"https:\/\/www.autismeurope.org\/fr\/blog\/2021\/11\/23\/a-la-memoire-de-la-prof-isabel-cottinelli-telmo-1930-2021\/\" class=\"more-link\">Continue reading<span class=\"screen-reader-text\"> \u00ab\u00a0A la m\u00e9moire de la Prof. Isabel Cottinelli Telmo (1930-2021)\u00a0\u00bb<\/span><\/a><\/p>\n","protected":false},"author":32,"featured_media":46369,"comment_status":"closed","ping_status":"closed","sticky":false,"template":"","format":"standard","meta":{"_acf_changed":false,"_bbp_topic_count":0,"_bbp_reply_count":0,"_bbp_total_topic_count":0,"_bbp_total_reply_count":0,"_bbp_voice_count":0,"_bbp_anonymous_reply_count":0,"_bbp_topic_count_hidden":0,"_bbp_reply_count_hidden":0,"_bbp_forum_subforum_count":0,"footnotes":""},"categories":[95],"tags":[],"class_list":["post-46373","post","type-post","status-publish","format-standard","has-post-thumbnail","hentry","category-news-fr"],"acf":[],"_links":{"self":[{"href":"https:\/\/www.autismeurope.org\/fr\/wp-json\/wp\/v2\/posts\/46373","targetHints":{"allow":["GET"]}}],"collection":[{"href":"https:\/\/www.autismeurope.org\/fr\/wp-json\/wp\/v2\/posts"}],"about":[{"href":"https:\/\/www.autismeurope.org\/fr\/wp-json\/wp\/v2\/types\/post"}],"author":[{"embeddable":true,"href":"https:\/\/www.autismeurope.org\/fr\/wp-json\/wp\/v2\/users\/32"}],"replies":[{"embeddable":true,"href":"https:\/\/www.autismeurope.org\/fr\/wp-json\/wp\/v2\/comments?post=46373"}],"version-history":[{"count":1,"href":"https:\/\/www.autismeurope.org\/fr\/wp-json\/wp\/v2\/posts\/46373\/revisions"}],"predecessor-version":[{"id":46374,"href":"https:\/\/www.autismeurope.org\/fr\/wp-json\/wp\/v2\/posts\/46373\/revisions\/46374"}],"wp:featuredmedia":[{"embeddable":true,"href":"https:\/\/www.autismeurope.org\/fr\/wp-json\/wp\/v2\/media\/46369"}],"wp:attachment":[{"href":"https:\/\/www.autismeurope.org\/fr\/wp-json\/wp\/v2\/media?parent=46373"}],"wp:term":[{"taxonomy":"category","embeddable":true,"href":"https:\/\/www.autismeurope.org\/fr\/wp-json\/wp\/v2\/categories?post=46373"},{"taxonomy":"post_tag","embeddable":true,"href":"https:\/\/www.autismeurope.org\/fr\/wp-json\/wp\/v2\/tags?post=46373"}],"curies":[{"name":"wp","href":"https:\/\/api.w.org\/{rel}","templated":true}]}}