{"id":46430,"date":"2021-12-08T15:50:40","date_gmt":"2021-12-08T14:50:40","guid":{"rendered":"https:\/\/www.autismeurope.org\/fr\/?p=46430"},"modified":"2021-12-16T16:36:04","modified_gmt":"2021-12-16T15:36:04","slug":"la-journee-europeenne-des-personnes-handicapees-axee-sur-la-sante-la-numerisation-les-enfants-et-laccessibilite","status":"publish","type":"post","link":"https:\/\/www.autismeurope.org\/fr\/blog\/2021\/12\/08\/la-journee-europeenne-des-personnes-handicapees-axee-sur-la-sante-la-numerisation-les-enfants-et-laccessibilite\/","title":{"rendered":"La Journ\u00e9e europ\u00e9enne des personnes handicap\u00e9es ax\u00e9e sur la sant\u00e9, la num\u00e9risation, les enfants et l\u2019accessibilit\u00e9"},"content":{"rendered":"<blockquote><p><span style=\"font-size: 12pt\"><strong>\u00c0 l&rsquo;occasion de la Journ\u00e9e internationale des personnes handicap\u00e9es du 3 d\u00e9cembre, la Commission europ\u00e9enne et le Forum europ\u00e9en des personnes handicap\u00e9es (FEPH), dont Autisme-Europe est membre effectif. L&rsquo;\u00e9v\u00e9nement a \u00e9galement \u00e9t\u00e9 l&rsquo;occasion de r\u00e9compenser plusieurs villes de l&rsquo;Union europ\u00e9enne qui s&rsquo;efforcent d&rsquo;am\u00e9liorer leur accessibilit\u00e9.<\/strong><\/span><\/p><\/blockquote>\n<p><span style=\"font-size: 12pt\">Helena Dalli, commissaire europ\u00e9enne \u00e0 l&rsquo;\u00e9galit\u00e9 de Malte, a pr\u00e9sent\u00e9 le programme de deux jours aux c\u00f4t\u00e9s du pr\u00e9sident du FEPH, Yannis Vardakastanis, et d&rsquo;un repr\u00e9sentant de la pr\u00e9sidence slov\u00e8ne du Conseil de l&rsquo;Union europ\u00e9enne. Parmi les intervenants figuraient des repr\u00e9sentants des Nations unies, de l&rsquo;Organisation mondiale de la sant\u00e9, des directions g\u00e9n\u00e9rales de la Commission europ\u00e9enne charg\u00e9es des affaires sociales et de l&rsquo;inclusion, de la sant\u00e9 et de la s\u00e9curit\u00e9 alimentaire, ainsi que divers groupes de repr\u00e9sentation des personnes handicap\u00e9es, des familles et des enfants, des experts, des universitaires et des professionnels. Cette ann\u00e9e, l&rsquo;\u00e9v\u00e9nement \u00e9tait ax\u00e9 sur trois questions : l&rsquo;acc\u00e8s aux soins de sant\u00e9, la mani\u00e8re dont la transition num\u00e9rique peut b\u00e9n\u00e9ficier aux personnes handicap\u00e9es, et les enfants handicap\u00e9s. Ces questions essentielles ont toutes \u00e9t\u00e9 exacerb\u00e9es pendant la pand\u00e9mie de COVID-19 toujours en cours.<\/span><\/p>\n<p><span style=\"font-size: 12pt\"><strong>Discussion sur la sant\u00e9, la num\u00e9risation et la situation des enfants<\/strong><\/span><\/p>\n<p><span style=\"font-size: 12pt\">Lors de la Journ\u00e9e europ\u00e9enne des personnes handicap\u00e9es, Autisme-Europe et plusieurs auto-repr\u00e9sentants autistes ont soulign\u00e9 les besoins sp\u00e9cifiques des personnes autistes en mati\u00e8re de soins de sant\u00e9. En outre, dans le cadre de sa campagne europ\u00e9enne bisannuelle sur l&rsquo;acc\u00e8s \u00e0 l&rsquo;\u00e9ducation et \u00e0 l&#8217;emploi des personnes autistes, qui s&rsquo;ach\u00e8vera cette ann\u00e9e, Autisme-Europe a lanc\u00e9 une enqu\u00eate sur les bonnes pratiques en mati\u00e8re d&rsquo;\u00e9ducation pour les apprenants autistes.<\/span><\/p>\n<p><span style=\"font-size: 12pt\">La mise en \u0153uvre de la Strat\u00e9gie europ\u00e9enne pour les droits des personnes handicap\u00e9es 2021-2030, publi\u00e9e par la Commission europ\u00e9enne en mars 2021, \u00e9taient au c\u0153ur du d\u00e9bat. Autisme-Europe, dans sa r\u00e9ponse exhaustive, a salu\u00e9 la strat\u00e9gie et appel\u00e9 \u00e0 la traduction de cette derni\u00e8re en actions r\u00e9elles et concr\u00e8tes, n\u00e9cessaires pour am\u00e9liorer la situation des personnes autistes et de leurs familles.<\/span><\/p>\n<p><span style=\"font-size: 12pt\"><strong>La c\u00e9r\u00e9monie de remise des Access City Awards europ\u00e9ens<\/strong><\/span><\/p>\n<p><span style=\"font-size: 12pt\">Le point saillant de la Journ\u00e9e europ\u00e9enne des personnes handicap\u00e9es a sans aucun doute \u00e9t\u00e9 la 12e \u00e9dition des EU Access City Awards r\u00e9compensant les villes qui s&rsquo;efforcent continuellement de devenir plus accessibles aux personnes handicap\u00e9es et aux personnes \u00e2g\u00e9es.<\/span><\/p>\n<p><span style=\"font-size: 12pt\">Le laur\u00e9at du prix de cette ann\u00e9e, pr\u00e9sent\u00e9 par la commissaire Dalli, est la ville de Luxembourg, capitale du Luxembourg, reconnue pour son ferme engagement en faveur de l&rsquo;accessibilit\u00e9 pour tous, ses campagnes de sensibilisation du public et son approche globale de la conception universelle.<\/span><\/p>\n<p><span style=\"font-size: 12pt\">Helsinki, la capitale de la Finlande, a remport\u00e9 le deuxi\u00e8me prix gr\u00e2ce \u00e0 son plan d&rsquo;accessibilit\u00e9 \u00e9tabli depuis 2005, qui adopte une approche globale pour d\u00e9velopper des installations et des services publics accessibles. Autisme-Europe se f\u00e9licite tout particuli\u00e8rement du fait que <a href=\"https:\/\/twitter.com\/AutismEurope\/status\/1466770922526982145\">Helsinki accorde une attention particuli\u00e8re aux besoins de sa population neurodiversifi\u00e9e dans ses efforts pour rendre la ville accessible \u00e0 tous<\/a>.<\/span><\/p>\n<p><span style=\"font-size: 12pt\">Le troisi\u00e8me prix a \u00e9t\u00e9 attribu\u00e9 \u00e0 la ville de Barcelone, en Espagne, pour son plan d&rsquo;accessibilit\u00e9 bas\u00e9 sur une analyse d\u00e9taill\u00e9e de l&rsquo;accessibilit\u00e9 de ses espaces, installations et services publics.<\/span><\/p>\n<p><span style=\"font-size: 12pt\">Ont obtenu une mention sp\u00e9ciale Porto, au Portugal, Palma de Majorque, en Espagne, et Louvain, en Belgique. <a href=\"https:\/\/twitter.com\/AutismEurope\/status\/1466768339460665346\">Autisme-Europe f\u00e9licite Louvain pour avoir mis en place des cr\u00e9neaux horaires \u00e0 faible stimulation lors de ses foires annuelles et pour avoir consult\u00e9 des experts en autisme afin de rendre la ville plus accessible<\/a>.<\/span><\/p>\n<p><span style=\"font-size: 12pt\"><a href=\"https:\/\/ec.europa.eu\/social\/main.jsp?langId=en&amp;catId=88&amp;eventsId=1919&amp;furtherEvents=yes\">En savoir plus<\/a><\/span><\/p>\n","protected":false},"excerpt":{"rendered":"<p>\u00c0 l&rsquo;occasion de la Journ\u00e9e internationale des personnes handicap\u00e9es du 3 d\u00e9cembre, la Commission europ\u00e9enne et le Forum europ\u00e9en des personnes handicap\u00e9es (FEPH), dont Autisme-Europe est membre effectif. L&rsquo;\u00e9v\u00e9nement a &hellip; <\/p>\n<p class=\"link-more\"><a href=\"https:\/\/www.autismeurope.org\/fr\/blog\/2021\/12\/08\/la-journee-europeenne-des-personnes-handicapees-axee-sur-la-sante-la-numerisation-les-enfants-et-laccessibilite\/\" class=\"more-link\">Continue reading<span class=\"screen-reader-text\"> \u00ab\u00a0La Journ\u00e9e europ\u00e9enne des personnes handicap\u00e9es ax\u00e9e sur la sant\u00e9, la num\u00e9risation, les enfants et l\u2019accessibilit\u00e9\u00a0\u00bb<\/span><\/a><\/p>\n","protected":false},"author":32,"featured_media":46382,"comment_status":"closed","ping_status":"closed","sticky":false,"template":"","format":"standard","meta":{"_acf_changed":false,"_bbp_topic_count":0,"_bbp_reply_count":0,"_bbp_total_topic_count":0,"_bbp_total_reply_count":0,"_bbp_voice_count":0,"_bbp_anonymous_reply_count":0,"_bbp_topic_count_hidden":0,"_bbp_reply_count_hidden":0,"_bbp_forum_subforum_count":0,"footnotes":""},"categories":[95],"tags":[],"class_list":["post-46430","post","type-post","status-publish","format-standard","has-post-thumbnail","hentry","category-news-fr"],"acf":[],"_links":{"self":[{"href":"https:\/\/www.autismeurope.org\/fr\/wp-json\/wp\/v2\/posts\/46430","targetHints":{"allow":["GET"]}}],"collection":[{"href":"https:\/\/www.autismeurope.org\/fr\/wp-json\/wp\/v2\/posts"}],"about":[{"href":"https:\/\/www.autismeurope.org\/fr\/wp-json\/wp\/v2\/types\/post"}],"author":[{"embeddable":true,"href":"https:\/\/www.autismeurope.org\/fr\/wp-json\/wp\/v2\/users\/32"}],"replies":[{"embeddable":true,"href":"https:\/\/www.autismeurope.org\/fr\/wp-json\/wp\/v2\/comments?post=46430"}],"version-history":[{"count":1,"href":"https:\/\/www.autismeurope.org\/fr\/wp-json\/wp\/v2\/posts\/46430\/revisions"}],"predecessor-version":[{"id":46431,"href":"https:\/\/www.autismeurope.org\/fr\/wp-json\/wp\/v2\/posts\/46430\/revisions\/46431"}],"wp:featuredmedia":[{"embeddable":true,"href":"https:\/\/www.autismeurope.org\/fr\/wp-json\/wp\/v2\/media\/46382"}],"wp:attachment":[{"href":"https:\/\/www.autismeurope.org\/fr\/wp-json\/wp\/v2\/media?parent=46430"}],"wp:term":[{"taxonomy":"category","embeddable":true,"href":"https:\/\/www.autismeurope.org\/fr\/wp-json\/wp\/v2\/categories?post=46430"},{"taxonomy":"post_tag","embeddable":true,"href":"https:\/\/www.autismeurope.org\/fr\/wp-json\/wp\/v2\/tags?post=46430"}],"curies":[{"name":"wp","href":"https:\/\/api.w.org\/{rel}","templated":true}]}}