{"id":46434,"date":"2021-10-21T16:10:23","date_gmt":"2021-10-21T14:10:23","guid":{"rendered":"https:\/\/www.autismeurope.org\/fr\/?p=46434"},"modified":"2021-12-16T16:35:19","modified_gmt":"2021-12-16T15:35:19","slug":"ae-council-of-administration-meets-to-discuss-upcoming-priorities-le-conseil-dadministration-dae-se-reunit-pour-discuter-des-prochaines-priorites","status":"publish","type":"post","link":"https:\/\/www.autismeurope.org\/fr\/blog\/2021\/10\/21\/ae-council-of-administration-meets-to-discuss-upcoming-priorities-le-conseil-dadministration-dae-se-reunit-pour-discuter-des-prochaines-priorites\/","title":{"rendered":"AE council of administration meets to discuss upcoming priorities Le Conseil d\u2019Administration d\u2019AE se r\u00e9unit pour discuter des prochaines priorit\u00e9s"},"content":{"rendered":"<blockquote><p><span style=\"font-size: 12pt\"><strong>Les 16 et 17 octobre, Autisme-Europe (AE) a tenu son deuxi\u00e8me Conseil d&rsquo;administration (CA) de 2021. <\/strong><strong>Une quarantaine de d\u00e9l\u00e9gu\u00e9s d&rsquo;associations-membres de toute l&rsquo;Europe se sont r\u00e9unis pour discuter de sujets cl\u00e9s tels que la mise en \u0153uvre du programme de travail d&rsquo;AE en 2021 et les priorit\u00e9s pour notre prochain programme de travail et nos campagnes \u00e0 venir. Le Conseil d&rsquo;administration d&rsquo;AE s&rsquo;est \u00e9galement r\u00e9joui d&rsquo;accueillir un nouveau membre.<\/strong><\/span><\/p><\/blockquote>\n<p><span style=\"font-size: 12pt\">Lors de la premi\u00e8re journ\u00e9e du CA, les membres ont \u00e9t\u00e9 inform\u00e9s des mises \u00e0 jour du programme de travail d&rsquo;AE de 2021. Ces mises \u00e0 jour concernaient, notamment, la participation d&rsquo;AE \u00e0 diverses consultations avec la Commission europ\u00e9enne et sa collaboration avec diverses coalitions (par exemple, le FEPH, le groupe d&rsquo;experts europ\u00e9ens sur la d\u00e9sinstitutionnalisation et la vie en communaut\u00e9 EEG, COFACE et la Plateforme sociale). Aur\u00e9lie Baranger, directrice d&rsquo;AE, a \u00e9galement pr\u00e9sent\u00e9 les priorit\u00e9s et le plan d&rsquo;action provisoire pour la p\u00e9riode 2022-2025.<\/span><\/p>\n<p><span style=\"font-size: 12pt\">Le Conseil d\u2019administration a accueilli un nouveau membre par cooptation. Il s&rsquo;agit de Kathe Bjerggaard Johansen, pr\u00e9sidente du Conseil d&rsquo;administration de <a href=\"https:\/\/www.autismeforening.dk\/\"><strong>Landsforeningen<\/strong><\/a> Autisme du Danemark. Par ailleurs, lors de la r\u00e9union, les nouveaux membres du personnel d&rsquo;AE ont \u00e9t\u00e9 pr\u00e9sent\u00e9s au Conseil. Consultez la <a href=\"https:\/\/www.autismeurope.org\/who-we-are\/our-structure\/staff\/\"><strong>section du personnel<\/strong><\/a> pour en savoir plus.<\/span><\/p>\n<p><span style=\"font-size: 12pt\">AE a pr\u00e9sent\u00e9 des enqu\u00eates sur les priorit\u00e9s politiques de l\u2019UE, men\u00e9es dans le cadre du projet AIMS-2-trials. Les r\u00e9sultats de ces sondages serviront d\u2019instruments cl\u00e9s pour fa\u00e7onner la politique de l&rsquo;UE en permettant d\u2019identifier les priorit\u00e9s de la communaut\u00e9 autistique.<\/span><\/p>\n<p><span style=\"font-size: 12pt\"><a href=\"https:\/\/www.autismeurope.org\/blog\/2021\/09\/27\/surveys-policy-priorities-and-access-to-services-for-autistic-people-across-europe\/\"><strong>En savoir plus sur les enqu\u00eate d\u2019AIMS-2 trials<\/strong><\/a><\/span><\/p>\n<p><span style=\"font-size: 12pt\">La Fondation JiM, l\u2019organisation h\u00f4te du prochain congr\u00e8s international d\u2019AE qui aura lieu en octobre 2022, a inform\u00e9 le Conseil d\u2019importantes mises jour. Le site web est d\u00e9j\u00e0 disponible et les inscriptions seront bient\u00f4t ouvertes !<\/span><\/p>\n<p><span style=\"font-size: 12pt\"><a href=\"https:\/\/autismcongress2022.org\/\"><strong>Visiter le site web du congr\u00e8s<\/strong><\/a><\/span><\/p>\n<p><span style=\"font-size: 12pt\">AE a pr\u00e9sent\u00e9 l&rsquo;initiative phare de la Commission europ\u00e9enne qui consiste \u00e0 rendre la carte europ\u00e9enne d&rsquo;invalidit\u00e9 disponible dans tous les Etats membres de l&rsquo;UE, suite au projet pilote men\u00e9 dans 8 pays. Certains membres ont pris la parole pour partager leur exp\u00e9rience relative au programme pilote dans leurs pays respectifs. Les membres ont \u00e9galement abord\u00e9 la n\u00e9cessit\u00e9 de promouvoir une d\u00e9finition commune du \u00ab\u00a0handicap\u00a0\u00bb au niveau de l&rsquo;UE et de veiller \u00e0 ce que le diagnostic de l&rsquo;autisme soit mutuellement reconnu dans tous les pays de l&rsquo;UE.<\/span><\/p>\n<p><span style=\"font-size: 12pt\">L&rsquo;ordre du jour de la deuxi\u00e8me journ\u00e9e \u00e9tait ax\u00e9 sur le format des futures campagnes d&rsquo;AE. De plus amples informations sur la prochaine campagne seront communiqu\u00e9es prochainement !<\/span><\/p>\n","protected":false},"excerpt":{"rendered":"<p>Les 16 et 17 octobre, Autisme-Europe (AE) a tenu son deuxi\u00e8me Conseil d&rsquo;administration (CA) de 2021. Une quarantaine de d\u00e9l\u00e9gu\u00e9s d&rsquo;associations-membres de toute l&rsquo;Europe se sont r\u00e9unis pour discuter de &hellip; <\/p>\n<p class=\"link-more\"><a href=\"https:\/\/www.autismeurope.org\/fr\/blog\/2021\/10\/21\/ae-council-of-administration-meets-to-discuss-upcoming-priorities-le-conseil-dadministration-dae-se-reunit-pour-discuter-des-prochaines-priorites\/\" class=\"more-link\">Continue reading<span class=\"screen-reader-text\"> \u00ab\u00a0AE council of administration meets to discuss upcoming priorities Le Conseil d\u2019Administration d\u2019AE se r\u00e9unit pour discuter des prochaines priorit\u00e9s\u00a0\u00bb<\/span><\/a><\/p>\n","protected":false},"author":32,"featured_media":46351,"comment_status":"closed","ping_status":"closed","sticky":false,"template":"","format":"standard","meta":{"_acf_changed":false,"_bbp_topic_count":0,"_bbp_reply_count":0,"_bbp_total_topic_count":0,"_bbp_total_reply_count":0,"_bbp_voice_count":0,"_bbp_anonymous_reply_count":0,"_bbp_topic_count_hidden":0,"_bbp_reply_count_hidden":0,"_bbp_forum_subforum_count":0,"footnotes":""},"categories":[95],"tags":[],"class_list":["post-46434","post","type-post","status-publish","format-standard","has-post-thumbnail","hentry","category-news-fr"],"acf":[],"_links":{"self":[{"href":"https:\/\/www.autismeurope.org\/fr\/wp-json\/wp\/v2\/posts\/46434","targetHints":{"allow":["GET"]}}],"collection":[{"href":"https:\/\/www.autismeurope.org\/fr\/wp-json\/wp\/v2\/posts"}],"about":[{"href":"https:\/\/www.autismeurope.org\/fr\/wp-json\/wp\/v2\/types\/post"}],"author":[{"embeddable":true,"href":"https:\/\/www.autismeurope.org\/fr\/wp-json\/wp\/v2\/users\/32"}],"replies":[{"embeddable":true,"href":"https:\/\/www.autismeurope.org\/fr\/wp-json\/wp\/v2\/comments?post=46434"}],"version-history":[{"count":1,"href":"https:\/\/www.autismeurope.org\/fr\/wp-json\/wp\/v2\/posts\/46434\/revisions"}],"predecessor-version":[{"id":46435,"href":"https:\/\/www.autismeurope.org\/fr\/wp-json\/wp\/v2\/posts\/46434\/revisions\/46435"}],"wp:featuredmedia":[{"embeddable":true,"href":"https:\/\/www.autismeurope.org\/fr\/wp-json\/wp\/v2\/media\/46351"}],"wp:attachment":[{"href":"https:\/\/www.autismeurope.org\/fr\/wp-json\/wp\/v2\/media?parent=46434"}],"wp:term":[{"taxonomy":"category","embeddable":true,"href":"https:\/\/www.autismeurope.org\/fr\/wp-json\/wp\/v2\/categories?post=46434"},{"taxonomy":"post_tag","embeddable":true,"href":"https:\/\/www.autismeurope.org\/fr\/wp-json\/wp\/v2\/tags?post=46434"}],"curies":[{"name":"wp","href":"https:\/\/api.w.org\/{rel}","templated":true}]}}