{"id":46437,"date":"2021-10-07T16:22:01","date_gmt":"2021-10-07T14:22:01","guid":{"rendered":"https:\/\/www.autismeurope.org\/fr\/?p=46437"},"modified":"2021-12-16T16:34:30","modified_gmt":"2021-12-16T15:34:30","slug":"le-parlement-europeen-approuve-les-lecons-tirees-des-petitions-emanant-de-personnes-handicapees","status":"publish","type":"post","link":"https:\/\/www.autismeurope.org\/fr\/blog\/2021\/10\/07\/le-parlement-europeen-approuve-les-lecons-tirees-des-petitions-emanant-de-personnes-handicapees\/","title":{"rendered":"Le Parlement europ\u00e9en approuve les le\u00e7ons tir\u00e9es des p\u00e9titions \u00e9manant de personnes handicap\u00e9es"},"content":{"rendered":"<blockquote><p><strong>Le 6 octobre, le Parlement europ\u00e9en (PE), r\u00e9uni en session pl\u00e9ni\u00e8re \u00e0 Strasbourg, a approuv\u00e9 un rapport sur les le\u00e7ons tir\u00e9es des p\u00e9titions \u00e9manant de personnes handicap\u00e9es. Autisme-Europe et Inclusion Europe ont cr\u00e9\u00e9 un r\u00e9sum\u00e9 facile \u00e0 lire (ETR) de ce rapport r\u00e9dig\u00e9 par le membre du Parlement europ\u00e9en (MPE) Alex Agius Saliba de la commission des p\u00e9titions du PE.<\/strong><\/p><\/blockquote>\n<p><span style=\"font-size: 12pt\">Le rapport a \u00e9t\u00e9 approuv\u00e9 par 579 d\u00e9put\u00e9s europ\u00e9ens, 12 contre et 92 abstentions. Le vote a \u00e9t\u00e9 pr\u00e9c\u00e9d\u00e9 d&rsquo;un d\u00e9bat d&rsquo;une heure en s\u00e9ance pl\u00e9ni\u00e8re, qui a eu lieu le 4 octobre, et auquel ont particip\u00e9 la commissaire europ\u00e9enne \u00e0 l&rsquo;\u00e9galit\u00e9, Helena Dalli ainsi que 22 d\u00e9put\u00e9s europ\u00e9ens de 16 \u00c9tats membres de l&rsquo;UE. Le rapporteur Agius Saliba, de Malte, et l&rsquo;eurod\u00e9put\u00e9 Jaros\u0142aw Duda, de Pologne, ont soulign\u00e9 dans leurs interventions respectives la n\u00e9cessit\u00e9 de rendre le rapport lui-m\u00eame accessible et ont tous deux remerci\u00e9 Autisme-Europe et Inclusion Europe d&rsquo;avoir produit une version ETR du rapport. L&rsquo;eurod\u00e9put\u00e9 Agius Saliba a mentionn\u00e9 sp\u00e9cifiquement les obstacles auxquels se heurtent les enfants autistes et ceux ayant un handicap intellectuel dans l&rsquo;\u00e9ducation.<\/span><\/p>\n<p><span style=\"font-size: 12pt\">Au d\u00e9but du d\u00e9bat, la commissaire Dalli a attir\u00e9 l&rsquo;attention sur la proposition de la Commission d\u2019une <a href=\"https:\/\/www.autismeurope.org\/blog\/2021\/03\/03\/eu-strategy-for-the-rights-of-persons-with-disabilities-2021-2030\/\"><strong>strat\u00e9gie europ\u00e9enne en faveur des droits des personnes handicap\u00e9es pour la p\u00e9riode 2021-2030<\/strong><\/a>, qui pr\u00e9voit notamment le lancement par la Commission d&rsquo;un centre de ressources Access EU en 2022 et l&rsquo;introduction de la carte europ\u00e9enne d&rsquo;invalidit\u00e9 d&rsquo;ici 2024. Au cours du d\u00e9bat, l\u2019eurod\u00e9put\u00e9 grec Stelios Kympouropoulos, l\u2019eurod\u00e9put\u00e9e allemande Katrin Langensiepen et l\u2019eurod\u00e9put\u00e9 hongrois \u00c1d\u00e1m K\u00f3sa ont d\u00e9plor\u00e9 le fait que tous les membres du Parlement europ\u00e9en ne pouvaient pas s&rsquo;exprimer depuis la tribune avant et ont appel\u00e9 \u00e0 une meilleure accessibilit\u00e9 de la session pl\u00e9ni\u00e8re du PE. En outre, l&rsquo;eurod\u00e9put\u00e9e Langensiepen a estim\u00e9 que le discours sur l&rsquo;\u00e9tat de l&rsquo;Union europ\u00e9enne prononc\u00e9 le 15 septembre 2021 par la pr\u00e9sidente de la Commission europ\u00e9enne, l&rsquo;Allemande Ursula von der Leyen, n&rsquo;\u00e9tait pas accessible \u00e0 tous les Europ\u00e9ens.<\/span><\/p>\n<p><span style=\"font-size: 12pt\">Au cours du d\u00e9bat, l&rsquo;eurod\u00e9put\u00e9 luxembourgeois Marc Angel a soulign\u00e9 la n\u00e9cessit\u00e9 de faire adopter par l&rsquo;Union europ\u00e9enne le protocole facultatif \u00e0 la CNUDPH, ce qui permettrait la participation effective des personnes handicap\u00e9es elles-m\u00eames. Sa coll\u00e8gue luxembourgeoise Tilly Metz a salu\u00e9 l&rsquo;initiative de la Commission europ\u00e9enne pour la carte europ\u00e9enne d&rsquo;invalidit\u00e9, et a appel\u00e9 le Conseil de l&rsquo;UE \u00e0 d\u00e9bloquer la directive anti-discrimination. L&rsquo;eurod\u00e9put\u00e9e fran\u00e7aise Sylvie Guillaume a d\u00e9plor\u00e9 que la pand\u00e9mie de COVID-19 ait exacerb\u00e9 les difficult\u00e9s rencontr\u00e9es par les personnes handicap\u00e9es. L&rsquo;eurod\u00e9put\u00e9 europ\u00e9en Salvatore de Meo, d&rsquo;Italie, s&rsquo;est montr\u00e9 particuli\u00e8rement attentif \u00e0 la lutte contre la violence \u00e0 l&rsquo;\u00e9gard des femmes handicap\u00e9es.<\/span><\/p>\n<p><span style=\"font-size: 12pt\">Pour revoir le d\u00e9bat du 4 octobre 2021, cliquer <a href=\"https:\/\/www.europarl.europa.eu\/plenary\/en\/vod.html?mode=chapter&amp;vodLanguage=EN&amp;vodId=2500ab93-1ee9-8eae-94a3-0181bda6cd30&amp;date=20211004\">ici<\/a>.<\/span><\/p>\n<p><span style=\"font-size: 12pt\"><strong>Pourquoi un d\u00e9bat ?<\/strong><\/span><\/p>\n<p><span style=\"font-size: 12pt\">Le rapporteur Agius Saliba a r\u00e9dig\u00e9 un rapport bas\u00e9 sur plusieurs p\u00e9titions \u00e9manant de personnes handicap\u00e9es et de leurs organisations repr\u00e9sentatives. Tout citoyen de l&rsquo;Union europ\u00e9enne peut adresser une p\u00e9tition \u00e0 la commission des p\u00e9titions du Parlement europ\u00e9en sur des questions relatives \u00e0 la l\u00e9gislation europ\u00e9enne et aux personnes respectivement concern\u00e9es par les p\u00e9titions. Le rapporteur Agius Saliba est membre de la commission des p\u00e9titions.\u00b2<\/span><\/p>\n<p><span style=\"font-size: 12pt\">Le rapporteur a demand\u00e9 \u00e0 Autisme-Europe et \u00e0 Inclusion-Europe de produire un r\u00e9sum\u00e9 facile-\u00e0-lire de son rapport apr\u00e8s avoir pris connaissance que ces deux organisations avait rendu un <a href=\"https:\/\/www.autismeurope.org\/blog\/2021\/03\/12\/european-parliament-calls-for-equal-treatment-in-employment-of-people-with-disabilities\/\">rapport sur l&#8217;emploi des personnes handicap\u00e9es disponible en version facile \u00e0 lire<\/a>. Il a salu\u00e9 les progr\u00e8s r\u00e9alis\u00e9s pour rendre les activit\u00e9s du PE plus accessibles aux personnes handicap\u00e9es.<\/span><\/p>\n<p><span style=\"font-size: 12pt\"><strong>Que pr\u00e9conise le rapport\u00a0?<\/strong><\/span><\/p>\n<p><span style=\"font-size: 12pt\">Le rapport pr\u00e9conise la participation pleine et enti\u00e8re des personnes handicap\u00e9es \u00e0 la soci\u00e9t\u00e9. Il recommande en outre la libre circulation et une meilleure accessibilit\u00e9 pour les personnes handicap\u00e9es. Le rapport appelle \u00e9galement \u00e0 lutter contre la discrimination \u00e0 l&rsquo;\u00e9gard des personnes handicap\u00e9es. En particulier, il demande que des mesures suppl\u00e9mentaires soient prises pour am\u00e9liorer l&rsquo;acc\u00e8s des personnes handicap\u00e9es \u00e0 l&#8217;emploi et aux services sociaux. Les fonds europ\u00e9ens devraient \u00eatre utilis\u00e9s pour promouvoir l&rsquo;inclusion et la vie dans la communaut\u00e9. Le rapport souligne \u00e9galement la n\u00e9cessit\u00e9 de la num\u00e9risation pour favoriser l&rsquo;inclusion des personnes handicap\u00e9es. Il appelle \u00e0 un renforcement de la recherche, \u00e0 une \u00e9ducation de meilleure qualit\u00e9 et plus inclusive et \u00e0 la protection des droits des femmes handicap\u00e9es.<\/span><\/p>\n<p><span style=\"font-size: 12pt\">Vous trouverez <a href=\"https:\/\/www.europarl.europa.eu\/doceo\/document\/A-9-2021-0261_EN.pdf\">ici<\/a> le rapport sur le\u00e7ons relatives \u00e0 la la protection des personnes handicap\u00e9es tir\u00e9es des p\u00e9titions (le r\u00e9sum\u00e9 facile \u00e0 lire se trouve aux pages 36 \u00e0 39).<\/span><\/p>\n","protected":false},"excerpt":{"rendered":"<p>Le 6 octobre, le Parlement europ\u00e9en (PE), r\u00e9uni en session pl\u00e9ni\u00e8re \u00e0 Strasbourg, a approuv\u00e9 un rapport sur les le\u00e7ons tir\u00e9es des p\u00e9titions \u00e9manant de personnes handicap\u00e9es. Autisme-Europe et Inclusion &hellip; <\/p>\n<p class=\"link-more\"><a href=\"https:\/\/www.autismeurope.org\/fr\/blog\/2021\/10\/07\/le-parlement-europeen-approuve-les-lecons-tirees-des-petitions-emanant-de-personnes-handicapees\/\" class=\"more-link\">Continue reading<span class=\"screen-reader-text\"> \u00ab\u00a0Le Parlement europ\u00e9en approuve les le\u00e7ons tir\u00e9es des p\u00e9titions \u00e9manant de personnes handicap\u00e9es\u00a0\u00bb<\/span><\/a><\/p>\n","protected":false},"author":32,"featured_media":46322,"comment_status":"closed","ping_status":"closed","sticky":false,"template":"","format":"standard","meta":{"_acf_changed":false,"_bbp_topic_count":0,"_bbp_reply_count":0,"_bbp_total_topic_count":0,"_bbp_total_reply_count":0,"_bbp_voice_count":0,"_bbp_anonymous_reply_count":0,"_bbp_topic_count_hidden":0,"_bbp_reply_count_hidden":0,"_bbp_forum_subforum_count":0,"footnotes":""},"categories":[95],"tags":[],"class_list":["post-46437","post","type-post","status-publish","format-standard","has-post-thumbnail","hentry","category-news-fr"],"acf":[],"_links":{"self":[{"href":"https:\/\/www.autismeurope.org\/fr\/wp-json\/wp\/v2\/posts\/46437","targetHints":{"allow":["GET"]}}],"collection":[{"href":"https:\/\/www.autismeurope.org\/fr\/wp-json\/wp\/v2\/posts"}],"about":[{"href":"https:\/\/www.autismeurope.org\/fr\/wp-json\/wp\/v2\/types\/post"}],"author":[{"embeddable":true,"href":"https:\/\/www.autismeurope.org\/fr\/wp-json\/wp\/v2\/users\/32"}],"replies":[{"embeddable":true,"href":"https:\/\/www.autismeurope.org\/fr\/wp-json\/wp\/v2\/comments?post=46437"}],"version-history":[{"count":2,"href":"https:\/\/www.autismeurope.org\/fr\/wp-json\/wp\/v2\/posts\/46437\/revisions"}],"predecessor-version":[{"id":46439,"href":"https:\/\/www.autismeurope.org\/fr\/wp-json\/wp\/v2\/posts\/46437\/revisions\/46439"}],"wp:featuredmedia":[{"embeddable":true,"href":"https:\/\/www.autismeurope.org\/fr\/wp-json\/wp\/v2\/media\/46322"}],"wp:attachment":[{"href":"https:\/\/www.autismeurope.org\/fr\/wp-json\/wp\/v2\/media?parent=46437"}],"wp:term":[{"taxonomy":"category","embeddable":true,"href":"https:\/\/www.autismeurope.org\/fr\/wp-json\/wp\/v2\/categories?post=46437"},{"taxonomy":"post_tag","embeddable":true,"href":"https:\/\/www.autismeurope.org\/fr\/wp-json\/wp\/v2\/tags?post=46437"}],"curies":[{"name":"wp","href":"https:\/\/api.w.org\/{rel}","templated":true}]}}