{"id":46458,"date":"2021-12-21T18:04:14","date_gmt":"2021-12-21T17:04:14","guid":{"rendered":"https:\/\/www.autismeurope.org\/fr\/?p=46458"},"modified":"2021-12-21T18:04:14","modified_gmt":"2021-12-21T17:04:14","slug":"nouveaux-appels-a-propositions-publies-dans-le-cadre-des-programmes-cerv-et-justice","status":"publish","type":"post","link":"https:\/\/www.autismeurope.org\/fr\/blog\/2021\/12\/21\/nouveaux-appels-a-propositions-publies-dans-le-cadre-des-programmes-cerv-et-justice\/","title":{"rendered":"Nouveaux appels \u00e0 propositions publi\u00e9s dans le cadre des programmes CERV et JUSTICE"},"content":{"rendered":"<blockquote><p><span style=\"font-size: 12pt\"><strong>L&rsquo;Union europ\u00e9enne a publi\u00e9 de nouvelles opportunit\u00e9s de financement pour les organisations de la soci\u00e9t\u00e9 civile de toute l&rsquo;Europe. Dans le cadre des nouveaux appels \u00e0 propositions du programme \u00ab\u00a0Citoyens, \u00e9galit\u00e9, droits et valeurs\u00a0\u00bb (CERV), ax\u00e9s sur les valeurs de l\u2019Union, 51 millions d&rsquo;euros sont mis \u00e0 disposition pour soutenir les organisations de locales et r\u00e9gionales de la soci\u00e9t\u00e9 civile. A noter \u00e9galement le tout premier appel visant \u00e0 soutenir la formation et la sensibilisation \u00e0 la Charte des droits fondamentaux de l&rsquo;UE et aux litiges strat\u00e9giques. Dans le cadre du programme JUSTICE, les professionnels de la justice <\/strong><strong>. Au total, en 2022, 143,4 millions seront disponibles pour le programme CERV et 13,3 millions pour le programme JUSTICE.<\/strong><\/span><\/p><\/blockquote>\n<p><span style=\"font-size: 12pt\">Certains de ces appels peuvent soutenir des actions men\u00e9es par des organisations de l&rsquo;autisme aux niveaux national et r\u00e9gional.\u00a0 Pour en savoir plus sur ces appels et postuler pour une ou plusieurs de ces opportunit\u00e9s de financement, r\u00e9f\u00e9rez-vous aux informations ci-dessous.<\/span><\/p>\n<p><span style=\"font-size: 12pt\">Pour consulter la liste de tous les appels \u00e0 propositions et en savoir plus, <a href=\"https:\/\/ec.europa.eu\/newsroom\/just\/items\/728082\/en\" target=\"_blank\" rel=\"noopener\">cliquez ici.<\/a>\u00a0<\/span><\/p>\n<p>&nbsp;<\/p>\n<p><strong>APPELS A PROPOSITION DANS LE CADRE DU PROGRAMME CERV<\/strong><\/p>\n<ol>\n<li><span style=\"font-size: 12pt\"> Appel \u00e0 propositions visant \u00e0 promouvoir le renforcement des capacit\u00e9s et la sensibilisation \u00e0 la Charte des droits fondamentaux de l&rsquo;UE et aux activit\u00e9s de litiges strat\u00e9giques en mati\u00e8re de d\u00e9mocratie, d&rsquo;\u00c9tat de droit et de violations des droits fondamentaux.<\/span><\/li>\n<li><span style=\"font-size: 12pt\"> Appel \u00e0 propositions pour des subventions d\u2019action visant \u00e0 promouvoir et \u00e0 prot\u00e9ger les valeurs de l&rsquo;Union<\/span><\/li>\n<li><span style=\"font-size: 12pt\"> Appel \u00e0 propositions sur l&rsquo;engagement et la participation des citoyens<\/span><\/li>\n<li><span style=\"font-size: 12pt\"> Appels \u00e0 propositions sur les jumelages de villes et les r\u00e9seaux de villes<\/span><\/li>\n<li><span style=\"font-size: 12pt\"> Appel \u00e0 propositions sur la m\u00e9moire europ\u00e9enne<\/span><\/li>\n<li><span style=\"font-size: 12pt\"> Appel \u00e0 propositions pour la promotion de l&rsquo;\u00e9galit\u00e9 et la lutte contre le racisme, la x\u00e9nophobie et la discrimination<\/span><\/li>\n<li><span style=\"font-size: 12pt\"> Appel \u00e0 propositions pour la promotion de l&rsquo;\u00e9galit\u00e9 des sexes<\/span><\/li>\n<li><span style=\"font-size: 12pt\"> Appel \u00e0 propositions pour pr\u00e9venir et combattre la violence fond\u00e9e sur le genre et la violence faite aux enfants<\/span><\/li>\n<li><span style=\"font-size: 12pt\"> Appel \u00e0 propositions pour prot\u00e9ger et promouvoir les droits de l&rsquo;enfant<\/span><\/li>\n<li><span style=\"font-size: 12pt\"> Appel \u00e0 propositions limit\u00e9\/restreint aux points de contact nationaux roms.<br \/>\n<\/span><\/li>\n<\/ol>\n<p><strong>APPELS A PROPOSITIONS DANS LE CADRE DU PROGRAMME JUSTICE<\/strong><\/p>\n<ol>\n<li><span style=\"font-size: 12pt\"> Appel \u00e0 propositions pour des subventions d&rsquo;action visant \u00e0 promouvoir la coop\u00e9ration judiciaire en mati\u00e8re civile et p\u00e9nale<\/span><\/li>\n<li><span style=\"font-size: 12pt\"> Appel \u00e0 propositions pour des subventions d&rsquo;action visant \u00e0 soutenir des projets transnationaux de formation dans le domaine de la justice en mati\u00e8re de droit civil, de droit p\u00e9nal ou de droits fondamentaux.<\/span><\/li>\n<li><span style=\"font-size: 12pt\"> Appel \u00e0 propositions de subventions d&rsquo;action pour soutenir des projets nationaux ou transnationaux d&rsquo;e-Justice.<\/span><\/li>\n<\/ol>\n<p>Tenez compte du fait que chaque appel \u00e0 propositions \u00e0 une date limite diff\u00e9rente, allant de f\u00e9vrier \u00e0 mai 2022. Pour en savoir plus, cliquez ici.<\/p>\n<p>Ne manquez pas ces opportunit\u00e9s de financement !<\/p>\n","protected":false},"excerpt":{"rendered":"<p>L&rsquo;Union europ\u00e9enne a publi\u00e9 de nouvelles opportunit\u00e9s de financement pour les organisations de la soci\u00e9t\u00e9 civile de toute l&rsquo;Europe. Dans le cadre des nouveaux appels \u00e0 propositions du programme \u00ab\u00a0Citoyens, &hellip; <\/p>\n<p class=\"link-more\"><a href=\"https:\/\/www.autismeurope.org\/fr\/blog\/2021\/12\/21\/nouveaux-appels-a-propositions-publies-dans-le-cadre-des-programmes-cerv-et-justice\/\" class=\"more-link\">Continue reading<span class=\"screen-reader-text\"> \u00ab\u00a0Nouveaux appels \u00e0 propositions publi\u00e9s dans le cadre des programmes CERV et JUSTICE\u00a0\u00bb<\/span><\/a><\/p>\n","protected":false},"author":32,"featured_media":46442,"comment_status":"closed","ping_status":"closed","sticky":false,"template":"","format":"standard","meta":{"_acf_changed":false,"_bbp_topic_count":0,"_bbp_reply_count":0,"_bbp_total_topic_count":0,"_bbp_total_reply_count":0,"_bbp_voice_count":0,"_bbp_anonymous_reply_count":0,"_bbp_topic_count_hidden":0,"_bbp_reply_count_hidden":0,"_bbp_forum_subforum_count":0,"footnotes":""},"categories":[95],"tags":[],"class_list":["post-46458","post","type-post","status-publish","format-standard","has-post-thumbnail","hentry","category-news-fr"],"acf":[],"_links":{"self":[{"href":"https:\/\/www.autismeurope.org\/fr\/wp-json\/wp\/v2\/posts\/46458","targetHints":{"allow":["GET"]}}],"collection":[{"href":"https:\/\/www.autismeurope.org\/fr\/wp-json\/wp\/v2\/posts"}],"about":[{"href":"https:\/\/www.autismeurope.org\/fr\/wp-json\/wp\/v2\/types\/post"}],"author":[{"embeddable":true,"href":"https:\/\/www.autismeurope.org\/fr\/wp-json\/wp\/v2\/users\/32"}],"replies":[{"embeddable":true,"href":"https:\/\/www.autismeurope.org\/fr\/wp-json\/wp\/v2\/comments?post=46458"}],"version-history":[{"count":1,"href":"https:\/\/www.autismeurope.org\/fr\/wp-json\/wp\/v2\/posts\/46458\/revisions"}],"predecessor-version":[{"id":46459,"href":"https:\/\/www.autismeurope.org\/fr\/wp-json\/wp\/v2\/posts\/46458\/revisions\/46459"}],"wp:featuredmedia":[{"embeddable":true,"href":"https:\/\/www.autismeurope.org\/fr\/wp-json\/wp\/v2\/media\/46442"}],"wp:attachment":[{"href":"https:\/\/www.autismeurope.org\/fr\/wp-json\/wp\/v2\/media?parent=46458"}],"wp:term":[{"taxonomy":"category","embeddable":true,"href":"https:\/\/www.autismeurope.org\/fr\/wp-json\/wp\/v2\/categories?post=46458"},{"taxonomy":"post_tag","embeddable":true,"href":"https:\/\/www.autismeurope.org\/fr\/wp-json\/wp\/v2\/tags?post=46458"}],"curies":[{"name":"wp","href":"https:\/\/api.w.org\/{rel}","templated":true}]}}