{"id":46604,"date":"2022-01-19T15:28:15","date_gmt":"2022-01-19T14:28:15","guid":{"rendered":"https:\/\/www.autismeurope.org\/fr\/?p=46604"},"modified":"2022-03-07T15:31:23","modified_gmt":"2022-03-07T14:31:23","slug":"huit-espaces-accredites-amis-de-lautisme-a-malte","status":"publish","type":"post","link":"https:\/\/www.autismeurope.org\/fr\/blog\/2022\/01\/19\/huit-espaces-accredites-amis-de-lautisme-a-malte\/","title":{"rendered":"Huit espaces accr\u00e9dit\u00e9s amis de l\u2019autisme \u00e0 Malte"},"content":{"rendered":"<p><span style=\"font-size: 12pt\"><strong>Le 18 janvier 2022, huit espaces \u00e0 Malte ont \u00e9t\u00e9 certifi\u00e9s comme \u00e9tant adapt\u00e9s \u00e0 l&rsquo;autisme par l&rsquo;organisation non gouvernementale locale Prism Malta, en collaboration avec la Commission maltaise pour les droits des personnes handicap\u00e9es, l&rsquo;Agence pour la jeunesse A\u0121enzija \u017bg\u0127a\u017cag\u0127 et le minist\u00e8re maltais de l&rsquo;inclusion et du bien-\u00eatre social et des organisations de b\u00e9n\u00e9voles. Ces certifications sont attribu\u00e9es dans le cadre du projet europ\u00e9en Autism Friendly Spaces, dont AE est partenaire.<\/strong><\/span><\/p>\n<p><span style=\"font-size: 12pt\">Le fait que <a href=\"https:\/\/www.maltairport.com\/malta-international-airport-autism-quality-spaces-quality-label\/\">l&rsquo;a\u00e9roport international de Malte<\/a> ait re\u00e7u un prix en tant qu&rsquo;espace adapt\u00e9 \u00e0 l&rsquo;autisme a \u00e9t\u00e9 largement rapport\u00e9 dans la <a href=\"https:\/\/www.independent.com.mt\/articles\/2022-01-23\/newspaper-lifestyleculture\/Malta-International-Airport-awarded-the-Autism-Friendly-Spaces-quality-label-6736240025\">presse maltaise<\/a> et <a href=\"https:\/\/www.independent.com.mt\/articles\/2022-01-23\/newspaper-lifestyleculture\/Malta-International-Airport-awarded-the-Autism-Friendly-Spaces-quality-label-6736240025\">internationale<\/a>. Le prix a r\u00e9compens\u00e9 le programme \u00ab\u00a0<a href=\"https:\/\/www.maltairport.com\/passenger\/services\/autistic-passengers\/\">Facilitation du voyage pour les passagers autistes<\/a>\u00a0\u00bb, men\u00e9 depuis 2018. Les services \u00ab\u00a0amis de l\u2019autisme\u00a0\u00bb comprennent l&rsquo;aide \u00e0 la pr\u00e9paration de l&rsquo;enregistrement, ce qui inclut un service de portage et l\u2019utilisation de la voie rapide dans la zone centrale de contr\u00f4le de s\u00e9curit\u00e9, la mise \u00e0 disposition d&rsquo;une salle de calme, l&rsquo;accompagnement jusqu&rsquo;\u00e0 la porte d&#8217;embarquement et une assistance pour r\u00e9cup\u00e9rer les bagages. Avant de voyager, les passagers autistes peuvent utiliser un guide visuel pour les orienter, pas \u00e0 pas, dans le terminal.<\/span><\/p>\n<p><span style=\"font-size: 12pt\">Parmi les sept autres espaces r\u00e9compens\u00e9s figurait l&rsquo;Aquarium national de Malte, qui a mis en place un <a href=\"https:\/\/www.aquarium.com.mt\/visit\/hidden-disabilities\/\">programme pour les personnes qui ont un handicap invisible<\/a>, le <a href=\"https:\/\/www.aquarium.com.mt\/visit\/hidden-disabilities\/\">Hidden Disability Scheme<\/a>, afin de r\u00e9pondre aux besoins des visiteurs autistes ou ayant des troubles de d\u00e9veloppement ou d&rsquo;apprentissage. Dans le cadre de ce programme, l&rsquo;Aquarium pr\u00e9voit des heures d&rsquo;ouverture sp\u00e9ciales, des adaptations sonores, des sc\u00e9narios sociaux, des adaptations pour les visites scolaires, une salle de calme, des protections auditives ainsi que des cordons et des signes distinctifs (sur demande) permettant d\u2019identifier les personnes qui ont un handicap invisible.<\/span><\/p>\n<p><span style=\"font-size: 12pt\"><strong>Regardez la <\/strong><a href=\"https:\/\/www.youtube.com\/watch?v=DxAtLKbCKVY\"><strong>vid\u00e9o<\/strong><\/a><strong> pour d\u00e9couvrir ce qui fait de l&rsquo;Aquarium national de Malte un espace adapt\u00e9 aux personnes autistes<\/strong><\/span><\/p>\n<p><span style=\"font-size: 12pt\">D&rsquo;autres espaces certifi\u00e9s comme \u00e9tant adapt\u00e9s \u00e0 l&rsquo;autisme sont le <a href=\"https:\/\/heritagemalta.org\/accessibility-2\/\">Mus\u00e9e national d&rsquo;histoire naturelle et le Mus\u00e9e national d&rsquo;arch\u00e9ologie de Malte<\/a>. Les prix r\u00e9compensant les <a href=\"https:\/\/heritagemalta.org\/autism-friendly-measures-introduced-at-two-hm-museums\/\">espaces adapt\u00e9s \u00e0 l&rsquo;autisme ont \u00e9t\u00e9 re\u00e7us dans les locaux de ce dernier<\/a>. Les mus\u00e9es proposent des sc\u00e9narios sociaux (cliquer <a href=\"https:\/\/heritagemalta.org\/wp-content\/uploads\/2022\/01\/nmnh-social-story.pdf\">ici<\/a> pour le mus\u00e9e d&rsquo;histoire naturelle et <a href=\"https:\/\/heritagemalta.org\/wp-content\/uploads\/2022\/01\/nma_social_story-8.pdf\">ici<\/a> pour le mus\u00e9e d&rsquo;arch\u00e9ologie) et des cartes sensorielles (cliquer <a href=\"https:\/\/heritagemalta.org\/wp-content\/uploads\/2022\/01\/nma-sensory-map.pdf\">ici<\/a> pour le mus\u00e9e d&rsquo;arch\u00e9ologie et <a href=\"https:\/\/heritagemalta.org\/wp-content\/uploads\/2022\/01\/nmnh-sensory-map.pdf\">ici<\/a> pour le mus\u00e9e d&rsquo;histoire naturelle) visant \u00e0 faciliter les visites des personnes autistes et\/ou des visiteurs ayant des troubles sensoriels<\/span><\/p>\n<p><span style=\"font-size: 12pt\"><strong>Regardez <\/strong><a href=\"https:\/\/www.youtube.com\/watch?v=Z3OQ4nlZOyk\"><strong>la vid\u00e9o<\/strong><\/a><strong> pour d\u00e9couvrir ce qui fait du <\/strong><a href=\"https:\/\/heritagemalta.org\/autism-friendly-measures-introduced-at-two-hm-museums\/\"><strong>Mus\u00e9e national d&rsquo;histoire naturelle et du Mus\u00e9e national d&rsquo;arch\u00e9ologie de Malte<\/strong><\/a><strong> des espaces amis de l\u2019autisme.<\/strong><\/span><\/p>\n<p><span style=\"font-size: 12pt\">Les quatre autres espaces adapt\u00e9s \u00e0 l&rsquo;autisme sont le <a href=\"https:\/\/www.youtube.com\/watch?v=vukFwm7dRO0\">centre scientifique interactif Esplora<\/a>, qui propose des <a href=\"https:\/\/esplora.org.mt\/sensory-friendly-hours\/\">cr\u00e9neaux horaires adapt\u00e9s sur le plan sensoriel<\/a>, le plus grand magasin de chaussures de Malte <a href=\"https:\/\/www.youtube.com\/watch?v=A0R7R2F5lZI\">Gallarija Darmanin<\/a>, le festival \u017bigu\u017bajg et le groupe <a href=\"https:\/\/www.youtube.com\/watch?v=A0R7R2F5lZI\">Eden Cinemas<\/a>.<\/span><\/p>\n<p><span style=\"font-size: 12pt\"><strong>Pourquoi d\u00e9cerner un prix ?<\/strong><\/span><\/p>\n<p><span style=\"font-size: 12pt\">Ces prix font partie du <a href=\"https:\/\/autismfriendlyspaces.eu\/\">projet Autism-friendly Spaces (AFS)<\/a> coordonn\u00e9 par Prisms Malta, en collaboration avec Autisme-Europe, Agenzija Zghazagh, la Commission des droits des personnes handicap\u00e9es de Malte, Learning Designers d&rsquo;Espagne et la Macedonian Scientific Society for Autism de Mac\u00e9doine du Nord. Le projet est financ\u00e9 par les fonds Erasmus+ de l&rsquo;Union europ\u00e9enne<\/span><\/p>\n<p><span style=\"font-size: 12pt\"><a href=\"https:\/\/www.autismeurope.org\/eu-project-afs-autism-friendly-spaces-2019-2022\/\"><strong>En savoir plus sur le projet Autism-friendly Spaces<\/strong><\/a><\/span><\/p>\n","protected":false},"excerpt":{"rendered":"<p>Le 18 janvier 2022, huit espaces \u00e0 Malte ont \u00e9t\u00e9 certifi\u00e9s comme \u00e9tant adapt\u00e9s \u00e0 l&rsquo;autisme par l&rsquo;organisation non gouvernementale locale Prism Malta, en collaboration avec la Commission maltaise pour &hellip; <\/p>\n<p class=\"link-more\"><a href=\"https:\/\/www.autismeurope.org\/fr\/blog\/2022\/01\/19\/huit-espaces-accredites-amis-de-lautisme-a-malte\/\" class=\"more-link\">Continue reading<span class=\"screen-reader-text\"> \u00ab\u00a0Huit espaces accr\u00e9dit\u00e9s amis de l\u2019autisme \u00e0 Malte\u00a0\u00bb<\/span><\/a><\/p>\n","protected":false},"author":32,"featured_media":46529,"comment_status":"closed","ping_status":"closed","sticky":false,"template":"","format":"standard","meta":{"_acf_changed":false,"_bbp_topic_count":0,"_bbp_reply_count":0,"_bbp_total_topic_count":0,"_bbp_total_reply_count":0,"_bbp_voice_count":0,"_bbp_anonymous_reply_count":0,"_bbp_topic_count_hidden":0,"_bbp_reply_count_hidden":0,"_bbp_forum_subforum_count":0,"footnotes":""},"categories":[95],"tags":[],"class_list":["post-46604","post","type-post","status-publish","format-standard","has-post-thumbnail","hentry","category-news-fr"],"acf":[],"_links":{"self":[{"href":"https:\/\/www.autismeurope.org\/fr\/wp-json\/wp\/v2\/posts\/46604","targetHints":{"allow":["GET"]}}],"collection":[{"href":"https:\/\/www.autismeurope.org\/fr\/wp-json\/wp\/v2\/posts"}],"about":[{"href":"https:\/\/www.autismeurope.org\/fr\/wp-json\/wp\/v2\/types\/post"}],"author":[{"embeddable":true,"href":"https:\/\/www.autismeurope.org\/fr\/wp-json\/wp\/v2\/users\/32"}],"replies":[{"embeddable":true,"href":"https:\/\/www.autismeurope.org\/fr\/wp-json\/wp\/v2\/comments?post=46604"}],"version-history":[{"count":2,"href":"https:\/\/www.autismeurope.org\/fr\/wp-json\/wp\/v2\/posts\/46604\/revisions"}],"predecessor-version":[{"id":46606,"href":"https:\/\/www.autismeurope.org\/fr\/wp-json\/wp\/v2\/posts\/46604\/revisions\/46606"}],"wp:featuredmedia":[{"embeddable":true,"href":"https:\/\/www.autismeurope.org\/fr\/wp-json\/wp\/v2\/media\/46529"}],"wp:attachment":[{"href":"https:\/\/www.autismeurope.org\/fr\/wp-json\/wp\/v2\/media?parent=46604"}],"wp:term":[{"taxonomy":"category","embeddable":true,"href":"https:\/\/www.autismeurope.org\/fr\/wp-json\/wp\/v2\/categories?post=46604"},{"taxonomy":"post_tag","embeddable":true,"href":"https:\/\/www.autismeurope.org\/fr\/wp-json\/wp\/v2\/tags?post=46604"}],"curies":[{"name":"wp","href":"https:\/\/api.w.org\/{rel}","templated":true}]}}