{"id":4664,"date":"2016-12-20T17:04:14","date_gmt":"2016-12-20T16:04:14","guid":{"rendered":"http:\/\/www.autismeurope.org\/fr\/?p=4664"},"modified":"2018-08-13T15:07:39","modified_gmt":"2018-08-13T13:07:39","slug":"eurocarers-salue-lappel-a-investissement-dans-les-services-de-prise-en-charge-dans-l-examen-annuel-de-la-croissance-2017","status":"publish","type":"post","link":"https:\/\/www.autismeurope.org\/fr\/blog\/2016\/12\/20\/eurocarers-salue-lappel-a-investissement-dans-les-services-de-prise-en-charge-dans-l-examen-annuel-de-la-croissance-2017\/","title":{"rendered":"Eurocarers salue l\u2019appel \u00e0 investissement dans les services de prise en charge"},"content":{"rendered":"<blockquote><p><strong><span style=\"font-size: 12pt\"><em>Eurocarers<\/em>, une association europ\u00e9enne travaillant pour et avec des soignants du secteur informel, salue vivement l\u2019appel de la Commission europ\u00e9enne exhortant les Etats membres \u00e0 poursuivre leurs investissements dans des services de prise en charge et de sant\u00e9 accessibles et exhaustifs. <em>Eurocarers<\/em> salue \u00e9galement la suggestion de la Commission de prendre en compte le travail des aidants dans le \u00a0calcul des pensions\/retraite tel qu\u2019annonc\u00e9 dans\u00a0<a href=\"https:\/\/ec.europa.eu\/info\/sites\/info\/files\/2017-european-semester-annual-growth-survey_fr_0.pdf\" target=\"_blank\" rel=\"noopener\">\u00a0l\u2019Examen annuel de la Croissance 2017<\/a>.<\/span><\/strong><\/p><\/blockquote>\n<p><span style=\"font-size: 12pt\">Selon une \u00e9tude r\u00e9cente, les aidants informels \u00e0 travers l\u2019UE fournissent plus de 80% de l\u2019ensemble des soins\u00a0; les femmes contribuant aux deux tiers. Les aidants font d\u00e8s lors partie int\u00e9grante et indispensable de la prestation, de l\u2019organisation et de la durabilit\u00e9 des syst\u00e8mes de soins de sant\u00e9 et d\u2019aide sociale en Europe. N\u00e9anmoins, la prise en charge, \u00e0 d\u00e9faut d\u2019\u00eatre ad\u00e9quatement soutenue, peut avoir de lourdes cons\u00e9quences chez les aidants. <\/span><\/p>\n<p><span style=\"font-size: 12pt\">Elle peut compromettre l\u2019\u00e9quilibre entre l\u2019exercice d\u2019un travail r\u00e9mun\u00e9r\u00e9 et les responsabilit\u00e9s li\u00e9es \u00e0 la prise en charge. Elle peut avoir un impact sur la sant\u00e9 physique et mentale des aidants, g\u00e9n\u00e9rer des difficult\u00e9s financi\u00e8res et de la pr\u00e9carit\u00e9, en raison des coupures dans le secteur social et dans les frais directs li\u00e9s aux soins. Les avanc\u00e9es dans le domaine de la m\u00e9decine impliquent \u00e9galement que les aidants devront fournir des soins de plus en plus sophistiqu\u00e9s, sans aucune formation et un minimum de soutien.<\/span><\/p>\n<blockquote><p><span style=\"font-size: 12pt\"><strong><a href=\"https:\/\/www.eurocarers.org\/Eurocarers-welcomes-the-call-for-investment-in-care-services-in-the-Annual-Growth-Survey-2017\" target=\"_blank\" rel=\"noopener\">En savoir plus <\/a><\/strong><\/span><\/p>\n<p><span style=\"font-size: 12pt\"><strong><a href=\"https:\/\/ec.europa.eu\/info\/sites\/info\/files\/2017-european-semester-annual-growth-survey_fr_0.pdf\" target=\"_blank\" rel=\"noopener\">T\u00e9l\u00e9charger l\u2019Examen annuel de croissance 2017<\/a><\/strong><\/span><\/p><\/blockquote>\n","protected":false},"excerpt":{"rendered":"<p>Eurocarers, une association europ\u00e9enne travaillant pour et avec des soignants du secteur informel, salue vivement l\u2019appel de la Commission europ\u00e9enne exhortant les Etats membres \u00e0 poursuivre leurs investissements dans des &hellip; <\/p>\n<p class=\"link-more\"><a href=\"https:\/\/www.autismeurope.org\/fr\/blog\/2016\/12\/20\/eurocarers-salue-lappel-a-investissement-dans-les-services-de-prise-en-charge-dans-l-examen-annuel-de-la-croissance-2017\/\" class=\"more-link\">Continue reading<span class=\"screen-reader-text\"> \u00ab\u00a0Eurocarers salue l\u2019appel \u00e0 investissement dans les services de prise en charge\u00a0\u00bb<\/span><\/a><\/p>\n","protected":false},"author":32,"featured_media":3392,"comment_status":"closed","ping_status":"closed","sticky":false,"template":"","format":"standard","meta":{"_acf_changed":false,"_bbp_topic_count":0,"_bbp_reply_count":0,"_bbp_total_topic_count":0,"_bbp_total_reply_count":0,"_bbp_voice_count":0,"_bbp_anonymous_reply_count":0,"_bbp_topic_count_hidden":0,"_bbp_reply_count_hidden":0,"_bbp_forum_subforum_count":0,"footnotes":""},"categories":[95],"tags":[2770,2698,2773],"class_list":["post-4664","post","type-post","status-publish","format-standard","has-post-thumbnail","hentry","category-news-fr","tag-actions-por-le-bien-etre","tag-institutions-europeennes","tag-partenariats-et-reseaux-europeens"],"acf":[],"_links":{"self":[{"href":"https:\/\/www.autismeurope.org\/fr\/wp-json\/wp\/v2\/posts\/4664","targetHints":{"allow":["GET"]}}],"collection":[{"href":"https:\/\/www.autismeurope.org\/fr\/wp-json\/wp\/v2\/posts"}],"about":[{"href":"https:\/\/www.autismeurope.org\/fr\/wp-json\/wp\/v2\/types\/post"}],"author":[{"embeddable":true,"href":"https:\/\/www.autismeurope.org\/fr\/wp-json\/wp\/v2\/users\/32"}],"replies":[{"embeddable":true,"href":"https:\/\/www.autismeurope.org\/fr\/wp-json\/wp\/v2\/comments?post=4664"}],"version-history":[{"count":3,"href":"https:\/\/www.autismeurope.org\/fr\/wp-json\/wp\/v2\/posts\/4664\/revisions"}],"predecessor-version":[{"id":27355,"href":"https:\/\/www.autismeurope.org\/fr\/wp-json\/wp\/v2\/posts\/4664\/revisions\/27355"}],"wp:featuredmedia":[{"embeddable":true,"href":"https:\/\/www.autismeurope.org\/fr\/wp-json\/wp\/v2\/media\/3392"}],"wp:attachment":[{"href":"https:\/\/www.autismeurope.org\/fr\/wp-json\/wp\/v2\/media?parent=4664"}],"wp:term":[{"taxonomy":"category","embeddable":true,"href":"https:\/\/www.autismeurope.org\/fr\/wp-json\/wp\/v2\/categories?post=4664"},{"taxonomy":"post_tag","embeddable":true,"href":"https:\/\/www.autismeurope.org\/fr\/wp-json\/wp\/v2\/tags?post=4664"}],"curies":[{"name":"wp","href":"https:\/\/api.w.org\/{rel}","templated":true}]}}