{"id":4673,"date":"2016-12-08T14:31:07","date_gmt":"2016-12-08T13:31:07","guid":{"rendered":"http:\/\/www.autismeurope.org\/fr\/?p=4673"},"modified":"2018-08-13T15:10:28","modified_gmt":"2018-08-13T13:10:28","slug":"lancement-officiel-du-corps-europeen-de-solidarite","status":"publish","type":"post","link":"https:\/\/www.autismeurope.org\/fr\/blog\/2016\/12\/08\/lancement-officiel-du-corps-europeen-de-solidarite\/","title":{"rendered":"Lancement officiel du corps europ\u00e9en de solidarit\u00e9"},"content":{"rendered":"<p><img loading=\"lazy\" decoding=\"async\" class=\"aligncenter size-full wp-image-3407\" src=\"http:\/\/autismeurope.akimedia.eu\/wp-content\/uploads\/2016\/12\/ESC.jpg\" alt=\"\" width=\"720\" height=\"204\" srcset=\"https:\/\/www.autismeurope.org\/wp-content\/uploads\/2016\/12\/ESC.jpg 720w, https:\/\/www.autismeurope.org\/wp-content\/uploads\/2016\/12\/ESC-300x85.jpg 300w\" sizes=\"auto, (max-width: 720px) 100vw, 720px\" \/><\/p>\n<blockquote><p><strong><span style=\"font-size: 12pt\">Le 7 d\u00e9cembre 2016, la Commission europ\u00e9enne a officiellement lanc\u00e9 son nouveau \u00ab\u00a0corps europ\u00e9en de solidarit\u00e9\u00a0\u00bb, une initiative qui vise \u00e0 donner aux jeunes la possibilit\u00e9 de se porter volontaires ou de travailler dans le cadre de projets men\u00e9s dans leur pays ou \u00e0 l\u2019\u00e9tranger en vue d\u2019aider des communaut\u00e9s et des personnes dans toutes l\u2019Europe.<\/span><\/strong><\/p><\/blockquote>\n<p><span style=\"font-size: 12pt\">Kristalina Georgieva, vice-pr\u00e9sidente du la Commission europ\u00e9enne, a officiellement lanc\u00e9 l\u2019initiative, aux c\u00f4t\u00e9s de la commissaire Marianne Thyssen et des repr\u00e9sentants du corps de solidarit\u00e9. Les parties prenantes, dont faisait partie Autisme-Europe, ont particip\u00e9 \u00e0 l\u2019\u00e9v\u00e9nement en diss\u00e9minant de l\u2019information et de la documentation.<\/span><\/p>\n<p><span style=\"font-size: 12pt\">Pourront participer aux projets du corps europ\u00e9en de solidarit\u00e9 les personnes \u00e2g\u00e9es entre 18 et 30 ans. La Commission a annonc\u00e9 que les missions aupr\u00e8s des personnes handicap\u00e9es seront couvertes par le programme.<\/span><\/p>\n<p><span style=\"font-size: 12pt\">En 2017, des organisations de toute l\u2019Europe pourront proposer des projets d\u2019une dur\u00e9e de 2 \u00e0 12 mois. Les organisations pourront \u00eatre de toutes tailles, des grandes entreprises multinationales jusqu\u2019aux petites ONG actives au sein d\u2019une communaut\u00e9 locale.<\/span><\/p>\n<p><span style=\"font-size: 12pt\">Pour \u00eatre \u00e9ligibles, ces organisations devront mener des projets de solidarit\u00e9. Pour ceux \u00e9tant en phase avec la mission et les principes du corps europ\u00e9en de solidarit\u00e9, elles pourront introduire une demande de financement ou de soutien. D\u00e8s que les projets seront approuv\u00e9s, ces organisations auront acc\u00e8s au pool de participants parmi lesquels elles pourront s\u00e9lectionner les plus comp\u00e9tents selon le\u00a0 projet concern\u00e9. Elles pourront ensuite contacter les recrues potentielles avant de poser un choix final.<\/span><\/p>\n<p><span style=\"font-size: 12pt\">Toutes les organisations seront soumises \u00e0 des contr\u00f4les avant d\u2019\u00eatre accr\u00e9dit\u00e9es \u00e0 mener des projets pour le Corps europ\u00e9en de solidarit\u00e9 et d\u2019\u00eatre autoris\u00e9es \u00e0 rechercher et recruter des participants pour leurs projets. Les organisations devront aussi adh\u00e9rer \u00e0 la <a href=\"https:\/\/europa.eu\/youth\/solidarity\/charter_en\" target=\"_blank\" rel=\"noopener\">Charte du corps europ\u00e9en de solidarit\u00e9<\/a>.<\/span><\/p>\n<blockquote><p><span style=\"font-size: 12pt\"><strong><a href=\"https:\/\/europa.eu\/youth\/solidarity\" target=\"_blank\" rel=\"noopener\">En savoir plus<\/a><\/strong><\/span><\/p><\/blockquote>\n","protected":false},"excerpt":{"rendered":"<p>Le 7 d\u00e9cembre 2016, la Commission europ\u00e9enne a officiellement lanc\u00e9 son nouveau \u00ab\u00a0corps europ\u00e9en de solidarit\u00e9\u00a0\u00bb, une initiative qui vise \u00e0 donner aux jeunes la possibilit\u00e9 de se porter volontaires &hellip; <\/p>\n<p class=\"link-more\"><a href=\"https:\/\/www.autismeurope.org\/fr\/blog\/2016\/12\/08\/lancement-officiel-du-corps-europeen-de-solidarite\/\" class=\"more-link\">Continue reading<span class=\"screen-reader-text\"> \u00ab\u00a0Lancement officiel du corps europ\u00e9en de solidarit\u00e9\u00a0\u00bb<\/span><\/a><\/p>\n","protected":false},"author":32,"featured_media":3405,"comment_status":"closed","ping_status":"closed","sticky":false,"template":"","format":"standard","meta":{"_acf_changed":false,"_bbp_topic_count":0,"_bbp_reply_count":0,"_bbp_total_topic_count":0,"_bbp_total_reply_count":0,"_bbp_voice_count":0,"_bbp_anonymous_reply_count":0,"_bbp_topic_count_hidden":0,"_bbp_reply_count_hidden":0,"_bbp_forum_subforum_count":0,"footnotes":""},"categories":[95],"tags":[2774,2698,2771,2699,2772],"class_list":["post-4673","post","type-post","status-publish","format-standard","has-post-thumbnail","hentry","category-news-fr","tag-evenements-et-formations","tag-institutions-europeennes","tag-plaidoyer","tag-projets-europeens","tag-sensibilisation"],"acf":[],"_links":{"self":[{"href":"https:\/\/www.autismeurope.org\/fr\/wp-json\/wp\/v2\/posts\/4673","targetHints":{"allow":["GET"]}}],"collection":[{"href":"https:\/\/www.autismeurope.org\/fr\/wp-json\/wp\/v2\/posts"}],"about":[{"href":"https:\/\/www.autismeurope.org\/fr\/wp-json\/wp\/v2\/types\/post"}],"author":[{"embeddable":true,"href":"https:\/\/www.autismeurope.org\/fr\/wp-json\/wp\/v2\/users\/32"}],"replies":[{"embeddable":true,"href":"https:\/\/www.autismeurope.org\/fr\/wp-json\/wp\/v2\/comments?post=4673"}],"version-history":[{"count":3,"href":"https:\/\/www.autismeurope.org\/fr\/wp-json\/wp\/v2\/posts\/4673\/revisions"}],"predecessor-version":[{"id":27359,"href":"https:\/\/www.autismeurope.org\/fr\/wp-json\/wp\/v2\/posts\/4673\/revisions\/27359"}],"wp:featuredmedia":[{"embeddable":true,"href":"https:\/\/www.autismeurope.org\/fr\/wp-json\/wp\/v2\/media\/3405"}],"wp:attachment":[{"href":"https:\/\/www.autismeurope.org\/fr\/wp-json\/wp\/v2\/media?parent=4673"}],"wp:term":[{"taxonomy":"category","embeddable":true,"href":"https:\/\/www.autismeurope.org\/fr\/wp-json\/wp\/v2\/categories?post=4673"},{"taxonomy":"post_tag","embeddable":true,"href":"https:\/\/www.autismeurope.org\/fr\/wp-json\/wp\/v2\/tags?post=4673"}],"curies":[{"name":"wp","href":"https:\/\/api.w.org\/{rel}","templated":true}]}}