{"id":46944,"date":"2022-07-08T14:25:33","date_gmt":"2022-07-08T12:25:33","guid":{"rendered":"https:\/\/www.autismeurope.org\/fr\/?p=46944"},"modified":"2022-07-08T14:25:33","modified_gmt":"2022-07-08T12:25:33","slug":"gagnant-du-concours-dart-autismday2022","status":"publish","type":"post","link":"https:\/\/www.autismeurope.org\/fr\/blog\/2022\/07\/08\/gagnant-du-concours-dart-autismday2022\/","title":{"rendered":"Gagnant du concours d&rsquo;art #AutismDay2022"},"content":{"rendered":"<blockquote><p><span style=\"font-size: 12pt\"><strong>En 2022, Autisme-Europe a lanc\u00e9 un concours artistique pour donner aux personnes autistes la possibilit\u00e9 de montrer par l&rsquo;art ce que le bonheur signifie pour elles. Nous tenons \u00e0 remercier tous ceux qui nous ont soumis leurs \u0153uvres d\u2019art ! Il a \u00e9t\u00e9 difficile de faire un choix parmi toutes les soumissions. Cependant, nous sommes heureux d&rsquo;annoncer le gagnant : David McLaughlin pour ses magnifiques peintures. Nous avons \u00e9galement d\u00e9cid\u00e9 de mettre en avant deux autres concurrents dont les \u0153uvres sont remarquables.<\/strong><\/span><\/p><\/blockquote>\n<p><span style=\"font-size: 12pt\">AE a demand\u00e9 aux participants d&rsquo;expliquer leur \u0153uvre d&rsquo;art afin de mieux comprendre les sentiments, les pens\u00e9es et les r\u00e9flexions qu&rsquo;ils souhaitaient transmettre. Vous pouvez lire ci-dessous le message de responsabilisation que David a partag\u00e9 concernant ses peintures :<\/span><\/p>\n<p><span style=\"font-size: 12pt\"><strong>\u00ab\u00a0Tournesol<\/strong> <strong>et Papillons\u00a0\u00bb<\/strong> pour \u00e9gayer votre journ\u00e9e ; nous sommes n\u00e9s pour fleurir et rayonner de couleurs au cours de notre heureux voyage dans la vie !<\/span><\/p>\n<p><span style=\"font-size: 12pt\"><strong>\u00ab\u00a0Firery Kiss on an Autumn&rsquo;s Day\u00a0\u00bb (Baiser de feu un jour d\u2019automne)<\/strong> pour nous rappeler d&rsquo;aimer et d&rsquo;accepter l&rsquo;amour ; nous sommes n\u00e9s pour d\u00e9velopper des relations positives les uns avec les autres pour un voyage heureux dans la vie !<\/span><\/p>\n<p><span style=\"font-size: 12pt\"><strong>\u00ab\u00a0Ireland <\/strong><strong>\ud83c\uddee\ud83c\uddea<\/strong><strong>: The Emerald Isle\u00a0\u00bb (Irlande\u00a0: L\u2019\u00eele d\u2019Emeraude) <\/strong>pour souligner nos droits de l&rsquo;homme et notre droit \u00e0 l&rsquo;\u00e9galit\u00e9 des chances ; nous sommes n\u00e9s avec un d\u00e9sir de libert\u00e9 et d&rsquo;ind\u00e9pendance pour choisir notre propre parcours heureux dans la vie !<\/span><\/p>\n<p><span style=\"font-size: 12pt\">AE a re\u00e7u beaucoup de belles \u0153uvres artistiques c&rsquo;est pourquoi nous aimerions \u00e9galement mettre en avant les deuxi\u00e8me et troisi\u00e8me laur\u00e9ats. La deuxi\u00e8me place revient \u00e0 <strong>Ines Lobo<\/strong>, qui s\u2019est exprim\u00e9e en ces mots\u00a0: \u00ab\u00a0<em>Les choses qui me passionnent le plus sont les voyages et la nature, que ce soit ici ou \u00e0 travers le monde<\/em>\u00a0\u00bb. Ses photos illustrent magnifiquement ce que le bonheur signifie pour l&rsquo;artiste et invitent notre esprit \u00e0 parcourir le monde. Vous pouvez les voir ici.\u00a0 <em>\u00a0<\/em><\/span><\/p>\n<p><span style=\"font-size: 12pt\"><strong>Alina Kunhel<\/strong> obtient une bonne troisi\u00e8me place avec sa peinture qui est source d&rsquo;inspiration et le reflet de son histoire personnelle.<\/span><\/p>\n<p><span style=\"font-size: 12pt\">\u00ab\u00a0<em>La peinture intitul\u00e9e <strong>\u00ab\u00a0Broken\u00a0\u00bb (bris\u00e9)<\/strong> (acrylique sur toile) symbolise le sentiment d&rsquo;\u00eatre bris\u00e9 et d\u00e9chir\u00e9 entre l&rsquo;envie de se conformer et la joie d&rsquo;\u00eatre unique, tels que nous sommes. Bien que l&rsquo;on se sente bris\u00e9, il existe des filaments d&rsquo;espoir, qui sont peut-\u00eatre dissimul\u00e9s<\/em>\u00a0\u00bb. Vous pouvez admirer sa peinture ici.<\/span><\/p>\n<p><span style=\"font-size: 12pt\">Merci encore \u00e0 tous les artistes autistes qui ont particip\u00e9 au concours d&rsquo;art !<\/span><\/p>\n","protected":false},"excerpt":{"rendered":"<p>En 2022, Autisme-Europe a lanc\u00e9 un concours artistique pour donner aux personnes autistes la possibilit\u00e9 de montrer par l&rsquo;art ce que le bonheur signifie pour elles. Nous tenons \u00e0 remercier &hellip; <\/p>\n<p class=\"link-more\"><a href=\"https:\/\/www.autismeurope.org\/fr\/blog\/2022\/07\/08\/gagnant-du-concours-dart-autismday2022\/\" class=\"more-link\">Continue reading<span class=\"screen-reader-text\"> \u00ab\u00a0Gagnant du concours d&rsquo;art #AutismDay2022\u00a0\u00bb<\/span><\/a><\/p>\n","protected":false},"author":32,"featured_media":46760,"comment_status":"closed","ping_status":"closed","sticky":false,"template":"","format":"standard","meta":{"_acf_changed":false,"_bbp_topic_count":0,"_bbp_reply_count":0,"_bbp_total_topic_count":0,"_bbp_total_reply_count":0,"_bbp_voice_count":0,"_bbp_anonymous_reply_count":0,"_bbp_topic_count_hidden":0,"_bbp_reply_count_hidden":0,"_bbp_forum_subforum_count":0,"footnotes":""},"categories":[95],"tags":[],"class_list":["post-46944","post","type-post","status-publish","format-standard","has-post-thumbnail","hentry","category-news-fr"],"acf":[],"_links":{"self":[{"href":"https:\/\/www.autismeurope.org\/fr\/wp-json\/wp\/v2\/posts\/46944","targetHints":{"allow":["GET"]}}],"collection":[{"href":"https:\/\/www.autismeurope.org\/fr\/wp-json\/wp\/v2\/posts"}],"about":[{"href":"https:\/\/www.autismeurope.org\/fr\/wp-json\/wp\/v2\/types\/post"}],"author":[{"embeddable":true,"href":"https:\/\/www.autismeurope.org\/fr\/wp-json\/wp\/v2\/users\/32"}],"replies":[{"embeddable":true,"href":"https:\/\/www.autismeurope.org\/fr\/wp-json\/wp\/v2\/comments?post=46944"}],"version-history":[{"count":1,"href":"https:\/\/www.autismeurope.org\/fr\/wp-json\/wp\/v2\/posts\/46944\/revisions"}],"predecessor-version":[{"id":46945,"href":"https:\/\/www.autismeurope.org\/fr\/wp-json\/wp\/v2\/posts\/46944\/revisions\/46945"}],"wp:featuredmedia":[{"embeddable":true,"href":"https:\/\/www.autismeurope.org\/fr\/wp-json\/wp\/v2\/media\/46760"}],"wp:attachment":[{"href":"https:\/\/www.autismeurope.org\/fr\/wp-json\/wp\/v2\/media?parent=46944"}],"wp:term":[{"taxonomy":"category","embeddable":true,"href":"https:\/\/www.autismeurope.org\/fr\/wp-json\/wp\/v2\/categories?post=46944"},{"taxonomy":"post_tag","embeddable":true,"href":"https:\/\/www.autismeurope.org\/fr\/wp-json\/wp\/v2\/tags?post=46944"}],"curies":[{"name":"wp","href":"https:\/\/api.w.org\/{rel}","templated":true}]}}